{"id":87974,"date":"2024-04-11T09:19:16","date_gmt":"2024-04-11T12:19:16","guid":{"rendered":"https:\/\/catolicanet.net\/wp-cnet\/?p=87974"},"modified":"2024-04-11T16:21:31","modified_gmt":"2024-04-11T19:21:31","slug":"o-papa-como-jesus-aproximar-se-de-quem-sofre-com-compaixao-e-inclusao","status":"publish","type":"post","link":"https:\/\/catolicanet.net\/wp-cnet\/o-papa-como-jesus-aproximar-se-de-quem-sofre-com-compaixao-e-inclusao\/","title":{"rendered":"O Papa: como Jesus, aproximar-se de quem sofre com compaix\u00e3o e inclus\u00e3o"},"content":{"rendered":"<figure class=\"article__image\" style=\"text-align: justify;\"><span class=\"didascalia_img\">O Papa com os participantes da plen\u00e1ria da Pontif\u00edcia Comiss\u00e3o B\u00edblica\u00a0 (VATICAN MEDIA Divisione Foto)<\/span><\/figure>\n<div class=\"article__meta audioInside\" data-mediatype=\"\">\n<div class=\"article__subTitle\" style=\"text-align: justify;\">O Papa recebeu os participantes da plen\u00e1ria da Pontif\u00edcia Comiss\u00e3o B\u00edblica. A prop\u00f3sito do tema abordado pelos participantes A doen\u00e7a e o sofrimento na B\u00edblia, Francisco sublinhou que &#8220;a dor e a enfermidade, \u00e0 luz da f\u00e9, podem se tornar fatores decisivos num percurso de amadurecimento&#8221;.<\/div>\n<div class=\"title__separator\" style=\"text-align: justify;\"><\/div>\n<div class=\"article__text\">\n<p style=\"text-align: justify;\"><b>Vatican News<\/b><\/p>\n<p style=\"text-align: justify;\">O Papa Francisco recebeu em audi\u00eancia os participantes da plen\u00e1ria da Pontif\u00edcia Comiss\u00e3o B\u00edblica, na manh\u00e3 desta quinta-feira (11\/04), na Sala do Consist\u00f3rio, no Vaticano.<\/p>\n<div style=\"text-align: justify;\">\n<div class=\"article__embed article__embed--unwrap article__embed--dark\">\n<div class=\"article__innerTitle\">Ou\u00e7a e compartilhe<\/div>\n<div>\n<!--[if lt IE 9]><script>document.createElement('audio');<\/script><![endif]-->\n<audio class=\"wp-audio-shortcode\" id=\"audio-87974-1\" preload=\"none\" style=\"width: 100%;\" controls=\"controls\"><source type=\"audio\/mpeg\" src=\"https:\/\/media.vaticannews.va\/media\/audio\/s1\/2024\/04\/11\/12\/137903363_F137903363.mp3?_=1\" \/><a href=\"https:\/\/media.vaticannews.va\/media\/audio\/s1\/2024\/04\/11\/12\/137903363_F137903363.mp3\">https:\/\/media.vaticannews.va\/media\/audio\/s1\/2024\/04\/11\/12\/137903363_F137903363.mp3<\/a><\/audio>\n<\/div>\n<\/div>\n<\/div>\n<p style=\"text-align: justify;\">Em seu discurso, Francisco citou o tema abordado pelos participantes durante a plen\u00e1ria, um tema &#8220;fortemente existencial&#8221;:\u00a0<i>A doen\u00e7a e o sofrimento na B\u00edblia<\/i>. De acordo com o Pont\u00edfice, &#8220;o sofrimento e a doen\u00e7a s\u00e3o advers\u00e1rios a serem enfrentados, mas \u00e9 importante faz\u00ea-lo de maneira\u00a0<i>digna do homem<\/i>, de maneira humana&#8221;.<\/p>\n<h2 style=\"text-align: justify;\">Dor e enfermidade,\u00a0percurso de amadurecimento<\/h2>\n<p style=\"text-align: justify;\">Segundo o Papa, &#8220;remov\u00ea-los, reduzindo-os a\u00a0<i>tabus<\/i>\u00a0dos quais \u00e9 melhor n\u00e3o falar, talvez porque prejudicam aquela imagem de efici\u00eancia a todo custo, \u00fatil para vender e ganhar, certamente esta n\u00e3o \u00e9 uma solu\u00e7\u00e3o. Todos vacilamos sob o peso destas experi\u00eancias e devemos nos ajudar a super\u00e1-las, vivendo-as\u00a0<i>em rela\u00e7\u00e3o<\/i>, sem nos fecharmos em n\u00f3s mesmos e sem que a rebeli\u00e3o leg\u00edtima se transforme em isolamento, abandono ou desespero&#8221;.<\/p>\n<p style=\"text-align: justify;\">&#8220;Sabemos, tamb\u00e9m pelo testemunho de muitos irm\u00e3os e irm\u00e3s, que a dor e a enfermidade, \u00e0 luz da f\u00e9, podem se tornar fatores decisivos num percurso de amadurecimento: o &#8220;crivo do sofrimento&#8221; de fato permite discernir o que \u00e9 essencial do que n\u00e3o \u00e9&#8221;, disse ainda Francisco.<\/p>\n<h2 style=\"text-align: justify;\">A compaix\u00e3o leva \u00e0 proximidade<\/h2>\n<p style=\"text-align: justify;\">Segundo o Papa, &#8220;\u00e9 o exemplo de Jesus que mostra o caminho&#8221;, pois &#8220;ele nos exorta a cuidar de quem vive em situa\u00e7\u00f5es de enfermidade, com a determina\u00e7\u00e3o de vencer a doen\u00e7a; ao mesmo tempo, Ele nos convida a unir os nossos sofrimentos \u00e0 sua oferta salv\u00edfica, como uma semente que d\u00e1 fruto&#8221;. A seguir, o Papa prop\u00f4s duas palavras decisivas:\u00a0<i>compaix\u00e3o e inclus\u00e3o<\/i>.<\/p>\n<p style=\"text-align: justify;\"><i>A compaix\u00e3o indica a atitude recorrente e caracter\u00edstica do Senhor em rela\u00e7\u00e3o \u00e0s pessoas fr\u00e1geis e necessitadas que Ele encontra. Essa compaix\u00e3o se manifesta como proximidade e leva Jesus a se identificar com os sofredores: &#8220;Eu estava doente, e cuidaram de mim&#8221;. Compaix\u00e3o que leva \u00e0 proximidade.<\/i><\/p>\n<p style=\"text-align: justify;\">De acordo com o Pont\u00edfice, &#8220;tudo isso revela um aspecto importante: Jesus\u00a0<i>n\u00e3o<\/i>\u00a0explica o sofrimento, mas\u00a0<i>se inclina<\/i>\u00a0para com os que sofrem. Ele n\u00e3o aborda a dor com incentivos gen\u00e9ricos e consola\u00e7\u00f5es est\u00e9reis, mas acolhe o drama da dor, deixando-se tocar por ele. A Sagrada Escritura \u00e9 iluminadora nesse sentido: n\u00e3o \u00e9 um manual de boas palavras ou um livro de receitas de sentimentos, mas nos mostra<b>\u00a0<\/b>rostos, encontros, hist\u00f3rias concretas. A resposta de Jesus \u00e9 vital, \u00e9 feita de\u00a0<i>compaix\u00e3o<\/i>\u00a0<i>que assume<\/i>\u00a0e que, ao assumir, salva o homem e transfigura sua dor&#8221;.<\/p>\n<h2 style=\"text-align: justify;\">Esp\u00edrito, alma e corpo<\/h2>\n<p style=\"text-align: justify;\">A segunda palavra,\u00a0<i>inclus\u00e3o,\u00a0<\/i>&#8220;expressa bem uma caracter\u00edstica saliente do estilo de Jesus: sua ida em busca do pecador, do perdido, do marginalizado, do estigmatizado, para que sejam acolhidos na casa do Pai. Pensemos nos leprosos: para Jesus ningu\u00e9m deve ser exclu\u00eddo da salva\u00e7\u00e3o de Deus&#8221;. Segundo o Papa, &#8220;a inclus\u00e3o tamb\u00e9m abrange outro aspecto: o Senhor deseja que a pessoa inteira seja curada, esp\u00edrito, alma e corpo. Na verdade, uma cura f\u00edsica do mal seria de pouca utilidade sem uma cura do pecado no cora\u00e7\u00e3o&#8221;.<\/p>\n<p style=\"text-align: justify;\">De acordo com Francisco, &#8220;esta perspectiva de inclus\u00e3o nos leva a atitudes de partilha: Cristo, que andava entre as pessoas fazendo o bem e curando os doentes, ordenou a seus disc\u00edpulos que cuidassem dos doentes e os aben\u00e7oassem em seu nome, partilhando com eles sua miss\u00e3o de consola\u00e7\u00e3o&#8221;.<\/p>\n<h2 style=\"text-align: justify;\">A Igreja \u00e9 chamada a caminhar com todos<\/h2>\n<p style=\"text-align: justify;\"><i>Portanto, por meio da experi\u00eancia do sofrimento e da doen\u00e7a, n\u00f3s, como Igreja, somos chamados a caminhar junto com todos, em solidariedade crist\u00e3 e humana, abrindo oportunidades de di\u00e1logo e esperan\u00e7a em nome da fragilidade comum.<\/i><\/p>\n<p style=\"text-align: justify;\">A par\u00e1bola do Bom Samaritano &#8220;as iniciativas com que se pode refazer uma comunidade a partir de homens e mulheres que assumem como pr\u00f3pria a fragilidade dos outros, n\u00e3o deixam constituir-se uma sociedade de exclus\u00e3o, mas fazem-se pr\u00f3ximos, levantam e reabilitam o ca\u00eddo, para que o bem seja comum a todos&#8221;, concluiu o Papa citando um trecho de sua Enc\u00edclica Fratelli tutti.<\/p>\n<\/div>\n<\/div>\n","protected":false},"excerpt":{"rendered":"<p>O Papa com os participantes da plen\u00e1ria da Pontif\u00edcia Comiss\u00e3o B\u00edblica\u00a0 (VATICAN MEDIA Divisione Foto) O Papa recebeu os participantes da plen\u00e1ria da Pontif\u00edcia Comiss\u00e3o B\u00edblica. A prop\u00f3sito do tema abordado pelos participantes A doen\u00e7a e o sofrimento na B\u00edblia, Francisco sublinhou que &#8220;a dor e a enfermidade, \u00e0 luz da f\u00e9, podem se tornar [&hellip;]<\/p>\n","protected":false},"author":1,"featured_media":87975,"comment_status":"open","ping_status":"closed","sticky":false,"template":"","format":"standard","meta":{"footnotes":""},"categories":[3],"tags":[],"class_list":["post-87974","post","type-post","status-publish","format-standard","has-post-thumbnail","hentry","category-vaticano"],"_links":{"self":[{"href":"https:\/\/catolicanet.net\/wp-cnet\/wp-json\/wp\/v2\/posts\/87974","targetHints":{"allow":["GET"]}}],"collection":[{"href":"https:\/\/catolicanet.net\/wp-cnet\/wp-json\/wp\/v2\/posts"}],"about":[{"href":"https:\/\/catolicanet.net\/wp-cnet\/wp-json\/wp\/v2\/types\/post"}],"author":[{"embeddable":true,"href":"https:\/\/catolicanet.net\/wp-cnet\/wp-json\/wp\/v2\/users\/1"}],"replies":[{"embeddable":true,"href":"https:\/\/catolicanet.net\/wp-cnet\/wp-json\/wp\/v2\/comments?post=87974"}],"version-history":[{"count":1,"href":"https:\/\/catolicanet.net\/wp-cnet\/wp-json\/wp\/v2\/posts\/87974\/revisions"}],"predecessor-version":[{"id":87977,"href":"https:\/\/catolicanet.net\/wp-cnet\/wp-json\/wp\/v2\/posts\/87974\/revisions\/87977"}],"wp:featuredmedia":[{"embeddable":true,"href":"https:\/\/catolicanet.net\/wp-cnet\/wp-json\/wp\/v2\/media\/87975"}],"wp:attachment":[{"href":"https:\/\/catolicanet.net\/wp-cnet\/wp-json\/wp\/v2\/media?parent=87974"}],"wp:term":[{"taxonomy":"category","embeddable":true,"href":"https:\/\/catolicanet.net\/wp-cnet\/wp-json\/wp\/v2\/categories?post=87974"},{"taxonomy":"post_tag","embeddable":true,"href":"https:\/\/catolicanet.net\/wp-cnet\/wp-json\/wp\/v2\/tags?post=87974"}],"curies":[{"name":"wp","href":"https:\/\/api.w.org\/{rel}","templated":true}]}}