{"id":87943,"date":"2024-04-05T09:37:54","date_gmt":"2024-04-05T12:37:54","guid":{"rendered":"https:\/\/catolicanet.net\/wp-cnet\/?p=87943"},"modified":"2024-04-05T16:40:36","modified_gmt":"2024-04-05T19:40:36","slug":"papa-a-exemplo-de-sao-francisco-sejamos-fraternos-e-portadores-da-misericordia","status":"publish","type":"post","link":"https:\/\/catolicanet.net\/wp-cnet\/papa-a-exemplo-de-sao-francisco-sejamos-fraternos-e-portadores-da-misericordia\/","title":{"rendered":"Papa: a exemplo de S\u00e3o Francisco, sejamos fraternos e portadores da miseric\u00f3rdia"},"content":{"rendered":"<figure class=\"article__image\" style=\"text-align: justify;\"><span class=\"didascalia_img\">Papa Francisco durante a audi\u00eancia com os franciscanos \u00a0 (Vatican Media)<\/span><\/figure>\n<div class=\"article__meta audioInside\" data-mediatype=\"\">\n<div class=\"article__subTitle\" style=\"text-align: justify;\">Por ocasi\u00e3o do oitavo centen\u00e1rio do dom dos estigmas, recebido por S\u00e3o Francisco de Assis em 1224, o Pont\u00edfice recebeu em audi\u00eancia, nesta sexta-feira (05), os Frades Menores do Santu\u00e1rio de La Verna e da Prov\u00edncia toscana. O Papa refletiu sobre o significado dos sinais que recordam a dor sofrida por Jesus &#8220;para a nossa salva\u00e7\u00e3o&#8221;.<\/div>\n<div class=\"title__separator\" style=\"text-align: justify;\"><\/div>\n<div class=\"article__text\">\n<p style=\"text-align: justify;\"><b>Thulio Fonseca &#8211; Vatican News<\/b><\/p>\n<div style=\"text-align: justify;\">\n<div class=\"article__embed article__embed--unwrap article__embed--dark\">\n<div class=\"article__innerTitle\">Ou\u00e7a com a voz do Papa e compartilhe<\/div>\n<div>\n<audio class=\"wp-audio-shortcode\" id=\"audio-87943-1\" preload=\"none\" style=\"width: 100%;\" controls=\"controls\"><source type=\"audio\/mpeg\" src=\"https:\/\/media.vaticannews.va\/media\/audio\/s1\/2024\/04\/05\/12\/137880895_F137880895.mp3?_=1\" \/><a href=\"https:\/\/media.vaticannews.va\/media\/audio\/s1\/2024\/04\/05\/12\/137880895_F137880895.mp3\">https:\/\/media.vaticannews.va\/media\/audio\/s1\/2024\/04\/05\/12\/137880895_F137880895.mp3<\/a><\/audio>\n<\/div>\n<\/div>\n<\/div>\n<p style=\"text-align: justify;\">O Papa Francisco recebeu na manh\u00e3 desta sexta-feira, 05 de abril, no Vaticano, os Frades Menores provenientes da Prov\u00edncia da regi\u00e3o italiana da Toscana e do Santu\u00e1rio de La Verna, local onde S\u00e3o Francisco de Assis recebeu os estigmas. Esta audi\u00eancia com o Santo Padre marca as celebra\u00e7\u00f5es do oitavo centen\u00e1rio do dom dos estigmas, que S\u00e3o Francisco recebeu em 14 de setembro de 1224, dois anos antes de sua morte.<\/p>\n<p style=\"text-align: justify;\">Em seu discurso, o Papa iniciou expressando sua gratid\u00e3o pela presen\u00e7a da rel\u00edquia do sangue de S\u00e3o Francisco que os franciscanos levaram, e ressaltou a import\u00e2ncia deste s\u00edmbolo da conforma\u00e7\u00e3o ao &#8220;Cristo pobre e crucificado&#8221;. E ao falar especificamente sobre os estigmas, o Papa destacou sua relev\u00e2ncia como um dos sinais mais eloquentes concedidos pelo Senhor ao longo dos s\u00e9culos:<\/p>\n<div style=\"text-align: justify;\">\n<div class=\"article__embed article__embed--border embed_style\">\n<blockquote><p>\u201cOs estigmas nos recordam a dor sofrida por nosso amor e salva\u00e7\u00e3o por Jesus em sua carne; mas s\u00e3o tamb\u00e9m um sinal da vit\u00f3ria pascal.\u201d<\/p><\/blockquote>\n<\/div>\n<\/div>\n<h2 style=\"text-align: justify;\">Os estigmas da atualidade<\/h2>\n<p style=\"text-align: justify;\">De acordo com o Papa, a exemplo do santo de Assis, todo crist\u00e3o \u00e9 chamado a ir ao encontro dos &#8220;estigmatizados&#8221; pelas dores da vida:<\/p>\n<p style=\"text-align: justify;\"><i>&#8220;Um disc\u00edpulo de Jesus encontra no estigmatizado S\u00e3o Francisco um espelho de sua identidade. \u00c9 por isso que o crist\u00e3o \u00e9 chamado a se dirigir de maneira especial aos &#8220;estigmatizados&#8221; que encontra: os &#8220;marcados&#8221; pela vida, que carregam as cicatrizes do sofrimento e da injusti\u00e7a sofrida ou dos erros cometidos. E, nessa miss\u00e3o, o Santo de La Verna \u00e9 um companheiro de viagem, apoiando-os e ajudando-os a n\u00e3o se deixarem esmagar pelas dificuldades, pelos medos e pelas contradi\u00e7\u00f5es, pr\u00f3prias e alheias. Se voc\u00ea quiser conhecer bem o Cristo sofredor, procure um franciscano.&#8221;<\/i><\/p>\n<h2 style=\"text-align: justify;\">A unidade franciscana<\/h2>\n<p style=\"text-align: justify;\">Francisco ressaltou a import\u00e2ncia da unidade presente no carisma dos Frades Menores, e sublinhou que este tamb\u00e9m \u00e9 um chamado de Cristo Crucificado para a miss\u00e3o que lhes foi confiada:<\/p>\n<p style=\"text-align: justify;\"><i>&#8220;Seu Santo Fundador lhes oferece um poderoso lembrete para que fa\u00e7am a unidade em si mesmos e em sua hist\u00f3ria. De fato, o Crucifixo que lhe aparece em La Verna, marcando seu corpo, \u00e9 o mesmo que foi impresso em seu cora\u00e7\u00e3o no in\u00edcio de sua &#8220;convers\u00e3o&#8221; e que lhe havia indicado a miss\u00e3o de &#8220;reparar sua Igreja&#8221;.<\/i><\/p>\n<div style=\"text-align: justify;\">\n<div class=\"article__embed article__embed--unwrap article__embed--photo\">\n<figure><picture><img decoding=\"async\" class=\"loaded\" src=\"https:\/\/www.vaticannews.va\/content\/dam\/vaticannews\/agenzie\/images\/srv\/2024\/04\/05\/2024-04-05-frati-monori-della-toscana-e-de-la-verna\/1712305369868.JPG\/_jcr_content\/renditions\/cq5dam.thumbnail.cropped.750.422.jpeg\" alt=\" Alguns participantes da audi\u00eancia com o Papa Francisco\" data-original=\"\/content\/dam\/vaticannews\/agenzie\/images\/srv\/2024\/04\/05\/2024-04-05-frati-monori-della-toscana-e-de-la-verna\/1712305369868.JPG\/_jcr_content\/renditions\/cq5dam.thumbnail.cropped.750.422.jpeg\" data-was-processed=\"true\" \/><\/picture><\/figure>\n<div class=\"photo_embed--Title\" style=\"text-align: center;\">Alguns participantes da audi\u00eancia com o Papa Francisco<\/div>\n<\/div>\n<\/div>\n<h2 style=\"text-align: justify;\">O perd\u00e3o de Deus<\/h2>\n<p style=\"text-align: justify;\">O Pont\u00edfice destacou tamb\u00e9m o aspecto do perd\u00e3o como um importante ponto no percurso da repara\u00e7\u00e3o da Igreja, e elogiou a reputa\u00e7\u00e3o dos franciscanos como bons confessores, incentivando-os a seguirem perseverantes no sacramento da reconcilia\u00e7\u00e3o:<\/p>\n<div style=\"text-align: justify;\">\n<div class=\"article__embed article__embed--border embed_style\">\n<blockquote><p>\u201cVoc\u00eas s\u00e3o bons confessores: os franciscanos t\u00eam fama disso. Perdoem tudo. Perdoem sempre. Deus n\u00e3o se cansa de perdoar: n\u00f3s \u00e9 que nos cansamos de pedir perd\u00e3o.\u201d<\/p><\/blockquote>\n<\/div>\n<\/div>\n<h2 style=\"text-align: justify;\">Retornar ao essencial<\/h2>\n<p style=\"text-align: justify;\">Por fim, o Santo Padre afirmou que, em S\u00e3o Francisco, um homem pacificado no sinal da cruz, com o qual aben\u00e7oou seus irm\u00e3os, os estigmas representam o selo do essencial:<\/p>\n<p style=\"text-align: justify;\" data-sider-select-id=\"7562876a-b44f-4124-ae20-d8b11bb0282d\"><i data-sider-select-id=\"383ddeef-ca8d-4e22-8ca7-0082ae2b5eb9\">&#8220;Isso vos convoca tamb\u00e9m a retornar ao essencial em diversos aspectos de vossas vidas: nos cursos de forma\u00e7\u00e3o, nas atividades apost\u00f3licas e na intera\u00e7\u00e3o com o povo; a serdes perdoados, a serdes portadores do perd\u00e3o, a serdes curados, a serdes portadores da cura, a serdes alegres e simples na fraternidade; com a for\u00e7a do amor que emana do lado de Cristo e se nutre do encontro pessoal com Ele, a serdes renovados todos os dias com um ardor ser\u00e1fico que inflama o cora\u00e7\u00e3o.&#8221;<\/i><\/p>\n<h2 style=\"text-align: justify;\" data-sider-select-id=\"324b8d2a-907e-46e6-9bd3-20bdcdd782a9\">Ora\u00e7\u00e3o a S\u00e3o Francisco de Assis<\/h2>\n<p style=\"text-align: justify;\">O Papa, ao concluir, invocou a gra\u00e7a da convers\u00e3o cont\u00ednua e ben\u00e9fica aos religiosos franciscanos, e confiou-lhes uma ora\u00e7\u00e3o em honra ao Ser\u00e1fico Pai, S\u00e3o Francisco de Assis:<\/p>\n<p data-sider-select-id=\"1a9a7d45-5968-4e1d-b302-6947ef40a88d\"><i data-sider-select-id=\"3212e1ac-03e6-426a-a313-90b19d0f7571\">&#8220;S\u00e3o Francisco,<br \/>\nhomem ferido de amor, crucificado no corpo e no esp\u00edrito,<br \/>\nn\u00f3s olhamos para ti, adornado com os sagrados estigmas,<br \/>\npara aprender a amar o Senhor Jesus,<br \/>\nnossos irm\u00e3os e irm\u00e3s com teu amor, com tua paix\u00e3o.<br \/>\nContigo \u00e9 mais f\u00e1cil contemplar e seguir<br \/>\no Cristo pobre e crucificado.<br \/>\nConcede-nos, Francisco,<br \/>\no frescor da tua f\u00e9,<br \/>\na certeza da tua esperan\u00e7a,<br \/>\na do\u00e7ura da tua caridade.<br \/>\nIntercede por n\u00f3s<br \/>\npara que seja doce para n\u00f3s carregar os fardos da vida<br \/>\nIntercede por n\u00f3s para que seja doce tamb\u00e9m<br \/>\nsuportar nas prova\u00e7\u00f5es e experimentar<br \/>\na ternura do Pai e o b\u00e1lsamo do Esp\u00edrito.<br \/>\nQue nossas feridas sejam curadas no Cora\u00e7\u00e3o de Cristo,<br \/>\npara que possamos nos tornar, como ti, testemunhas da miseric\u00f3rdia,<br \/>\nque continua a curar e a renovar a vida<br \/>\nde quem o busca com um cora\u00e7\u00e3o sincero.<br \/>\n\u00d3 Francisco, semelhante ao Crucificado,<br \/>\nfaz com que seus estigmas sejam para n\u00f3s e para o mundo<br \/>\nsinais luminosos de vida e ressurrei\u00e7\u00e3o<br \/>\nque indiquem novos caminhos de paz e reconcilia\u00e7\u00e3o. Am\u00e9m&#8221;<\/i><\/p>\n<div>\n<div class=\"article__embed article__embed--unwrap article__embed--photo\">\n<figure><picture><img decoding=\"async\" class=\"loaded\" src=\"https:\/\/www.vaticannews.va\/content\/dam\/vaticannews\/agenzie\/images\/srv\/2024\/04\/05\/2024-04-05-frati-monori-della-toscana-e-de-la-verna\/1712305366481.JPG\/_jcr_content\/renditions\/cq5dam.thumbnail.cropped.750.422.jpeg\" alt=\"Papa Francisco aben\u00e7oa os presentes com a rel\u00edquia de S\u00e3o Francisco de Assis\" data-original=\"\/content\/dam\/vaticannews\/agenzie\/images\/srv\/2024\/04\/05\/2024-04-05-frati-monori-della-toscana-e-de-la-verna\/1712305366481.JPG\/_jcr_content\/renditions\/cq5dam.thumbnail.cropped.750.422.jpeg\" data-was-processed=\"true\" \/><\/picture><\/figure>\n<div class=\"photo_embed--Title\" style=\"text-align: center;\">Papa Francisco aben\u00e7oa os presentes com a rel\u00edquia de S\u00e3o Francisco de Assis<\/div>\n<\/div>\n<\/div>\n<\/div>\n<\/div>\n","protected":false},"excerpt":{"rendered":"<p>Papa Francisco durante a audi\u00eancia com os franciscanos \u00a0 (Vatican Media) Por ocasi\u00e3o do oitavo centen\u00e1rio do dom dos estigmas, recebido por S\u00e3o Francisco de Assis em 1224, o Pont\u00edfice recebeu em audi\u00eancia, nesta sexta-feira (05), os Frades Menores do Santu\u00e1rio de La Verna e da Prov\u00edncia toscana. O Papa refletiu sobre o significado dos [&hellip;]<\/p>\n","protected":false},"author":1,"featured_media":87944,"comment_status":"open","ping_status":"closed","sticky":false,"template":"","format":"standard","meta":{"footnotes":""},"categories":[3],"tags":[],"class_list":["post-87943","post","type-post","status-publish","format-standard","has-post-thumbnail","hentry","category-vaticano"],"_links":{"self":[{"href":"https:\/\/catolicanet.net\/wp-cnet\/wp-json\/wp\/v2\/posts\/87943","targetHints":{"allow":["GET"]}}],"collection":[{"href":"https:\/\/catolicanet.net\/wp-cnet\/wp-json\/wp\/v2\/posts"}],"about":[{"href":"https:\/\/catolicanet.net\/wp-cnet\/wp-json\/wp\/v2\/types\/post"}],"author":[{"embeddable":true,"href":"https:\/\/catolicanet.net\/wp-cnet\/wp-json\/wp\/v2\/users\/1"}],"replies":[{"embeddable":true,"href":"https:\/\/catolicanet.net\/wp-cnet\/wp-json\/wp\/v2\/comments?post=87943"}],"version-history":[{"count":1,"href":"https:\/\/catolicanet.net\/wp-cnet\/wp-json\/wp\/v2\/posts\/87943\/revisions"}],"predecessor-version":[{"id":87946,"href":"https:\/\/catolicanet.net\/wp-cnet\/wp-json\/wp\/v2\/posts\/87943\/revisions\/87946"}],"wp:featuredmedia":[{"embeddable":true,"href":"https:\/\/catolicanet.net\/wp-cnet\/wp-json\/wp\/v2\/media\/87944"}],"wp:attachment":[{"href":"https:\/\/catolicanet.net\/wp-cnet\/wp-json\/wp\/v2\/media?parent=87943"}],"wp:term":[{"taxonomy":"category","embeddable":true,"href":"https:\/\/catolicanet.net\/wp-cnet\/wp-json\/wp\/v2\/categories?post=87943"},{"taxonomy":"post_tag","embeddable":true,"href":"https:\/\/catolicanet.net\/wp-cnet\/wp-json\/wp\/v2\/tags?post=87943"}],"curies":[{"name":"wp","href":"https:\/\/api.w.org\/{rel}","templated":true}]}}