{"id":87867,"date":"2024-04-01T09:09:02","date_gmt":"2024-04-01T12:09:02","guid":{"rendered":"https:\/\/catolicanet.net\/wp-cnet\/?p=87867"},"modified":"2024-04-02T17:09:58","modified_gmt":"2024-04-02T20:09:58","slug":"oitava-da-pascoa-6","status":"publish","type":"post","link":"https:\/\/catolicanet.net\/wp-cnet\/oitava-da-pascoa-6\/","title":{"rendered":"Oitava da P\u00e1scoa"},"content":{"rendered":"<p style=\"text-align: justify;\">O per\u00edodo da oitava da P\u00e1scoa \u00e9 o tempo entre o Domingo de P\u00e1scoa e a segundo Domingo da P\u00e1scoa. \u00c9 como se cada dia dessa semana fosse Domingo de P\u00e1scoa e poderemos desejar uns aos outros santa e aben\u00e7oada P\u00e1scoa. A Missa deve ser celebrada de forma solene, como se fosse Domingo, com o hino de louvor e a sequ\u00eancia pascal (opcional) antes da aclama\u00e7\u00e3o ao Evangelho.<\/p>\n<p style=\"text-align: justify;\">Ap\u00f3s a oitava da P\u00e1scoa o tempo pascal ainda continua at\u00e9 o Domingo de Pentecostes, que \u00e9 a vinda do Esp\u00edrito Santo. Do mesmo modo que Jesus enviou o Esp\u00edrito Santo sobre os disc\u00edpulos e eles partiram em miss\u00e3o, Ele tamb\u00e9m nos envia em miss\u00e3o nos dias de hoje para que anunciemos aos outros a alegria de servir o ressuscitado.<\/p>\n<p style=\"text-align: justify;\">A oitava da P\u00e1scoa, do mesmo modo que o tempo pascal \u00e9 um per\u00edodo marcado pela alegria, inclusive essa \u00e9 a marca do Ressuscitado, todas as vezes que Ele aparece diz: \u201cAlegrai-vos\u201d, por isso devemos transmitir essa alegria que o ressuscitado traz aos demais irm\u00e3os. A alegria que o Ressuscitado traz \u00e9 t\u00e3o grande que deve nos contagiar e do mesmo modo n\u00e3o guardar para n\u00f3s essa alegria, mas transmitir aos demais.<\/p>\n<p style=\"text-align: justify;\">Podemos assumir como exemplo Maria Madalena, que foi ao t\u00famulo ver o corpo de Jesus, e ap\u00f3s o anjo lhe falar que Jesus tinha ressuscitado como havia dito ela sai correndo e vai ao encontro dos demais disc\u00edpulos anunciar a boa not\u00edcia. Maria Madalena \u00e9 a portadora da boa not\u00edcia, ela se torna a \u201cap\u00f3stola dos ap\u00f3stolos\u201d, que possamos tamb\u00e9m n\u00f3s ser portadores das boas not\u00edcias.<\/p>\n<p style=\"text-align: justify;\">Na celebra\u00e7\u00e3o do S\u00e1bado Santo renovamos as nossas promessas batismais e fomos aspergidos com as \u00e1guas do batismo. O ato penitencial do Domingo de P\u00e1scoa, durante a oitava da P\u00e1scoa, e at\u00e9 o segundo Domingo da P\u00e1scoa \u00e9 feito por aspers\u00e3o (opcional), ou seja, recordando o nosso batismo em que fomos mergulhados com Cristo e purificados de todo o pecado.<\/p>\n<p style=\"text-align: justify;\">A cor lit\u00fargica desse tempo da P\u00e1scoa \u00e9 o branco, justamente significando essa alegria que nos envolve. Cristo venceu a morte e abriu para n\u00f3s as portas da vida eterna. Do mesmo modo que todos os domingos do ano, seria importante se sobretudo ao longo do tempo pascal (e sempre) particip\u00e1ssemos da missa todos os domingos. O tempo da P\u00e1scoa \u00e9 o tempo lit\u00fargico mais forte de todo o ano. A P\u00e1scoa est\u00e1 no centro do calend\u00e1rio lit\u00fargico.<\/p>\n<p style=\"text-align: justify;\">Ao longo da oitava da P\u00e1scoa e sobretudo durante o tempo pascal o C\u00edrio Pascal deve permanecer aceso, o C\u00edrio Pascal significa a pr\u00f3pria luz de Cristo que vem iluminar as trevas. O C\u00edrio Pascal \u00e9 aceso no fogo novo na Vig\u00edlia Pascal, entrando solenemente na Igreja, ap\u00f3s o tempo da Pascoa, no Domingo de Pentecostes o C\u00edrio Pascal \u00e9 apagado e aceso nas celebra\u00e7\u00f5es de Batismo, da Primeira Eucaristia e Crisma.<\/p>\n<p style=\"text-align: justify;\">O tempo pascal \u00e9 o tempo oportuno de renovarmos a nossa esperan\u00e7a no Senhor e, sobretudo, a nossa esperan\u00e7a na ressurrei\u00e7\u00e3o dos mortos. Na Vig\u00edlia Pascal renovamos as nossas promessas batismais e reafirmamos crer na ressurrei\u00e7\u00e3o dos mortos e na vida eterna. A ressurrei\u00e7\u00e3o de Jesus quer dizer que um dia entraremos na vida eterna com o nosso corpo glorioso, alma e esp\u00edrito na vida eterna mas come\u00e7amos a viver a nova vida desde agora.<\/p>\n<p style=\"text-align: justify;\">A oitava da P\u00e1scoa e o tempo pascal como um todo \u00e9 um per\u00edodo de grande alegria espiritual, onde sentimos a presen\u00e7a do Cristo ressuscitado e que comprovamos em n\u00f3s que por meio da ressurrei\u00e7\u00e3o de Jesus tivemos os nossos pecados perdoados. A liturgia desse tempo tamb\u00e9m nos envolve no mist\u00e9rio da remiss\u00e3o dos pecados e do amor de Deus por n\u00f3s. No segundo Domingo do P\u00e1scoa celebramos a Divina Miseric\u00f3rdia, no quarto Domingo celebramos o Cristo Bom Pastor que nos acolhe e nos toma pela m\u00e3o. Confiemos firmemente a miseric\u00f3rdia desse Deus e nos deixemos contagiar pela alegria desse Deus que \u00e9 amor.<\/p>\n<p style=\"text-align: justify;\">O tempo da P\u00e1scoa como um todo \u00e9 um per\u00edodo para que tomemos a consci\u00eancia de que somos disc\u00edpulos e mission\u00e1rios do Senhor e assumamos de fato o nosso batismo. E do mesmo modo que Maria Madalena, Maria Sant\u00edssima e os demais ap\u00f3stolos sejamos mensageiros da esperan\u00e7a. Esse tempo pascal \u00e9 um per\u00edodo em que somos convidados a superar o pecado e renovar a nossa f\u00e9. Caminhar sempre com alegria ao encontro do Senhor e contagiar quem est\u00e1 perto de n\u00f3s com essa alegria.<\/p>\n<p style=\"text-align: justify;\">Com o per\u00edodo da oitava da P\u00e1scoa a Igreja deseja que cada fiel viva o mesmo esp\u00edrito que nos contagiava no Domingo da Ressurrei\u00e7\u00e3o, e que possamos colher muitas gra\u00e7as. A Igreja prolonga a P\u00e1scoa, com a inten\u00e7\u00e3o de que esse tempo de gra\u00e7as n\u00e3o fique apenas em um Domingo, mas seja prolongado.<\/p>\n<p style=\"text-align: justify;\">Desde j\u00e1, desejo, de cora\u00e7\u00e3o, uma vez mais, uma feliz e Santa P\u00e1scoa a todos e recomendo que participemos ativamente deste tempo pascal e colhendo as gra\u00e7as que Deus derrama sobre n\u00f3s. Que o tempo pascal nos motive para que sejamos portadores da boa nova, em especial no tempo da P\u00e1scoa, mas ao longo de todo o ano. Sejamos sempre gratos a Deus por tudo que ele faz na nossa vida.<\/p>\n<p style=\"text-align: justify;\">Jesus Cristo Ressuscitou verdadeiramente, aleluia, aleluia!<\/p>\n","protected":false},"excerpt":{"rendered":"<p>O per\u00edodo da oitava da P\u00e1scoa \u00e9 o tempo entre o Domingo de P\u00e1scoa e a segundo Domingo da P\u00e1scoa. \u00c9 como se cada dia dessa semana fosse Domingo de P\u00e1scoa e poderemos desejar uns aos outros santa e aben\u00e7oada P\u00e1scoa. A Missa deve ser celebrada de forma solene, como se fosse Domingo, com o [&hellip;]<\/p>\n","protected":false},"author":5,"featured_media":55819,"comment_status":"open","ping_status":"closed","sticky":false,"template":"","format":"standard","meta":{"footnotes":""},"categories":[9],"tags":[],"class_list":["post-87867","post","type-post","status-publish","format-standard","has-post-thumbnail","hentry","category-artigos"],"_links":{"self":[{"href":"https:\/\/catolicanet.net\/wp-cnet\/wp-json\/wp\/v2\/posts\/87867","targetHints":{"allow":["GET"]}}],"collection":[{"href":"https:\/\/catolicanet.net\/wp-cnet\/wp-json\/wp\/v2\/posts"}],"about":[{"href":"https:\/\/catolicanet.net\/wp-cnet\/wp-json\/wp\/v2\/types\/post"}],"author":[{"embeddable":true,"href":"https:\/\/catolicanet.net\/wp-cnet\/wp-json\/wp\/v2\/users\/5"}],"replies":[{"embeddable":true,"href":"https:\/\/catolicanet.net\/wp-cnet\/wp-json\/wp\/v2\/comments?post=87867"}],"version-history":[{"count":1,"href":"https:\/\/catolicanet.net\/wp-cnet\/wp-json\/wp\/v2\/posts\/87867\/revisions"}],"predecessor-version":[{"id":87869,"href":"https:\/\/catolicanet.net\/wp-cnet\/wp-json\/wp\/v2\/posts\/87867\/revisions\/87869"}],"wp:featuredmedia":[{"embeddable":true,"href":"https:\/\/catolicanet.net\/wp-cnet\/wp-json\/wp\/v2\/media\/55819"}],"wp:attachment":[{"href":"https:\/\/catolicanet.net\/wp-cnet\/wp-json\/wp\/v2\/media?parent=87867"}],"wp:term":[{"taxonomy":"category","embeddable":true,"href":"https:\/\/catolicanet.net\/wp-cnet\/wp-json\/wp\/v2\/categories?post=87867"},{"taxonomy":"post_tag","embeddable":true,"href":"https:\/\/catolicanet.net\/wp-cnet\/wp-json\/wp\/v2\/tags?post=87867"}],"curies":[{"name":"wp","href":"https:\/\/api.w.org\/{rel}","templated":true}]}}