{"id":87859,"date":"2024-04-02T09:03:01","date_gmt":"2024-04-02T12:03:01","guid":{"rendered":"https:\/\/catolicanet.net\/wp-cnet\/?p=87859"},"modified":"2024-04-02T17:04:39","modified_gmt":"2024-04-02T20:04:39","slug":"a-pascoa-chegou-e-agora-o-que-devo-fazer","status":"publish","type":"post","link":"https:\/\/catolicanet.net\/wp-cnet\/a-pascoa-chegou-e-agora-o-que-devo-fazer\/","title":{"rendered":"A P\u00e1scoa chegou e agora, o que devo fazer?"},"content":{"rendered":"<p style=\"text-align: justify;\"><span class=\"subtitle\"><span>A Quaresma acabou, estamos vivendo a P\u00e1scoa e a vida continua, mas agora, devemos seguir em frente, como se nada tivesse acontecido? ou O que devo fazer?<\/span><\/span><\/p>\n<p style=\"text-align: justify;\"><span>Pela gra\u00e7a de Deus, a Quaresma terminou e estamos vivendo novamente a P\u00e1scoa. Bem sabemos, pela prepara\u00e7\u00e3o que tivemos, que se Cristo n\u00e3o tivesse ressuscitado, a nossa f\u00e9 seria v\u00e3, como afirma S\u00e3o Paulo na Primeira Carta aos Cor\u00edntios (\u00a0<\/span><a title=\"\" href=\"https:\/\/www.vatican.va\/archive\/ESL0506\/__PYE.HTM\" target=\"_blank\" rel=\"noopener\"><span>15, 14<\/span><\/a><span>\u00a0) .<\/span><\/p>\n<p style=\"text-align: justify;\"><span>Agora entramos no momento mais feliz do Ano Lit\u00fargico, porque temos a certeza de que Jesus Cristo, o Senhor, derrotou a morte e que d\u00e1 a oportunidade de ganhar gl\u00f3ria a todos os que Nele cr\u00eaem, porque assim o prometeu.<\/span><\/p>\n<p style=\"text-align: justify;\"><span>Mas isso \u00e9 suficiente? Isto \u00e9, n\u00e3o temos mais que fazer nada, exceto acreditar, sentar e esperar que a salva\u00e7\u00e3o chegue? sem que tenhamos que levantar um dedo? sem fazer nada da nossa parte?<\/span><\/p>\n<div class=\"wp-block-aleteia-heading3\" style=\"text-align: justify;\">\n<h2><span>Acreditar \u00e9 apenas o primeiro passo<\/span><\/h2>\n<\/div>\n<p style=\"text-align: justify;\"><span>Alguns irm\u00e3os dizem que basta acreditar que estamos salvos para entrar no C\u00e9u. Por\u00e9m, essa \u00e9 a primeira parte: acreditar que Cristo abriu a porta e que todo aquele que crer entrar\u00e1. Mas h\u00e1 mais. O Senhor passou tr\u00eas anos de sua vida ensinando aos ap\u00f3stolos o que eles ensinariam depois que Ele voltasse para o Pai.<\/span><\/p>\n<p style=\"text-align: justify;\"><span>Ent\u00e3o, acreditar \u00e9 o primeiro passo. A seguir, teremos que conhecer a Sua vontade, conhec\u00ea-Lo para am\u00e1-Lo e servi-Lo. Ame-o acima de todas as coisas. Sirva-o na Igreja e em todos os irm\u00e3os. A Sagrada Escritura, a Tradi\u00e7\u00e3o e o Magist\u00e9rio da Igreja nos ensinam tudo o que devemos fazer.<\/span><\/p>\n<div class=\"wp-block-aleteia-heading3\" style=\"text-align: justify;\">\n<h2><span>Ent\u00e3o, o que devo fazer?<\/span><\/h2>\n<\/div>\n<div class=\"block-image-copyrigth-wrap\" style=\"text-align: justify;\">\n<figure class=\"wp-block-image size-large is-resized\"><img loading=\"lazy\" decoding=\"async\" class=\"wp-image-688983\" src=\"https:\/\/wp.es.aleteia.org\/wp-content\/uploads\/sites\/7\/2022\/05\/shutterstock_1676220430.jpg?w=1024\" sizes=\"auto, (max-width: 738px) 100vw, 738px\" srcset=\"https:\/\/wp.es.aleteia.org\/wp-content\/uploads\/sites\/7\/2022\/05\/shutterstock_1676220430.jpg 4256w, https:\/\/wp.es.aleteia.org\/wp-content\/uploads\/sites\/7\/2022\/05\/shutterstock_1676220430.jpg?resize=150,100 150w, https:\/\/wp.es.aleteia.org\/wp-content\/uploads\/sites\/7\/2022\/05\/shutterstock_1676220430.jpg?resize=300,200 300w, https:\/\/wp.es.aleteia.org\/wp-content\/uploads\/sites\/7\/2022\/05\/shutterstock_1676220430.jpg?resize=1024,681 1024w, https:\/\/wp.es.aleteia.org\/wp-content\/uploads\/sites\/7\/2022\/05\/shutterstock_1676220430.jpg?resize=1536,1022 1536w, https:\/\/wp.es.aleteia.org\/wp-content\/uploads\/sites\/7\/2022\/05\/shutterstock_1676220430.jpg?resize=2048,1363 2048w, https:\/\/wp.es.aleteia.org\/wp-content\/uploads\/sites\/7\/2022\/05\/shutterstock_1676220430.jpg?resize=620,413 620w, https:\/\/wp.es.aleteia.org\/wp-content\/uploads\/sites\/7\/2022\/05\/shutterstock_1676220430.jpg?resize=360,240 360w, https:\/\/wp.es.aleteia.org\/wp-content\/uploads\/sites\/7\/2022\/05\/shutterstock_1676220430.jpg?resize=1140,759 1140w, https:\/\/wp.es.aleteia.org\/wp-content\/uploads\/sites\/7\/2022\/05\/shutterstock_1676220430.jpg?resize=375,250 375w, https:\/\/wp.es.aleteia.org\/wp-content\/uploads\/sites\/7\/2022\/05\/shutterstock_1676220430.jpg?resize=630,419 630w, https:\/\/wp.es.aleteia.org\/wp-content\/uploads\/sites\/7\/2022\/05\/shutterstock_1676220430.jpg?resize=266,177 266w\" alt=\"B\u00cdBLIA ADOLESCENTE\" width=\"738\" height=\"490\" \/><\/figure>\n<div class=\"copyright-text\" style=\"text-align: center;\"><span>Alexander Yakoniuk | Obturador<\/span><\/div>\n<\/div>\n<div id=\"aleteia-welcome\" style=\"text-align: justify;\"><\/div>\n<div id=\"article-native-inread\" class=\"adslot ay css-p8k4vw\" style=\"text-align: justify;\" data-ay-manager-id=\"article-native-inread\" data-google-query-id=\"CK7U7rappIUDFVZcuAQdo-sAJw\">\n<div id=\"google_ads_iframe_64500793\/ES_NATIVE_ARTICLE_0__container__\"><\/div>\n<\/div>\n<p style=\"text-align: justify;\"><span>\u00c9 claro que devemos frequentar os sacramentos, especialmente a Confiss\u00e3o\u00a0<\/span><a title=\"Confiss\u00e3o\" href=\"https:\/\/es.aleteia.org\/2024\/02\/18\/5-sintomas-que-te-avisan-que-ya-tienes-que-confesarte\/\" target=\"_blank\" rel=\"noopener\"><span>e<\/span><\/a><span>\u00a0a Comunh\u00e3o, ir \u00e0 Missa, cumprir os mandamentos, participar de celebra\u00e7\u00f5es e momentos especiais \u2013 como a Quaresma e agora a P\u00e1scoa\u00a0<\/span><a title=\"P\u00e1scoa\" href=\"https:\/\/es.aleteia.org\/tag\/pascua\/\" target=\"_blank\" rel=\"noopener\"><span>\u2013<\/span><\/a><span>\u00a0mas uma vez cumpridos isso, o que vem a seguir?<\/span><\/p>\n<p style=\"text-align: justify;\"><span>O pr\u00f3prio Senhor nos diz, como disse ent\u00e3o aos Ap\u00f3stolos:<\/span><\/p>\n<div id=\"article-desk-content-p6-ad\" class=\"adslot ay css-p8k4vw\" style=\"text-align: justify;\" data-ay-manager-id=\"article-desk-content-p6-ad\" data-google-query-id=\"CL7g7bappIUDFfNNuAQdGHEA0w\">\n<div id=\"google_ads_iframe_64500793\/ES_DESK_ARTICLE_WELCOME_1X1_0__container__\"><\/div>\n<\/div>\n<p style=\"text-align: justify;\"><span>\u201cIde por todo o mundo e pregai o Evangelho\u201d (\u00a0<\/span><a title=\"\" href=\"https:\/\/www.vatican.va\/archive\/ESL0506\/__PVI.HTM\" target=\"_blank\" rel=\"noopener\"><span>Marcos 16, 15<\/span><\/a><span>\u00a0).<\/span><\/p>\n<p style=\"text-align: justify;\"><span>Cabe a n\u00f3s faz\u00ea-lo diariamente, com nossas palavras e nossas a\u00e7\u00f5es. Neste mundo conturbado, o crist\u00e3o deve brilhar como Cristo, a Luz do mundo.\u00a0<\/span><a title=\"O testemunho \u00e9 o que deve preceder as palavras.\" href=\"https:\/\/es.aleteia.org\/2022\/04\/19\/como-ser-testigo-de-jesus-resucitado\/\" target=\"_blank\" rel=\"noopener\"><span>O testemunho \u00e9 o que deve preceder as palavras.<\/span><\/a><span> \u00c9 perfeito conversar, mas primeiro \u00e9 preciso dar o exemplo.<\/span><\/p>\n<div class=\"wp-block-aleteia-heading3\" style=\"text-align: justify;\">\n<h2><span>Acompanhe-o com boas obras<\/span><\/h2>\n<\/div>\n<p style=\"text-align: justify;\"><span>E a isso acrescente boas obras, como diz a carta de Tiago:<\/span><\/p>\n<blockquote class=\"wp-block-quote\"><p><span>\u00abDe que adianta, meus irm\u00e3os, dizer que voc\u00eas t\u00eam f\u00e9, se n\u00e3o t\u00eam obras? aquela f\u00e9 pode salv\u00e1-lo? De que adianta se um de voc\u00eas, vendo um irm\u00e3o ou uma irm\u00e3 nus ou sem o alimento necess\u00e1rio, disser-lhes: \u201cV\u00e3o em paz, aque\u00e7am-se e comam\u201d, e n\u00e3o lhes d\u00ea o que necessitam para o seu corpo? O mesmo acontece com a f\u00e9: se n\u00e3o for acompanhada de obras, est\u00e1 completamente morta.<\/span><\/p>\n<p><cite><a href=\"https:\/\/www.vatican.va\/archive\/ESL0506\/__P10D.HTM\" target=\"_blank\" rel=\"noreferrer noopener\"><span>Tiago 2, 14-17<\/span><\/a><\/cite><\/p><\/blockquote>\n<p style=\"text-align: justify;\"><span>Criemos, atuemos e conquistaremos a gl\u00f3ria. O Senhor garante isso:<\/span><\/p>\n<blockquote class=\"wp-block-quote\">\n<p style=\"text-align: justify;\"><span>\u00abPor causa da sua obstina\u00e7\u00e3o em n\u00e3o querer se arrepender, voc\u00ea est\u00e1 acumulando ira para o dia da ira, quando ser\u00e3o revelados os justos julgamentos de Deus, que recompensar\u00e1 cada um de acordo com suas obras. <\/span><strong><span>\u201cEle dar\u00e1 Vida eterna \u00e0queles que, pela perseveran\u00e7a na pr\u00e1tica do bem<\/span><\/strong><span> , buscam gl\u00f3ria, honra e imortalidade.\u201d<\/span><\/p>\n<p><cite><a href=\"https:\/\/www.vatican.va\/archive\/ESL0506\/__PXL.HTM\" target=\"_blank\" rel=\"noreferrer noopener\"><span>Romanos 2, 5-7<\/span><\/a><\/cite><\/p><\/blockquote>\n","protected":false},"excerpt":{"rendered":"<p>A Quaresma acabou, estamos vivendo a P\u00e1scoa e a vida continua, mas agora, devemos seguir em frente, como se nada tivesse acontecido? ou O que devo fazer? Pela gra\u00e7a de Deus, a Quaresma terminou e estamos vivendo novamente a P\u00e1scoa. Bem sabemos, pela prepara\u00e7\u00e3o que tivemos, que se Cristo n\u00e3o tivesse ressuscitado, a nossa f\u00e9 [&hellip;]<\/p>\n","protected":false},"author":1,"featured_media":87860,"comment_status":"open","ping_status":"closed","sticky":false,"template":"","format":"standard","meta":{"footnotes":""},"categories":[4,13],"tags":[],"class_list":["post-87859","post","type-post","status-publish","format-standard","has-post-thumbnail","hentry","category-cotidiano","category-featured"],"_links":{"self":[{"href":"https:\/\/catolicanet.net\/wp-cnet\/wp-json\/wp\/v2\/posts\/87859","targetHints":{"allow":["GET"]}}],"collection":[{"href":"https:\/\/catolicanet.net\/wp-cnet\/wp-json\/wp\/v2\/posts"}],"about":[{"href":"https:\/\/catolicanet.net\/wp-cnet\/wp-json\/wp\/v2\/types\/post"}],"author":[{"embeddable":true,"href":"https:\/\/catolicanet.net\/wp-cnet\/wp-json\/wp\/v2\/users\/1"}],"replies":[{"embeddable":true,"href":"https:\/\/catolicanet.net\/wp-cnet\/wp-json\/wp\/v2\/comments?post=87859"}],"version-history":[{"count":1,"href":"https:\/\/catolicanet.net\/wp-cnet\/wp-json\/wp\/v2\/posts\/87859\/revisions"}],"predecessor-version":[{"id":87862,"href":"https:\/\/catolicanet.net\/wp-cnet\/wp-json\/wp\/v2\/posts\/87859\/revisions\/87862"}],"wp:featuredmedia":[{"embeddable":true,"href":"https:\/\/catolicanet.net\/wp-cnet\/wp-json\/wp\/v2\/media\/87860"}],"wp:attachment":[{"href":"https:\/\/catolicanet.net\/wp-cnet\/wp-json\/wp\/v2\/media?parent=87859"}],"wp:term":[{"taxonomy":"category","embeddable":true,"href":"https:\/\/catolicanet.net\/wp-cnet\/wp-json\/wp\/v2\/categories?post=87859"},{"taxonomy":"post_tag","embeddable":true,"href":"https:\/\/catolicanet.net\/wp-cnet\/wp-json\/wp\/v2\/tags?post=87859"}],"curies":[{"name":"wp","href":"https:\/\/api.w.org\/{rel}","templated":true}]}}