{"id":87797,"date":"2024-03-25T10:42:10","date_gmt":"2024-03-25T13:42:10","guid":{"rendered":"https:\/\/catolicanet.net\/wp-cnet\/?p=87797"},"modified":"2024-03-25T16:44:34","modified_gmt":"2024-03-25T19:44:34","slug":"8-oracoes-classicas-para-rezar-na-semana-santa","status":"publish","type":"post","link":"https:\/\/catolicanet.net\/wp-cnet\/8-oracoes-classicas-para-rezar-na-semana-santa\/","title":{"rendered":"8 ora\u00e7\u00f5es cl\u00e1ssicas para rezar na Semana Santa"},"content":{"rendered":"<p style=\"text-align: justify;\"><span class=\"subtitle\"><span>Uma variedade de ora\u00e7\u00f5es para saudar Jesus, adorar a Eucaristia, exaltar a cruz e unir-se a Deus atrav\u00e9s da morte e ressurrei\u00e7\u00e3o de seu Filho<\/span><\/span><\/p>\n<p style=\"text-align: justify;\"><span>Apresentamos uma s\u00e9rie de ora\u00e7\u00f5es que voc\u00ea poder\u00e1 fazer durante a\u00a0<\/span><a title=\"Semana Santa\" href=\"https:\/\/es.aleteia.org\/tag\/semana-santa\/\" target=\"_blank\" rel=\"noopener\"><span>Semana Santa<\/span><\/a><span>\u00a0que estamos prestes a celebrar.<\/span><\/p>\n<h2 class=\"wp-block-aleteia-rich-list\" style=\"text-align: justify;\"><strong><span>1 HOSANA!<\/span><\/strong><\/h2>\n<p style=\"text-align: justify;\"><span>Louve a Deus como fazem os anjos (\u00a0<\/span><a title=\"\" href=\"https:\/\/www.vatican.va\/archive\/ESL0506\/__P9Q.HTM\" target=\"_blank\" rel=\"noopener\"><span>Isa\u00edas 6:3<\/span><\/a><span>\u00a0), com as palavras (inspiradas no\u00a0<\/span><a title=\"\" href=\"https:\/\/www.vatican.va\/archive\/ESL0506\/__PJE.HTM\" target=\"_blank\" rel=\"noopener\"><span>Salmo 117<\/span><\/a><span>\u00a0) que as multid\u00f5es usaram para saudar Jesus na sua entrada triunfal em Jerusal\u00e9m (\u00a0<\/span><a title=\"\" href=\"https:\/\/www.vatican.va\/archive\/ESL0506\/__PUV.HTM\" target=\"_blank\" rel=\"noopener\"><span>Mateus 21:9<\/span><\/a><span>\u00a0). Os cat\u00f3licos fazem esta ora\u00e7\u00e3o em todas as missas e \u00e9 poss\u00edvel que Jesus tenha cantado uma parte dela na \u00daltima Ceia.<\/span><\/p>\n<blockquote class=\"wp-block-quote\"><p><span>\u00abSanto, Santo, Santo \u00e9 o Senhor: Hosana nas alturas. Bem-aventurado aquele que vem em nome do Senhor. Hosana nas alturas&#8221;.<\/span><\/p><\/blockquote>\n<h2 class=\"wp-block-aleteia-rich-list\" style=\"text-align: justify;\"><strong><span>2 SALMO 94<\/span><\/strong><\/h2>\n<p style=\"text-align: justify;\"><span>Coloque palavras em sua adora\u00e7\u00e3o com\u00a0<\/span><a title=\"\" href=\"https:\/\/www.vatican.va\/archive\/ESL0506\/__PIS.HTM\" target=\"_blank\" rel=\"noopener\"><span>o Salmo 94<\/span><\/a><span>\u00a0. \u00c9 o que fazem muitas pessoas que<\/span><br \/>\n<span>rezam a\u00a0<\/span><a title=\"Liturgia das horas,\" href=\"https:\/\/es.aleteia.org\/cp1\/2020\/02\/08\/la-liturgia-de-las-horas-para-principiantes\/\" target=\"_blank\" rel=\"noopener\"><span>Liturgia das Horas,<\/span><\/a><span>\u00a0a ora\u00e7\u00e3o di\u00e1ria da Igreja que marca os tempos de<\/span><br \/>\n<span>cada dia.<\/span><\/p>\n<p style=\"text-align: justify;\"><span>Vinde, aclamamos o Senhor,<\/span><br \/>\n<span>tor\u00e7amos pela Rocha que nos salva;<\/span><br \/>\n<span>Entremos na sua presen\u00e7a, agradecendo-lhe,<\/span><br \/>\n<span>saudando-o com cantos.<\/span><\/p>\n<p style=\"text-align: justify;\"><span>Porque o Senhor \u00e9 um Deus grande,<\/span><br \/>\n<span>soberano de todos os deuses:<\/span><br \/>\n<span>ele tem nas m\u00e3os as profundezas da terra,<\/span><br \/>\n<span>s\u00e3o dele os cumes dos montes.<\/span><br \/>\n<span>Dele \u00e9 o mar, porque foi ele quem o fez,<\/span><br \/>\n<span>a terra s\u00f3lida que as suas m\u00e3os modelaram.<\/span><\/p>\n<div id=\"article-native-inread\" class=\"adslot ay css-p8k4vw\" style=\"text-align: justify;\" data-ay-manager-id=\"article-native-inread\" data-google-query-id=\"CKPrue6VkIUDFUpLuAQdt6kEzA\">\n<div id=\"google_ads_iframe_64500793\/ES_NATIVE_ARTICLE_0__container__\">Vinde, prostremo-nos por terra,<\/div>\n<\/div>\n<p style=\"text-align: justify;\"><span>bendizendo o Senhor, nosso criador.<\/span><br \/>\n<span>Pois ele \u00e9 o nosso Deus,<\/span><br \/>\n<span>e n\u00f3s somos o seu povo,<\/span><br \/>\n<span>o rebanho que ele conduz.<\/span><\/p>\n<p style=\"text-align: justify;\"><span>Que voc\u00ea ou\u00e7a sua voz hoje:<\/span><br \/>\n<span>\u201cN\u00e3o endure\u00e7a o seu cora\u00e7\u00e3o como em Merib\u00e1,<\/span><br \/>\n<span>como no dia de Mass\u00e1 no deserto:<\/span><br \/>\n<span>quando seus pais me testaram e duvidaram de mim, embora tivessem visto minhas obras\u201d.<\/span><\/p>\n<div id=\"article-desk-content-p6-ad\" class=\"adslot ay css-p8k4vw\" style=\"text-align: justify;\" data-ay-manager-id=\"article-desk-content-p6-ad\" data-google-query-id=\"CNrhu-6VkIUDFZ1TuAQd2vUFvA\">\n<div id=\"google_ads_iframe_64500793\/ES_DESK_ARTICLE_WELCOME_1X1_0__container__\">Durante quarenta anos<\/div>\n<\/div>\n<p style=\"text-align: justify;\"><span>aquela gera\u00e7\u00e3o me enojou e eu disse:<\/span><br \/>\n<span>\u201c\u00c9 um povo com o cora\u00e7\u00e3o perdido,<\/span><br \/>\n<span>que n\u00e3o reconhece o meu caminho;<\/span><br \/>\n<span>\u00c9 por isso que jurei na minha raiva<\/span><br \/>\n<span>que eles n\u00e3o entrar\u00e3o no meu descanso.<\/span><\/p>\n<h2 class=\"wp-block-aleteia-rich-list\" style=\"text-align: justify;\"><strong><span>3 L\u00cdNGUA L\u00cdNGUA<\/span><\/strong><\/h2>\n<p style=\"text-align: justify;\"><span>Adore a Eucaristia com este hino escrito por S\u00e3o Tom\u00e1s de Aquino. Em muitas igrejas ressoa na Quinta-feira Santa, no final da Missa da Ceia do Senhor.<\/span><\/p>\n<p style=\"text-align: justify;\"><span>Canta, \u00f3 l\u00edngua, o mist\u00e9rio glorioso<\/span><br \/>\n<span>do Corpo<\/span><br \/>\n<span>e do Sangue precioso<\/span><br \/>\n<span>que o Rei das na\u00e7\u00f5es,<\/span><br \/>\n<span>fruto de um ventre generoso,<\/span><br \/>\n<span>derramou para resgatar o mundo.<\/span><\/p>\n<p style=\"text-align: justify;\"><span>Foi-nos dado, nasceu-nos<\/span><br \/>\n<span>de uma Virgem imaculada;<\/span><br \/>\n<span>e depois de passar a vida no mundo,<\/span><br \/>\n<span>uma vez espalhada a semente da sua palavra,<\/span><br \/>\n<span>terminou o per\u00edodo do ex\u00edlio<\/span><br \/>\n<span>com uma disposi\u00e7\u00e3o admir\u00e1vel.<\/span><\/p>\n<p style=\"text-align: justify;\"><span>Na noite da \u00daltima Ceia,<\/span><br \/>\n<span>sentado \u00e0 mesa com os irm\u00e3os,<\/span><br \/>\n<span>depois de observar integralmente<\/span><br \/>\n<span>a lei relativa \u00e0 alimenta\u00e7\u00e3o legal,<\/span><br \/>\n<span>entrega-se com as pr\u00f3prias m\u00e3os<\/span><br \/>\n<span>como alimento aos doze.<\/span><\/p>\n<p style=\"text-align: justify;\"><span>O Verbo encarnado, o verdadeiro p\u00e3o<\/span><br \/>\n<span>atrav\u00e9s da sua palavra faz a sua carne,<\/span><br \/>\n<span>e o vinho puro torna-se o Sangue de Cristo.<\/span><\/p>\n<p style=\"text-align: justify;\"><span>E embora os sentidos falhem,<\/span><br \/>\n<span>s\u00f3 a f\u00e9 \u00e9 suficiente<\/span><br \/>\n<span>para fortalecer o cora\u00e7\u00e3o na verdade.<\/span><\/p>\n<p style=\"text-align: justify;\"><span>Veneremos, portanto,<\/span><br \/>\n<span>prostrados a t\u00e3o grande sacramento;<\/span><br \/>\n<span>e a velha imagem d\u00e1 lugar<\/span><br \/>\n<span>ao novo rito; A f\u00e9 substitui a incapacidade dos sentidos!<\/span><\/p>\n<p style=\"text-align: justify;\"><span>Ao Pai e ao Filho<\/span><br \/>\n<span>sejam dados louvor e gl\u00f3ria, for\u00e7a, honra,<\/span><br \/>\n<span>poder e b\u00ean\u00e7\u00e3o;<\/span><br \/>\n<span>uma gl\u00f3ria igual seja dada<\/span><br \/>\n<span>\u00c0quele que vem de ambos.<\/span><br \/>\n<span>Am\u00e9m.<\/span><\/p>\n<h2 class=\"wp-block-aleteia-rich-list\" style=\"text-align: justify;\"><strong><span>4 \u201cMEU DEUS, POR QUE VOC\u00ca ME ABANDONOU?\u201d<\/span><\/strong><\/h2>\n<div class=\"block-image-copyrigth-wrap\" style=\"text-align: justify;\">\n<figure class=\"wp-block-image aligncenter size-large is-resized\"><img loading=\"lazy\" decoding=\"async\" class=\"wp-image-801619\" src=\"https:\/\/wp.es.aleteia.org\/wp-content\/uploads\/sites\/7\/2024\/03\/Matthias_Grunewald_-_The_Crucifixion_-_WGA10723.jpg?w=1024\" sizes=\"auto, (max-width: 463px) 100vw, 463px\" srcset=\"https:\/\/wp.es.aleteia.org\/wp-content\/uploads\/sites\/7\/2024\/03\/Matthias_Grunewald_-_The_Crucifixion_-_WGA10723.jpg 1046w, https:\/\/wp.es.aleteia.org\/wp-content\/uploads\/sites\/7\/2024\/03\/Matthias_Grunewald_-_The_Crucifixion_-_WGA10723.jpg?resize=150,129 150w, https:\/\/wp.es.aleteia.org\/wp-content\/uploads\/sites\/7\/2024\/03\/Matthias_Grunewald_-_The_Crucifixion_-_WGA10723.jpg?resize=300,259 300w, https:\/\/wp.es.aleteia.org\/wp-content\/uploads\/sites\/7\/2024\/03\/Matthias_Grunewald_-_The_Crucifixion_-_WGA10723.jpg?resize=1024,883 1024w, https:\/\/wp.es.aleteia.org\/wp-content\/uploads\/sites\/7\/2024\/03\/Matthias_Grunewald_-_The_Crucifixion_-_WGA10723.jpg?resize=620,535 620w, https:\/\/wp.es.aleteia.org\/wp-content\/uploads\/sites\/7\/2024\/03\/Matthias_Grunewald_-_The_Crucifixion_-_WGA10723.jpg?resize=375,323 375w, https:\/\/wp.es.aleteia.org\/wp-content\/uploads\/sites\/7\/2024\/03\/Matthias_Grunewald_-_The_Crucifixion_-_WGA10723.jpg?resize=881,760 881w, https:\/\/wp.es.aleteia.org\/wp-content\/uploads\/sites\/7\/2024\/03\/Matthias_Grunewald_-_The_Crucifixion_-_WGA10723.jpg?resize=630,543 630w\" alt=\"Matthias_Grunewald \u2013 ukrzy\u017cowanie \u2013 o\u0142tarz w Isenheim\" width=\"463\" height=\"399\" \/><\/figure>\n<div class=\"copyright-text\"><span>Domena Publiczna<\/span><\/div>\n<\/div>\n<p style=\"text-align: justify;\"><span>Fale ao Pai com estas palavras que Jesus gritou na cruz pouco antes de morrer. S\u00e3o a primeira frase do Salmo 22, um grito que vai da ang\u00fastia pela persegui\u00e7\u00e3o \u00e0 confian\u00e7a em Deus e na sua salva\u00e7\u00e3o.<\/span><\/p>\n<p style=\"text-align: justify;\"><span>Meu Deus, meu Deus, por que voc\u00ea me abandonou?<\/span><br \/>\n<span>As palavras que jogo n\u00e3o me salvam!<\/span><br \/>\n<span>Meu Deus, durante o dia eu ligo e voc\u00ea n\u00e3o me atende,<\/span><br \/>\n<span>\u00e0 noite, mas n\u00e3o consigo descansar.<\/span><\/p>\n<p style=\"text-align: justify;\"><span>Tu, por\u00e9m, est\u00e1s no Santu\u00e1rio,<\/span><br \/>\n<span>de l\u00e1 sobe at\u00e9 ti o louvor de Israel.<\/span><br \/>\n<span>Em voc\u00ea nossos pais esperaram, eles esperaram e voc\u00ea os libertou.<\/span><br \/>\n<span>Eles clamaram por voc\u00ea e foram libertados, a esperan\u00e7a depositada em voc\u00ea n\u00e3o foi fracassada.<\/span><\/p>\n<p style=\"text-align: justify;\"><span>Mas sou um verme e n\u00e3o mais um homem,<\/span><br \/>\n<span>os homens t\u00eam vergonha de mim e o povo me despreza.<\/span><br \/>\n<span>Todo mundo que me v\u00ea zomba de mim,<\/span><br \/>\n<span>faz caretas e balan\u00e7a a cabe\u00e7a:<\/span><br \/>\n<span>\u201cConfie no Senhor, deixe-o livr\u00e1-lo, deixe-o salv\u00e1-lo se ele o ama!\u201d<\/span><\/p>\n<p style=\"text-align: justify;\"><span>Voc\u00ea me tirou do ventre de minha m\u00e3e,<\/span><br \/>\n<span>me confiou em seus seios maternos.<\/span><br \/>\n<span>Fui dado a voc\u00ea assim que nasci;<\/span><br \/>\n<span>Voc\u00ea \u00e9 meu Deus desde o ventre.<\/span><br \/>\n<span>N\u00e3o se afaste de mim, pois a ang\u00fastia est\u00e1 pr\u00f3xima<\/span><br \/>\n<span>e n\u00e3o h\u00e1 ningu\u00e9m que possa me ajudar.<\/span><\/p>\n<p style=\"text-align: justify;\"><span>Muitos touros me cercam e os touros de Bas\u00e3 me cercam.<\/span><br \/>\n<span>Amea\u00e7ando-me, eles abrem a boca como le\u00f5es que rasgam e rugem.<\/span><br \/>\n<span>Eu sou como a correnteza;<\/span><br \/>\n<span>todos os meus ossos est\u00e3o desconjuntados;<\/span><br \/>\n<span>Meu cora\u00e7\u00e3o se tornou como cera, dentro de mim eles derretem.<\/span><\/p>\n<p style=\"text-align: justify;\"><span>Minha garganta est\u00e1 seca como um ladrilho e minha l\u00edngua est\u00e1 presa no c\u00e9u da boca:<\/span><br \/>\n<span>eles est\u00e3o prontos para me jogar na cova.<\/span><br \/>\n<span>Como c\u00e3es de ataque eles me cercam, um bando de pessoas m\u00e1s me encurrala. Eles machucaram minhas m\u00e3os e meus p\u00e9s.<\/span><\/p>\n<p style=\"text-align: justify;\"><span>De tanto olhar e observar-me<\/span><br \/>\n<span>puderam contar todos os meus ossos.<\/span><br \/>\n<span>Distribuem entre si as minhas vestes<\/span><br \/>\n<span>e jogam \u00e0 sorte a minha t\u00fanica.<\/span><\/p>\n<p style=\"text-align: justify;\"><span>Mas tu, Senhor, n\u00e3o fiques longe;<\/span><br \/>\n<span>Minha for\u00e7a, corra para me ajudar!<\/span><br \/>\n<span>Livra minha alma da espada,<\/span><br \/>\n<span>salva minha vida das garras do cachorro.<\/span><br \/>\n<span>Salva-me da boca do le\u00e3o,<\/span><br \/>\n<span>e dos chifres do touro, do pequeno que sou. Falarei do teu Nome aos meus irm\u00e3os,<\/span><br \/>\n<span>no meio da congrega\u00e7\u00e3o te louvarei.<\/span><\/p>\n<h2 class=\"wp-block-aleteia-rich-list\" style=\"text-align: justify;\"><strong><span>5 TER\u00c7O DA DIVINA MISERIC\u00d3RDIA<\/span><\/strong><\/h2>\n<div class=\"block-image-copyrigth-wrap\" style=\"text-align: justify;\">\n<figure class=\"wp-block-image size-large is-resized\"><img loading=\"lazy\" decoding=\"async\" class=\"wp-image-779563\" src=\"https:\/\/wp.es.aleteia.org\/wp-content\/uploads\/sites\/7\/2023\/10\/jezus-milosierny-shutterstock_2288579275.jpg?w=1024\" sizes=\"auto, (max-width: 740px) 100vw, 740px\" srcset=\"https:\/\/wp.es.aleteia.org\/wp-content\/uploads\/sites\/7\/2023\/10\/jezus-milosierny-shutterstock_2288579275.jpg?resize=150,100 150w, https:\/\/wp.es.aleteia.org\/wp-content\/uploads\/sites\/7\/2023\/10\/jezus-milosierny-shutterstock_2288579275.jpg?resize=300,200 300w, https:\/\/wp.es.aleteia.org\/wp-content\/uploads\/sites\/7\/2023\/10\/jezus-milosierny-shutterstock_2288579275.jpg?resize=266,177 266w\" alt=\"Jezus Mi\u0142osierny\" width=\"740\" height=\"490\" \/><\/figure>\n<div class=\"copyright-text\"><span>godongfoto | Obturador<\/span><\/div>\n<\/div>\n<p style=\"text-align: justify;\"><span>Pe\u00e7a miseric\u00f3rdia ao Pai, confiando na paix\u00e3o salv\u00edfica do seu Filho, com esta ora\u00e7\u00e3o repetitiva rezada pela primeira vez por\u00a0<\/span><a title=\"Santa Faustina Kowalska.\" href=\"https:\/\/es.aleteia.org\/tag\/sor-faustina-kowalska\/\" target=\"_blank\" rel=\"noopener\"><span>Santa Faustina Kowalska.<\/span><\/a><span>\u00a0\u00c9 tradi\u00e7\u00e3o faz\u00ea-lo \u00e0s tr\u00eas da tarde, hora em que Jesus morreu.<\/span><\/p>\n<p style=\"text-align: justify;\"><span>Depois de rezarmos um Pai Nosso, uma Ave Maria e um Credo, rezamos com as<\/span><br \/>\n<span>contas do Ros\u00e1rio:<\/span><\/p>\n<p style=\"text-align: justify;\"><span>No in\u00edcio de cada dezena (1 vez):<\/span><br \/>\n<span>Pai Eterno, ofere\u00e7o-Te o Corpo e o Sangue, a Alma e a Divindade do Teu<\/span><br \/>\n<span>Filho Amad\u00edssimo, Nosso Senhor Jesus Cristo, como propicia\u00e7\u00e3o pelos nossos pecados e pelos do<\/span><br \/>\n<span>mundo inteiro.<\/span><\/p>\n<p style=\"text-align: justify;\"><span>A cada contagem de dez (10 vezes):<\/span><br \/>\n<span>Pela Sua dolorosa Paix\u00e3o, tende piedade de n\u00f3s e do mundo inteiro.<\/span><br \/>\n<span>Quando terminar (3 vezes):<\/span><\/p>\n<p style=\"text-align: justify;\"><span>Santo Deus, Santo Poderoso, Santo Imortal, tende piedade de n\u00f3s e do mundo inteiro.<\/span><\/p>\n<h2 class=\"wp-block-aleteia-rich-list\" style=\"text-align: justify;\"><strong><span>6 CAMINHO DA CRUZ<\/span><\/strong><\/h2>\n<p style=\"text-align: justify;\"><span>Acompanhe Jesus no seu caminho at\u00e9 \u00e0 cruz, revivendo a sua paix\u00e3o e a sua morte. Voc\u00ea pode<\/span><br \/>\n<span>meditar em 14 momentos que aconteceram em Jerusal\u00e9m, desde o Pret\u00f3rio de Pilatos at\u00e9<\/span><br \/>\n<span>o Calv\u00e1rio. Ao final de cada uma delas, chamadas de esta\u00e7\u00f5es, costuma-se rezar esta ora\u00e7\u00e3o:<\/span><\/p>\n<blockquote class=\"wp-block-aleteia-blockquote\"><p><span>N\u00f3s te adoramos, Senhor Jesus Cristo, e te aben\u00e7oamos, porque com a tua santa Cruz redimiste o mundo\u201d.<\/span><\/p><\/blockquote>\n<div class=\"wp-block-aleteia-read-also read-also\" style=\"text-align: justify;\" data-category=\"Espiritualidad\" data-category-english=\"spirituality\">\n<figure><img decoding=\"async\" src=\"https:\/\/wp.es.aleteia.org\/wp-content\/uploads\/sites\/7\/2020\/05\/web-via-crucis-church-fr-lawrence-lew-o.p.cc-by-nc-nd-2.0.jpg?w=300&amp;h=169&amp;crop=1\" alt=\"CAMINHO DA CRUZ\" \/><\/figure>\n<div class=\"read-also-inner\"><em><span>Voc\u00ea pode estar interessado:<\/span><\/em><a href=\"https:\/\/es.aleteia.org\/2017\/03\/17\/el-viacrucis-una-de-las-devociones-cristianas-mas-antiguas\/\" target=\"_self\" rel=\"noopener\"><span>A Via Crucis, uma das mais antigas devo\u00e7\u00f5es crist\u00e3s<\/span><\/a><\/div>\n<\/div>\n<h2 class=\"wp-block-aleteia-rich-list\" style=\"text-align: justify;\"><strong><span>7 STABAT MATER<\/span><\/strong><\/h2>\n<p style=\"text-align: justify;\"><span>Esta ora\u00e7\u00e3o medieval centra-se na Virgem Maria aos p\u00e9s da cruz com a qual voc\u00ea pode compartilhar o seu sofrimento. Grandes artistas colocaram m\u00fasica e imagens neste momento marcante da vida da M\u00e3e de Jesus.<\/span><\/p>\n<p style=\"text-align: justify;\"><span>A M\u00e3e dolorosa ficou<\/span><br \/>\n<span>ao lado da Cruz, chorando,<\/span><br \/>\n<span>enquanto o Filho estava pendurado.<\/span><br \/>\n<span>Cuja alma gemendo,<\/span><br \/>\n<span>triste e sofredora<\/span><br \/>\n<span>a espada perfurou.<\/span><\/p>\n<p style=\"text-align: justify;\"><span>Oh, qu\u00e3o triste e angustiada<\/span><br \/>\n<span>estava aquela bendita<\/span><br \/>\n<span>M\u00e3e do Unig\u00eanito!\u00a0A piedosa M\u00e3e que viu as dores do seu excelente Filho<\/span><br \/>\n<span>definhou e sofreu\u00a0.<\/span><\/p>\n<p style=\"text-align: justify;\"><span>Qual homem n\u00e3o choraria<\/span><br \/>\n<span>se visse a M\u00e3e de Cristo<\/span><br \/>\n<span>em tal tormento?<\/span><br \/>\n<span>Quem n\u00e3o ficaria triste<\/span><br \/>\n<span>ao contemplar a M\u00e3e<\/span><br \/>\n<span>com o seu Filho sofredor?<\/span><\/p>\n<p style=\"text-align: justify;\"><span>Pelos pecados do seu povo<\/span><br \/>\n<span>ele viu Jesus em tormento<\/span><br \/>\n<span>e prostrou-se com a\u00e7oites.<\/span><br \/>\n<span>Ele viu seu doce Filho<\/span><br \/>\n<span>morrer desoladamente<\/span><br \/>\n<span>ao entregar seu esp\u00edrito.<\/span><\/p>\n<p style=\"text-align: justify;\"><span>Oh, M\u00e3e, fonte de amor,<\/span><br \/>\n<span>fa\u00e7a-me sentir sua dor,<\/span><br \/>\n<span>com voc\u00ea eu quero chorar.<\/span><br \/>\n<span>Fa\u00e7a meu cora\u00e7\u00e3o arder<\/span><br \/>\n<span>com o amor do meu Deus<\/span><br \/>\n<span>e para cumprir a sua vontade.<\/span><\/p>\n<p style=\"text-align: justify;\"><span>Santa M\u00e3e, pe\u00e7o-te<\/span><br \/>\n<span>que perfure as feridas<\/span><br \/>\n<span>do Crucificado em meu cora\u00e7\u00e3o.<\/span><br \/>\n<span>Do seu Filho gravemente ferido<\/span><br \/>\n<span>que tanto sofreu por mim, compartilhe comigo a dor.<\/span><\/p>\n<p style=\"text-align: justify;\"><span>Deixe-me chorar com voc\u00ea<\/span><br \/>\n<span>, chorar por seu Filho<\/span><br \/>\n<span>enquanto estou vivo.<\/span><br \/>\n<span>Ao lado da Cruz contigo<\/span><br \/>\n<span>e associar-me contigo<\/span><br \/>\n<span>em l\u00e1grimas \u00e9 o meu desejo.<\/span><\/p>\n<p style=\"text-align: justify;\"><span>Virgem das Virgens ilustre,<\/span><br \/>\n<span>n\u00e3o seja amarga comigo,<\/span><br \/>\n<span>deixe-me chorar com voc\u00ea.<\/span><br \/>\n<span>Fa\u00e7a-me chorar a morte de Cristo,<\/span><br \/>\n<span>fa\u00e7a-me parceiro da sua paix\u00e3o,<\/span><br \/>\n<span>fa\u00e7a-me ficar com as suas feridas.<\/span><\/p>\n<p style=\"text-align: justify;\"><span>Faz com que me doam as suas feridas,<\/span><br \/>\n<span>faz com que me embriague com a Cruz<\/span><br \/>\n<span>e com o Sangue do teu Filho.<\/span><br \/>\n<span>Para que eu n\u00e3o queime nas chamas,<\/span><br \/>\n<span>defende-me, Virgem Santa,<\/span><br \/>\n<span>no dia do julgamento.<\/span><\/p>\n<p style=\"text-align: justify;\"><span>Quando, Cristo, eu tiver que partir,<\/span><br \/>\n<span>faz com que tua M\u00e3e me guie<\/span><br \/>\n<span>at\u00e9 a palma da vit\u00f3ria.<\/span><br \/>\n<span>Quando o corpo estiver morto,<\/span><br \/>\n<span>fa\u00e7a com que a alma receba<\/span><br \/>\n<span>a gl\u00f3ria do Para\u00edso.<\/span><br \/>\n<span>Am\u00e9m.<\/span><\/p>\n<h2 class=\"wp-block-aleteia-rich-list\" style=\"text-align: justify;\"><strong><span>8 SEQU\u00caNCIA DE P\u00c1SCOA<\/span><\/strong><\/h2>\n<div class=\"block-image-copyrigth-wrap\" style=\"text-align: justify;\">\n<figure class=\"wp-block-image size-large is-resized\"><img loading=\"lazy\" decoding=\"async\" class=\"wp-image-507098\" src=\"https:\/\/wp.es.aleteia.org\/wp-content\/uploads\/sites\/7\/2020\/04\/la-resurrezione-da-manzoni-a-betocchi_articleimage.jpg?w=770\" sizes=\"auto, (max-width: 726px) 100vw, 726px\" srcset=\"https:\/\/wp.es.aleteia.org\/wp-content\/uploads\/sites\/7\/2020\/04\/la-resurrezione-da-manzoni-a-betocchi_articleimage.jpg 770w, https:\/\/wp.es.aleteia.org\/wp-content\/uploads\/sites\/7\/2020\/04\/la-resurrezione-da-manzoni-a-betocchi_articleimage.jpg?resize=150,100 150w, https:\/\/wp.es.aleteia.org\/wp-content\/uploads\/sites\/7\/2020\/04\/la-resurrezione-da-manzoni-a-betocchi_articleimage.jpg?resize=300,201 300w, https:\/\/wp.es.aleteia.org\/wp-content\/uploads\/sites\/7\/2020\/04\/la-resurrezione-da-manzoni-a-betocchi_articleimage.jpg?resize=620,415 620w, https:\/\/wp.es.aleteia.org\/wp-content\/uploads\/sites\/7\/2020\/04\/la-resurrezione-da-manzoni-a-betocchi_articleimage.jpg?resize=360,240 360w, https:\/\/wp.es.aleteia.org\/wp-content\/uploads\/sites\/7\/2020\/04\/la-resurrezione-da-manzoni-a-betocchi_articleimage.jpg?resize=375,251 375w, https:\/\/wp.es.aleteia.org\/wp-content\/uploads\/sites\/7\/2020\/04\/la-resurrezione-da-manzoni-a-betocchi_articleimage.jpg?resize=630,421 630w, https:\/\/wp.es.aleteia.org\/wp-content\/uploads\/sites\/7\/2020\/04\/la-resurrezione-da-manzoni-a-betocchi_articleimage.jpg?resize=266,177 266w\" alt=\"the-resurrezione-da-manzoni-a-betocchi_articleimage.jpg\" width=\"726\" height=\"485\" \/><\/figure>\n<div class=\"copyright-text\"><span>Convento de S\u00e3o Marcos, Floren\u00e7a<\/span><\/div>\n<\/div>\n<p style=\"text-align: justify;\"><span>Celebre a ressurrei\u00e7\u00e3o de Cristo com este hino triunfante cantado desde a Idade M\u00e9dia. \u00c9 rezado na missa de P\u00e1scoa, no domingo e durante toda a oitava.<\/span><\/p>\n<p style=\"text-align: justify;\"><span>Que os crist\u00e3os ofere\u00e7am louvor \u00e0 v\u00edtima da P\u00e1scoa\u00a0 .<\/span><br \/>\n<span>O Cordeiro redimiu as ovelhas:\u00a0<\/span><br \/>\n<span>Cristo inocente\u00a0<\/span><br \/>\n<span>reconciliou os pecadores com o Pai.<\/span><\/p>\n<p style=\"text-align: justify;\"><span>A Morte e a Vida se enfrentaram\u00a0<\/span><br \/>\n<span>numa luta singular.\u00a0<\/span><br \/>\n<span>O dono da Vida, que havia morrido,\u00a0<\/span><br \/>\n<span>reina vivo.<\/span><\/p>\n<p style=\"text-align: justify;\"><span>Diga-nos, Mar\u00eda,<\/span><br \/>\n<span>o que voc\u00ea viu no caminho?<\/span><br \/>\n<span>Vi o t\u00famulo do Cristo vivo\u00a0<\/span><br \/>\n<span>e a gl\u00f3ria daquele que ressuscitou:\u00a0<\/span><br \/>\n<span>alguns anjos,<\/span><br \/>\n<span>o sud\u00e1rio e as roupas.<\/span><\/p>\n<p style=\"text-align: justify;\"><span>Cristo, minha esperan\u00e7a, ressuscitou:<\/span><br \/>\n<span>preceder\u00e1 os seus na Galileia.\u00a0<\/span><br \/>\n<span>Sabemos que Cristo ressuscitou verdadeiramente<\/span><br \/>\n<span>dos mortos.<\/span><br \/>\n<span>Voc\u00ea, rei vitorioso, tenha piedade.<\/span><br \/>\n<span>Am\u00e9m, Aleluia.<\/span><\/p>\n","protected":false},"excerpt":{"rendered":"<p>Uma variedade de ora\u00e7\u00f5es para saudar Jesus, adorar a Eucaristia, exaltar a cruz e unir-se a Deus atrav\u00e9s da morte e ressurrei\u00e7\u00e3o de seu Filho Apresentamos uma s\u00e9rie de ora\u00e7\u00f5es que voc\u00ea poder\u00e1 fazer durante a\u00a0Semana Santa\u00a0que estamos prestes a celebrar. 1 HOSANA! Louve a Deus como fazem os anjos (\u00a0Isa\u00edas 6:3\u00a0), com as palavras [&hellip;]<\/p>\n","protected":false},"author":1,"featured_media":87798,"comment_status":"open","ping_status":"closed","sticky":false,"template":"","format":"standard","meta":{"footnotes":""},"categories":[4],"tags":[],"class_list":["post-87797","post","type-post","status-publish","format-standard","has-post-thumbnail","hentry","category-cotidiano"],"_links":{"self":[{"href":"https:\/\/catolicanet.net\/wp-cnet\/wp-json\/wp\/v2\/posts\/87797","targetHints":{"allow":["GET"]}}],"collection":[{"href":"https:\/\/catolicanet.net\/wp-cnet\/wp-json\/wp\/v2\/posts"}],"about":[{"href":"https:\/\/catolicanet.net\/wp-cnet\/wp-json\/wp\/v2\/types\/post"}],"author":[{"embeddable":true,"href":"https:\/\/catolicanet.net\/wp-cnet\/wp-json\/wp\/v2\/users\/1"}],"replies":[{"embeddable":true,"href":"https:\/\/catolicanet.net\/wp-cnet\/wp-json\/wp\/v2\/comments?post=87797"}],"version-history":[{"count":1,"href":"https:\/\/catolicanet.net\/wp-cnet\/wp-json\/wp\/v2\/posts\/87797\/revisions"}],"predecessor-version":[{"id":87800,"href":"https:\/\/catolicanet.net\/wp-cnet\/wp-json\/wp\/v2\/posts\/87797\/revisions\/87800"}],"wp:featuredmedia":[{"embeddable":true,"href":"https:\/\/catolicanet.net\/wp-cnet\/wp-json\/wp\/v2\/media\/87798"}],"wp:attachment":[{"href":"https:\/\/catolicanet.net\/wp-cnet\/wp-json\/wp\/v2\/media?parent=87797"}],"wp:term":[{"taxonomy":"category","embeddable":true,"href":"https:\/\/catolicanet.net\/wp-cnet\/wp-json\/wp\/v2\/categories?post=87797"},{"taxonomy":"post_tag","embeddable":true,"href":"https:\/\/catolicanet.net\/wp-cnet\/wp-json\/wp\/v2\/tags?post=87797"}],"curies":[{"name":"wp","href":"https:\/\/api.w.org\/{rel}","templated":true}]}}