{"id":87777,"date":"2024-03-25T09:09:49","date_gmt":"2024-03-25T12:09:49","guid":{"rendered":"https:\/\/catolicanet.net\/wp-cnet\/?p=87777"},"modified":"2024-03-25T16:34:23","modified_gmt":"2024-03-25T19:34:23","slug":"papa-aos-jovens-vos-sois-a-esperanca-viva-de-uma-igreja-em-caminho","status":"publish","type":"post","link":"https:\/\/catolicanet.net\/wp-cnet\/papa-aos-jovens-vos-sois-a-esperanca-viva-de-uma-igreja-em-caminho\/","title":{"rendered":"Papa aos jovens: v\u00f3s sois a esperan\u00e7a viva de uma Igreja em caminho"},"content":{"rendered":"<figure class=\"article__image\" style=\"text-align: justify;\"><span class=\"didascalia_img\">Papa Francisco durante a JMJ 2023 em Lisboa, Portugal\u00a0 (VATICAN MEDIA Divisione Foto)<\/span><\/figure>\n<div class=\"article__meta audioInside\" data-mediatype=\"\">\n<div class=\"article__subTitle\" style=\"text-align: justify;\">Por ocasi\u00e3o do quinto anivers\u00e1rio da publica\u00e7\u00e3o da exorta\u00e7\u00e3o apost\u00f3lica p\u00f3s-sinodal &#8220;Christus Vivit&#8221;, o Papa envia uma mensagem aos jovens de todo o mundo. \u201cCristo vive e ama-te infinitamente. E o seu amor por ti n\u00e3o est\u00e1 condicionado pelas tuas quedas ou pelos teus erros. Ele que deu a sua vida por ti, n\u00e3o espera pela tua perfei\u00e7\u00e3o para te amar\u201d, enfatiza Francisco.<\/div>\n<div class=\"title__separator\" style=\"text-align: justify;\"><\/div>\n<div class=\"article__text\">\n<p style=\"text-align: justify;\"><b>Thulio Fonseca \u2013 Vatican News<\/b><\/p>\n<div style=\"text-align: justify;\">\n<div class=\"article__embed article__embed--unwrap article__embed--dark\">\n<div class=\"article__innerTitle\">Ou\u00e7a e compartilhe<\/div>\n<div>\n<!--[if lt IE 9]><script>document.createElement('audio');<\/script><![endif]-->\n<audio class=\"wp-audio-shortcode\" id=\"audio-87777-1\" preload=\"none\" style=\"width: 100%;\" controls=\"controls\"><source type=\"audio\/mpeg\" src=\"https:\/\/media.vaticannews.va\/media\/audio\/s1\/2024\/03\/25\/15\/137831305_F137831305.mp3?_=1\" \/><a href=\"https:\/\/media.vaticannews.va\/media\/audio\/s1\/2024\/03\/25\/15\/137831305_F137831305.mp3\">https:\/\/media.vaticannews.va\/media\/audio\/s1\/2024\/03\/25\/15\/137831305_F137831305.mp3<\/a><\/audio>\n<\/div>\n<\/div>\n<\/div>\n<p style=\"text-align: justify;\">\u201cQueridos jovens, Cristo vive e quer-vos vivos! Queria, antes de mais nada, que as minhas palavras reavivassem em v\u00f3s a esperan\u00e7a. De fato, no atual contexto internacional marcado por tantos conflitos, tantos sofrimentos, posso imaginar que muitos de v\u00f3s se sintam desanimados. Por isso desejo come\u00e7ar, juntamente convosco, do an\u00fancio que est\u00e1 no alicerce da esperan\u00e7a para n\u00f3s e toda a humanidade: Cristo vive!\u201d Essas s\u00e3o as palavras iniciais do Papa Francisco em sua\u00a0<a href=\"https:\/\/www.vatican.va\/content\/francesco\/pt\/messages\/pont-messages\/2024\/documents\/20240325-messaggio-christus-vivit.html\" rel=\"external\">mensagem<\/a>\u00a0direcionada aos jovens, cinco anos ap\u00f3s a publica\u00e7\u00e3o da\u00a0<a href=\"https:\/\/www.vatican.va\/content\/francesco\/pt\/apost_exhortations\/documents\/papa-francesco_esortazione-ap_20190325_christus-vivit.html\" rel=\"external\">Exorta\u00e7\u00e3o apost\u00f3lica Christus Vivit<\/a>, fruto da Assembleia do S\u00ednodo dos Bispos que teve como tema: \u201cOs jovens, a f\u00e9 e o discernimento vocacional\u201d.<\/p>\n<p style=\"text-align: justify;\">No texto, o Santo Padre volta-se para a juventude, convidando-os a n\u00e3o se deixarem dominar pelo medo e pelo des\u00e2nimo, mas a serem motores para o mundo:<\/p>\n<div style=\"text-align: justify;\">\n<div class=\"article__embed article__embed--border embed_style\">\n<blockquote><p>\u201cRecomendo-vos que nunca nos deixeis faltar o vosso barulho bom, o vosso impulso como o de um motor limpo e \u00e1gil, o vosso modo original de viver e anunciar a alegria de Jesus Ressuscitado!\u201d<\/p><\/blockquote>\n<\/div>\n<\/div>\n<h2 style=\"text-align: justify;\">Compartilhar com Cristo as alegrias e os sofrimentos<\/h2>\n<p style=\"text-align: justify;\">Em sua mensagem, o Papa parte do querigma, a proclama\u00e7\u00e3o da salva\u00e7\u00e3o que \u00e9 o fundamento da esperan\u00e7a para toda a humanidade: \u201cCristo vive e ama-te infinitamente. E o seu amor por ti n\u00e3o est\u00e1 condicionado pelas tuas quedas ou pelos teus erros. Ele que deu a sua vida por ti, n\u00e3o espera pela tua perfei\u00e7\u00e3o para te amar\u201d.<\/p>\n<p style=\"text-align: justify;\"><i>&#8220;Olha os seus bra\u00e7os abertos na cruz e \u00abdeixa-te salvar sempre de novo\u00bb, caminha com Ele como com um amigo, acolhe-O na tua vida e deixa-O compartilhar as alegrias e as esperan\u00e7as, os sofrimentos e as ang\u00fastias da tua juventude. Ver\u00e1s que o teu caminho se iluminar\u00e1 e at\u00e9 os fardos maiores se h\u00e3o de tornar menos pesados, porque estar\u00e1 Ele a carreg\u00e1-los contigo.&#8221;<\/i><\/p>\n<h2 style=\"text-align: justify;\">&#8220;Fazei-vos ouvir!&#8221;<\/h2>\n<p style=\"text-align: justify;\">O desejo do Pont\u00edfice \u00e9 que todos percebam este an\u00fancio como &#8220;vivo e verdadeiro&#8221; em suas pr\u00f3prias vidas e sintam o impulso de compartilh\u00e1-lo com seus amigos. &#8220;Sim, porque voc\u00eas t\u00eam esta grande miss\u00e3o: testemunhar a todos a alegria que vem da amizade com Cristo&#8221;, enfatiza Francisco.<\/p>\n<p style=\"text-align: justify;\">O Papa ent\u00e3o recorda o seu primeiro contato, logo que foi eleito, com jovens de todo o mundo durante a JMJ no Rio de Janeiro, em 2013:<\/p>\n<p style=\"text-align: justify;\"><i>&#8220;Ao in\u00edcio do meu Pontificado, durante a JMJ do Rio de Janeiro, disse-vos alto e bom som: fazei-vos ouvir! \u201cHagan lio!\u201d. E o mesmo continuo a pedir-vos hoje: fazei-vos ouvir, gritai, n\u00e3o tanto com a voz mas sobretudo com a vida e o cora\u00e7\u00e3o, esta verdade: Cristo vive! Para que toda a Igreja seja impelida a levantar-se e p\u00f4r-se incessantemente a caminho a fim de levar a sua Boa Nova a todo o mundo.&#8221;<\/i><\/p>\n<h2 style=\"text-align: justify;\">Artes\u00e3os do futuro<\/h2>\n<p style=\"text-align: justify;\">O Papa Francisco tamb\u00e9m lembra que no pr\u00f3ximo dia 14 de abril ser\u00e1 o 40\u00ba anivers\u00e1rio do primeiro grande encontro de jovens em 1984, por ocasi\u00e3o do Ano Santo da Reden\u00e7\u00e3o. Foi o &#8220;desdobramento&#8221; das futuras Jornadas Mundiais da Juventude e, no final daquele ano jubilar, Jo\u00e3o Paulo II entregou uma Cruz aos jovens com &#8220;a miss\u00e3o de lev\u00e1-la ao mundo inteiro como sinal e lembran\u00e7a de que somente em Jesus morto e ressuscitado h\u00e1 salva\u00e7\u00e3o e reden\u00e7\u00e3o&#8221;.<\/p>\n<p style=\"text-align: justify;\"><i>&#8220;Contemplai Jesus assim: vivo e transbordante de alegria, vencedor da morte, um amigo que vos ama e quer viver em v\u00f3s. S\u00f3 assim, \u00e0 luz da sua presen\u00e7a, \u00e9 que ser\u00e1 fecunda a mem\u00f3ria do passado e tereis a coragem de viver o presente e enfrentar o futuro com esperan\u00e7a. Podereis livremente assumir a hist\u00f3ria das vossas fam\u00edlias, dos vossos av\u00f3s, dos vossos pais, das tradi\u00e7\u00f5es religiosas dos vossos pa\u00edses, para serdes, por vossa vez, construtores do amanh\u00e3, \u201cartes\u00e3os\u201d do futuro.&#8221;<\/i><\/p>\n<h2 style=\"text-align: justify;\">Sinodalidade, fruto do contato com os jovens<\/h2>\n<p style=\"text-align: justify;\">Ao refletir especificamente sobre a exorta\u00e7\u00e3o &#8220;Christus Vivit&#8221;, que retrata a imagem de uma Igreja que quer caminhar junto e, portanto, escuta, dialoga e discerne constantemente a vontade do Senhor, Francisco recorda que h\u00e1 mais de cinco anos, muitos jovens de v\u00e1rias partes do mundo foram convidados a compartilhar suas expectativas e desejos em vista do S\u00ednodo sobre os Jovens.<\/p>\n<p style=\"text-align: justify;\"><i>&#8220;Centenas de jovens vieram a Roma e trabalharam juntos durante alguns dias, recolhendo as ideias a propor: gra\u00e7as ao seu trabalho, os Bispos puderam conhecer e aprofundar uma vis\u00e3o mais ampla do mundo e da Igreja. Foi um verdadeiro \u201cexperimento sinodal\u201d, que produziu muitos frutos e preparou a estrada tamb\u00e9m para um outro S\u00ednodo, aquele que estamos vivendo nos \u00faltimos anos, precisamente sobre a sinodalidade.&#8221;<\/i><\/p>\n<p style=\"text-align: justify;\">Na conclus\u00e3o da mensagem, o Papa se dirige diretamente aos jovens expressando sua gratid\u00e3o: \u201cQueridos jovens, v\u00f3s sois a esperan\u00e7a viva de uma Igreja em caminho! Por isso agrade\u00e7o a vossa presen\u00e7a e contribui\u00e7\u00e3o para a vida do Corpo de Cristo\u201d.<\/p>\n<\/div>\n<\/div>\n","protected":false},"excerpt":{"rendered":"<p>Papa Francisco durante a JMJ 2023 em Lisboa, Portugal\u00a0 (VATICAN MEDIA Divisione Foto) Por ocasi\u00e3o do quinto anivers\u00e1rio da publica\u00e7\u00e3o da exorta\u00e7\u00e3o apost\u00f3lica p\u00f3s-sinodal &#8220;Christus Vivit&#8221;, o Papa envia uma mensagem aos jovens de todo o mundo. \u201cCristo vive e ama-te infinitamente. E o seu amor por ti n\u00e3o est\u00e1 condicionado pelas tuas quedas ou [&hellip;]<\/p>\n","protected":false},"author":1,"featured_media":87778,"comment_status":"open","ping_status":"closed","sticky":false,"template":"","format":"standard","meta":{"footnotes":""},"categories":[13,3],"tags":[],"class_list":["post-87777","post","type-post","status-publish","format-standard","has-post-thumbnail","hentry","category-featured","category-vaticano"],"_links":{"self":[{"href":"https:\/\/catolicanet.net\/wp-cnet\/wp-json\/wp\/v2\/posts\/87777","targetHints":{"allow":["GET"]}}],"collection":[{"href":"https:\/\/catolicanet.net\/wp-cnet\/wp-json\/wp\/v2\/posts"}],"about":[{"href":"https:\/\/catolicanet.net\/wp-cnet\/wp-json\/wp\/v2\/types\/post"}],"author":[{"embeddable":true,"href":"https:\/\/catolicanet.net\/wp-cnet\/wp-json\/wp\/v2\/users\/1"}],"replies":[{"embeddable":true,"href":"https:\/\/catolicanet.net\/wp-cnet\/wp-json\/wp\/v2\/comments?post=87777"}],"version-history":[{"count":1,"href":"https:\/\/catolicanet.net\/wp-cnet\/wp-json\/wp\/v2\/posts\/87777\/revisions"}],"predecessor-version":[{"id":87780,"href":"https:\/\/catolicanet.net\/wp-cnet\/wp-json\/wp\/v2\/posts\/87777\/revisions\/87780"}],"wp:featuredmedia":[{"embeddable":true,"href":"https:\/\/catolicanet.net\/wp-cnet\/wp-json\/wp\/v2\/media\/87778"}],"wp:attachment":[{"href":"https:\/\/catolicanet.net\/wp-cnet\/wp-json\/wp\/v2\/media?parent=87777"}],"wp:term":[{"taxonomy":"category","embeddable":true,"href":"https:\/\/catolicanet.net\/wp-cnet\/wp-json\/wp\/v2\/categories?post=87777"},{"taxonomy":"post_tag","embeddable":true,"href":"https:\/\/catolicanet.net\/wp-cnet\/wp-json\/wp\/v2\/tags?post=87777"}],"curies":[{"name":"wp","href":"https:\/\/api.w.org\/{rel}","templated":true}]}}