{"id":87771,"date":"2024-03-28T09:04:52","date_gmt":"2024-03-28T12:04:52","guid":{"rendered":"https:\/\/catolicanet.net\/wp-cnet\/?p=87771"},"modified":"2024-03-25T16:06:11","modified_gmt":"2024-03-25T19:06:11","slug":"missa-vespertina-da-ceia-do-senhor","status":"publish","type":"post","link":"https:\/\/catolicanet.net\/wp-cnet\/missa-vespertina-da-ceia-do-senhor\/","title":{"rendered":"Missa Vespertina da Ceia do Senhor"},"content":{"rendered":"<p style=\"text-align: center;\"><strong><em>Tr\u00edduo Pascal<\/em><\/strong><\/p>\n<p style=\"text-align: center;\">\u201c<em>O c\u00e1lice por n\u00f3s aben\u00e7oado, \u00e9 a nossa comunh\u00e3o com o sangue do Senhor\u201d (Sl 115)<\/em><\/p>\n<p style=\"text-align: justify;\">Iniciamos com essa celebra\u00e7\u00e3o da missa da ceia do Senhor e o rito do lava-p\u00e9s o Tr\u00edduo Pascal. A partir de hoje at\u00e9 \u00e0s v\u00e9speras do Domingo de P\u00e1scoa, culminando no s\u00e1bado, na Vig\u00edlia Pascal celebramos o \u00e1pice de nossa liturgia e nossa f\u00e9. De quinta \u00e0 noite \u00e0 b\u00ean\u00e7\u00e3o no final da vig\u00edlia pascal \u00e9 uma \u00fanica missa. Na quinta-feira santa \u00e0 noite ao final da missa n\u00e3o tem a ben\u00e7\u00e3o final pois com a translada\u00e7\u00e3o do Santissimo Sacramento toda a comunidade se recolhe para a adora\u00e7\u00e3o e permanece em sil\u00eancio. Na Sexta-Feira Santa, \u00e0 tarde acontece a celebra\u00e7\u00e3o da Paix\u00e3o (inicia no sil\u00eancio e se conclui no sil\u00eancio) e no s\u00e1bado \u00e0 noite a grande Vig\u00edlia Pascal, e, ao final da vig\u00edlia terminar\u00e1 a \u201cmissa\u201d iniciada na Quinta-Feira com a ben\u00e7\u00e3o final.<\/p>\n<p style=\"text-align: justify;\">Somos convidados a partir de hoje a viver com intensidade o Tr\u00edduo Pascal e devemos participar de todas as celebra\u00e7\u00f5es. Essas celebra\u00e7\u00f5es s\u00e3o o centro da nossa f\u00e9 e nos alimentam espiritualmente. Nesta Quinta-feira Santa celebramos a raz\u00e3o de ser da Igreja, a institui\u00e7\u00e3o da Eucaristia, pois sem Eucaristia n\u00e3o haveria raz\u00e3o da Igreja existir. E consequentemente, na Sexta e no S\u00e1bado celebramos o mist\u00e9rio da paix\u00e3o, morte e ressurrei\u00e7\u00e3o de Jesus.<\/p>\n<p style=\"text-align: justify;\">Ao longo da Semana Santa e sobretudo no Tr\u00edduo Pascal temos que participar de todas as celebra\u00e7\u00f5es, ou seja, fazer P\u00e1scoa, passar com Jesus da morte para a vida ou seja, passar do calv\u00e1rio para a ressurrei\u00e7\u00e3o, participando de todos os momentos da vida de Jesus, desde a pris\u00e3o, condena\u00e7\u00e3o, paix\u00e3o, morte e ressurrei\u00e7\u00e3o.<\/p>\n<p style=\"text-align: justify;\">Com a institui\u00e7\u00e3o da Eucaristia, conhecida por n\u00f3s como a \u00faltima ceia que celebramos na quinta-feira santa \u00e0 tarde\/noite, fazemos mem\u00f3ria daquilo que Jesus fez e repetimos esse momento em todas as missas atualizando a entrega de Jesus por n\u00f3s. Em todas as missas fazemos mem\u00f3ria do mist\u00e9rio pascal de Cristo e cremos por meio da f\u00e9 que Ele est\u00e1 presente no meio de n\u00f3s e que aquelas esp\u00e9cies do p\u00e3o e do vinho se tornaram no Corpo e Sangue de Jesus.<\/p>\n<p style=\"text-align: justify;\">O mist\u00e9rio da Eucaristia n\u00e3o conseguimos explicar, mas temos que viv\u00ea-lo dia a dia, contemplamos o mist\u00e9rio Eucar\u00edstico com o olhar da f\u00e9, por isso o padre ap\u00f3s consagrar o p\u00e3o e o vinho diz \u201c<em>mist\u00e9rio da f\u00e9\u201d,<\/em> pois somente com o olhar da f\u00e9 \u00e9 poss\u00edvel compreender que o p\u00e3o e o vinho consagrados se tornam o Corpo e Sangue de Cristo. Somente na eternidade esse \u201cmist\u00e9rio\u201d ser\u00e1 totalmente revelado para n\u00f3s.<\/p>\n<p style=\"text-align: justify;\">Fa\u00e7amos o esfor\u00e7o de participar da missa vespertina da ceia do Senhor iniciando bem o nosso Tr\u00edduo Pascal. Ap\u00f3s a comunh\u00e3o, n\u00e3o tem a ben\u00e7\u00e3o final como dissemos, e ficaremos em adora\u00e7\u00e3o diante do Sant\u00edssimo Sacramento que ser\u00e1 o nosso alimento na sexta-feira santa quando n\u00e3o teremos missa.\u00a0 A Eucaristia tem tamanha import\u00e2ncia para a Igreja que toda Quinta-Feira \u00e9 dia votivo a Eucaristia, ou seja, dia dedicado para a exposi\u00e7\u00e3o do Sant\u00edssimo e a missa pode ser celebrada com paramentos brancos e ora\u00e7\u00f5es pr\u00f3prias referentes a Eucaristia caso a liturgia permita.<\/p>\n<p style=\"text-align: justify;\">Nessa missa da Quinta Feira Santa, al\u00e9m de recordar a institui\u00e7\u00e3o da Eucaristia, recordamos um gesto nobre que Jesus fez nessa mesma noite antes da ceia. Jesus lava os p\u00e9s dos disc\u00edpulos ensinando que n\u00f3s devemos fazer o mesmo, no sentido de que devemos nos doar ao pr\u00f3ximo e amar o nosso semelhante sem esperar nada troca. Conforme nos motiva a Campanha da Fraternidade desse ano: <em>\u201cFraternidade e amizade social\u201d<\/em>. Ainda com esse gesto Jesus nos ensina a humildade e que ningu\u00e9m deve se achar melhor do que o outro. Esse gesto \u00e9 recordado ap\u00f3s o evangelho, antes do ofert\u00f3rio.<\/p>\n<p style=\"text-align: justify;\">A primeira leitura da missa de hoje \u00e9 do livro do \u00caxodo <em>(Ex 12,1-8.11-14), <\/em>nessa leitura recordamos como era celebrada a P\u00e1scoa no Antigo Testamento, a data recordava, antes de tudo, a passagem do povo judeu da escravid\u00e3o no Egito at\u00e9 entrar na Terra prometida. A P\u00e1scoa para o povo judeu significa a passagem da escravid\u00e3o para a liberdade. Para celebr\u00e1-la era necess\u00e1rio imolar o \u201ccordeiro pascal\u201d, que era um animal. Hoje o cordeiro Pascal \u00e9 Cristo e na P\u00e1scoa agradecemos a Deus por ter permitido o seu filho \u201cimolar-se\u201d por n\u00f3s. A P\u00e1scoa para o cristianismo ganha um novo sentido, que \u00e9 celebrar a Paix\u00e3o, morte e ressurrei\u00e7\u00e3o de Jesus e \u00e9 a passagem da morte para a vida. A P\u00e1scoa crist\u00e3 que n\u00f3s celebramos adv\u00e9m da P\u00e1scoa judaica, por\u00e9m n\u00e3o \u00e9 mais necess\u00e1rio imolar o \u201ccordeiro\u201d, hoje em dia pois o \u201cCordeiro Pascal\u201d \u00e9 o pr\u00f3prio Cristo.<\/p>\n<p style=\"text-align: justify;\">O salmo responsorial \u00e9 o <em>115 (116B), <\/em>que diz em seu refr\u00e3o: \u201c<em>O c\u00e1lice por n\u00f3s aben\u00e7oado, \u00e9 a nossa comunh\u00e3o com o sangue do Senhor\u201d. <\/em>Quando o sacerdote consagra o p\u00e3o e o vinho e pela a\u00e7\u00e3o do Esp\u00edrito Santo eles se transformam no Corpo e Sangue de Cristo, ao comungarmos entramos em comunh\u00e3o com o Senhor, uma comunh\u00e3o eterna e de amor, que viveremos de maneira plena na eternidade.<\/p>\n<p style=\"text-align: justify;\">A segunda leitura dessa missa \u00e9 da carta de S\u00e3o Paulo aos Cor\u00edntios (<em>1Cor 11,23-26), <\/em>Paulo diz \u00e0 comunidade de Corinto aquilo que ele recebeu de Deus e do Esp\u00edrito Santo, ele faz a narrativa da \u00faltima ceia, e que a partir do momento que comungamos do Corpo e Sangue do Senhor devemos partilhar os nossos bens entre os membros da comunidade. Ao participar da ceia do Senhor anunciamos a morte do Senhor e proclamamos a sua ressurrei\u00e7\u00e3o.<\/p>\n<p style=\"text-align: justify;\">O evangelho desta Quinta-Feira \u00e9 de Jo\u00e3o <em>(Jo 13, 1-15), <\/em>o Evangelho de Jo\u00e3o sempre aparece nas solenidades e festas, sobretudo quando se trata da Eucaristia. Jo\u00e3o \u00e9 aquele que fala do amor e a Eucaristia \u00e9 a maior prova de amor de Deus por n\u00f3s. Deus se doa a n\u00f3s e n\u00f3s devemos nos doar aos irm\u00e3os. O Verbo se fez carne e habitou entre n\u00f3s, precisou Deus se fazer homem para ensinar a humanidade o caminho do amor.<\/p>\n<p style=\"text-align: justify;\">Jo\u00e3o relata nesse Evangelho que estava pr\u00f3xima a P\u00e1scoa dos Judeus, e que o Diabo j\u00e1 havia colocado no cora\u00e7\u00e3o de Judas o desejo de trair Jesus. Durante a \u00faltima ceia Jesus diz que um dentre os doze o haveria de trair. Eles ficaram inquietos e se perguntando quem deles seria capaz de tal coisa. Jesus diz que \u00e9 aquele que p\u00f5e a m\u00e3o no prato com Ele, e que Ele der um peda\u00e7o de p\u00e3o embebido no molho. Ap\u00f3s Jesus molhar o p\u00e3o no molho e dar a Judas, Ele diz: <em>\u201cFa\u00e7a logo o que tem que fazer\u201d, <\/em>Judas sai correndo e vai ao encontro daqueles que deveriam prender Jesus.<\/p>\n<p style=\"text-align: justify;\">Jesus, com a \u00faltima ceia, instaura a nova P\u00e1scoa, ou seja, n\u00e3o seria mais necess\u00e1rio imolar o \u201ccordeiro\u201d, Ele mesmo seria o cordeiro dali por diante. Em toda missa recordamos a mem\u00f3ria dessa ceia e o mist\u00e9rio pascal de Cristo. Por isso, Ele mesmo disse: <em>\u201cFazei isto em mem\u00f3ria de mim\u201d. <\/em><\/p>\n<p style=\"text-align: justify;\">Celebremos com o cora\u00e7\u00e3o confiante essa Quinta-feira Santa e iniciemos com o cora\u00e7\u00e3o cheio de f\u00e9 o Tr\u00edduo Pascal. Participemos do Tr\u00edduo todo e lembremos sempre, Cristo se entregou por n\u00f3s livremente, em vista da nossa salva\u00e7\u00e3o. Sem Eucaristia n\u00e3o haveria raz\u00e3o da Igreja existir, ao comungarmos do Corpo e Sangue de Cristo nos preparamos para aquilo que iremos viver na eternidade.<\/p>\n","protected":false},"excerpt":{"rendered":"<p>Tr\u00edduo Pascal \u201cO c\u00e1lice por n\u00f3s aben\u00e7oado, \u00e9 a nossa comunh\u00e3o com o sangue do Senhor\u201d (Sl 115) Iniciamos com essa celebra\u00e7\u00e3o da missa da ceia do Senhor e o rito do lava-p\u00e9s o Tr\u00edduo Pascal. A partir de hoje at\u00e9 \u00e0s v\u00e9speras do Domingo de P\u00e1scoa, culminando no s\u00e1bado, na Vig\u00edlia Pascal celebramos o [&hellip;]<\/p>\n","protected":false},"author":5,"featured_media":55819,"comment_status":"open","ping_status":"closed","sticky":false,"template":"","format":"standard","meta":{"footnotes":""},"categories":[9],"tags":[],"class_list":["post-87771","post","type-post","status-publish","format-standard","has-post-thumbnail","hentry","category-artigos"],"_links":{"self":[{"href":"https:\/\/catolicanet.net\/wp-cnet\/wp-json\/wp\/v2\/posts\/87771","targetHints":{"allow":["GET"]}}],"collection":[{"href":"https:\/\/catolicanet.net\/wp-cnet\/wp-json\/wp\/v2\/posts"}],"about":[{"href":"https:\/\/catolicanet.net\/wp-cnet\/wp-json\/wp\/v2\/types\/post"}],"author":[{"embeddable":true,"href":"https:\/\/catolicanet.net\/wp-cnet\/wp-json\/wp\/v2\/users\/5"}],"replies":[{"embeddable":true,"href":"https:\/\/catolicanet.net\/wp-cnet\/wp-json\/wp\/v2\/comments?post=87771"}],"version-history":[{"count":1,"href":"https:\/\/catolicanet.net\/wp-cnet\/wp-json\/wp\/v2\/posts\/87771\/revisions"}],"predecessor-version":[{"id":87772,"href":"https:\/\/catolicanet.net\/wp-cnet\/wp-json\/wp\/v2\/posts\/87771\/revisions\/87772"}],"wp:featuredmedia":[{"embeddable":true,"href":"https:\/\/catolicanet.net\/wp-cnet\/wp-json\/wp\/v2\/media\/55819"}],"wp:attachment":[{"href":"https:\/\/catolicanet.net\/wp-cnet\/wp-json\/wp\/v2\/media?parent=87771"}],"wp:term":[{"taxonomy":"category","embeddable":true,"href":"https:\/\/catolicanet.net\/wp-cnet\/wp-json\/wp\/v2\/categories?post=87771"},{"taxonomy":"post_tag","embeddable":true,"href":"https:\/\/catolicanet.net\/wp-cnet\/wp-json\/wp\/v2\/tags?post=87771"}],"curies":[{"name":"wp","href":"https:\/\/api.w.org\/{rel}","templated":true}]}}