{"id":87766,"date":"2024-03-26T08:59:37","date_gmt":"2024-03-26T11:59:37","guid":{"rendered":"https:\/\/catolicanet.net\/wp-cnet\/?p=87766"},"modified":"2024-03-25T16:01:13","modified_gmt":"2024-03-25T19:01:13","slug":"terca-feira-santa-jo-13-21-36-38","status":"publish","type":"post","link":"https:\/\/catolicanet.net\/wp-cnet\/terca-feira-santa-jo-13-21-36-38\/","title":{"rendered":"TER\u00c7A FEIRA SANTA Jo 13, 21. 36-38"},"content":{"rendered":"<p style=\"text-align: center;\"><em>Texto referencial: \u201cDito isto, Jesus ficou perturbado em seu esp\u00edrito e declarou abertamente: \u201cEm verdade, em verdade eu vos digo: um de v\u00f3s h\u00e1 de me trair\u201d\u201d. (Jo 13, 21).<\/em><\/p>\n<p style=\"text-align: justify;\">O contexto \u00e9 outro, mas sempre de trai\u00e7\u00e3o e nega\u00e7\u00e3o, pois onde Judas se apresenta, ali o dem\u00f4nio est\u00e1 agindo. Judas fora um dos escolhidos por jesus, para ficar com Ele e ser enviado como ap\u00f3stolo. Um ap\u00f3stolo. Por isso, cuidemos dos nossos apegos&#8230; N\u00e3o basta come\u00e7ar bem. \u00c9 preciso continuar e, assim, chegar ao fim.<\/p>\n<p style=\"text-align: justify;\">Pedro negou a Jesus, dizendo que n\u00e3o o conhecia. Verdadeiro negador. Ouvira de Jesus: \u201cTu \u00e9s Pedro, e sobre esta pedra, edificarei aminha Igreja\u201d. eu entenderia, mas foi diante de uma inofensiva funcion\u00e1ria.<\/p>\n<p style=\"text-align: justify;\">Jesus ficou perturbado e afirmou: \u201cUm de v\u00f3s h\u00e1 de me trair\u201d. Jesus era humano. Sofria com decep\u00e7\u00f5es, e ainda mais, quando advinda de amigos. Feliz ter\u00e7a Santa a todos.<\/p>\n","protected":false},"excerpt":{"rendered":"<p>Texto referencial: \u201cDito isto, Jesus ficou perturbado em seu esp\u00edrito e declarou abertamente: \u201cEm verdade, em verdade eu vos digo: um de v\u00f3s h\u00e1 de me trair\u201d\u201d. (Jo 13, 21). O contexto \u00e9 outro, mas sempre de trai\u00e7\u00e3o e nega\u00e7\u00e3o, pois onde Judas se apresenta, ali o dem\u00f4nio est\u00e1 agindo. Judas fora um dos escolhidos [&hellip;]<\/p>\n","protected":false},"author":119,"featured_media":77698,"comment_status":"open","ping_status":"closed","sticky":false,"template":"","format":"standard","meta":{"footnotes":""},"categories":[9],"tags":[],"class_list":["post-87766","post","type-post","status-publish","format-standard","has-post-thumbnail","hentry","category-artigos"],"_links":{"self":[{"href":"https:\/\/catolicanet.net\/wp-cnet\/wp-json\/wp\/v2\/posts\/87766","targetHints":{"allow":["GET"]}}],"collection":[{"href":"https:\/\/catolicanet.net\/wp-cnet\/wp-json\/wp\/v2\/posts"}],"about":[{"href":"https:\/\/catolicanet.net\/wp-cnet\/wp-json\/wp\/v2\/types\/post"}],"author":[{"embeddable":true,"href":"https:\/\/catolicanet.net\/wp-cnet\/wp-json\/wp\/v2\/users\/119"}],"replies":[{"embeddable":true,"href":"https:\/\/catolicanet.net\/wp-cnet\/wp-json\/wp\/v2\/comments?post=87766"}],"version-history":[{"count":1,"href":"https:\/\/catolicanet.net\/wp-cnet\/wp-json\/wp\/v2\/posts\/87766\/revisions"}],"predecessor-version":[{"id":87767,"href":"https:\/\/catolicanet.net\/wp-cnet\/wp-json\/wp\/v2\/posts\/87766\/revisions\/87767"}],"wp:featuredmedia":[{"embeddable":true,"href":"https:\/\/catolicanet.net\/wp-cnet\/wp-json\/wp\/v2\/media\/77698"}],"wp:attachment":[{"href":"https:\/\/catolicanet.net\/wp-cnet\/wp-json\/wp\/v2\/media?parent=87766"}],"wp:term":[{"taxonomy":"category","embeddable":true,"href":"https:\/\/catolicanet.net\/wp-cnet\/wp-json\/wp\/v2\/categories?post=87766"},{"taxonomy":"post_tag","embeddable":true,"href":"https:\/\/catolicanet.net\/wp-cnet\/wp-json\/wp\/v2\/tags?post=87766"}],"curies":[{"name":"wp","href":"https:\/\/api.w.org\/{rel}","templated":true}]}}