{"id":87742,"date":"2024-03-25T15:46:23","date_gmt":"2024-03-25T18:46:23","guid":{"rendered":"https:\/\/catolicanet.net\/wp-cnet\/?p=87742"},"modified":"2024-03-25T15:46:23","modified_gmt":"2024-03-25T18:46:23","slug":"as-sete-palavras-de-jesus-na-semana-santa-reflexoes-sobre-seus-ultimos-ensinamentos","status":"publish","type":"post","link":"https:\/\/catolicanet.net\/wp-cnet\/as-sete-palavras-de-jesus-na-semana-santa-reflexoes-sobre-seus-ultimos-ensinamentos\/","title":{"rendered":"As Sete Palavras de Jesus na Semana Santa: Reflex\u00f5es sobre Seus \u00daltimos Ensinamentos"},"content":{"rendered":"<p style=\"text-align: justify;\">A Semana Santa \u00e9 um per\u00edodo sagrado para os crist\u00e3os ao redor do mundo, marcado por uma s\u00e9rie de eventos significativos que culminam na celebra\u00e7\u00e3o da P\u00e1scoa. Entre esses eventos, as \u201cSete Palavras\u201d de Jesus na Cruz ocupam um lugar de destaque, representando seus \u00faltimos ensinamentos enquanto estava prestes a sacrificar sua vida pela reden\u00e7\u00e3o da humanidade. Neste artigo, exploraremos cada uma dessas sete palavras, acompanhadas de passagens b\u00edblicas e reflex\u00f5es sobre seu significado espiritual.<\/p>\n<ol style=\"text-align: justify;\">\n<li><strong> <em>\u201cPai, perdoa-lhes, porque n\u00e3o sabem o que fazem.\u201d<\/em> (Lucas 23,34)<\/strong><\/li>\n<\/ol>\n<p style=\"text-align: justify;\">Essa primeira palavra de Jesus na cruz \u00e9 uma express\u00e3o not\u00e1vel de perd\u00e3o. Mesmo enquanto sofria intensamente, Jesus demonstrou compaix\u00e3o por aqueles que o crucificaram, pedindo ao Pai que os perdoasse. Essa atitude de perd\u00e3o nos lembra da amplitude do amor divino e nos desafia a perdoar aqueles que nos causam dor, seguindo o exemplo de Cristo.<\/p>\n<ol style=\"text-align: justify;\" start=\"2\">\n<li><strong> <em>\u201cEm verdade te digo que hoje estar\u00e1s comigo no Para\u00edso.\u201d <\/em>(Lucas 23,43)<\/strong><\/li>\n<\/ol>\n<p style=\"text-align: justify;\">Dirigida ao criminoso arrependido ao seu lado, essa palavra de Jesus revela sua miseric\u00f3rdia ilimitada. Mesmo diante da morte iminente, Jesus oferece a promessa da salva\u00e7\u00e3o ao pecador que se volta para ele em arrependimento. Isso nos lembra que n\u00e3o importa qu\u00e3o longe tenhamos ido, sempre h\u00e1 esperan\u00e7a no perd\u00e3o de Deus.<\/p>\n<ol style=\"text-align: justify;\" start=\"3\">\n<li><strong> <em>\u201cMulher, eis a\u00ed o teu filho. [&#8230;] Eis a\u00ed tua m\u00e3e.\u201d<\/em> (Jo\u00e3o 19,26-27)<\/strong><\/li>\n<\/ol>\n<p style=\"text-align: justify;\">Ao dirigir-se a Maria e ao disc\u00edpulo amado, Jesus expressa seu cuidado amoroso por sua M\u00e3e terrena e confia sua guarda ao disc\u00edpulo. Essas palavras destacam a import\u00e2ncia dos la\u00e7os familiares e da comunidade crist\u00e3, bem como o papel de Maria como m\u00e3e espiritual de todos os crentes.<\/p>\n<ol style=\"text-align: justify;\" start=\"4\">\n<li><strong> <em>\u201cMeu Deus, meu Deus, por que me abandonaste?\u201d<\/em> (Mateus 27,46; Marcos 15,34)<\/strong><\/li>\n<\/ol>\n<p style=\"text-align: justify;\">Essas palavras de Jesus, que citam o Salmo 22, refletem o profundo senso de abandono que ele experimentou ao carregar o peso dos pecados da humanidade. Embora Jesus tenha se sentido abandonado, ele permaneceu fiel ao Pai, cumprindo seu prop\u00f3sito redentor. Essa palavra nos convida a buscar conforto em Deus mesmo nos momentos mais sombrios de nossas vidas.<\/p>\n<ol style=\"text-align: justify;\" start=\"5\">\n<li><strong> <em>\u201cTenho sede.\u201d <\/em>(Jo\u00e3o 19,28)<\/strong><\/li>\n<\/ol>\n<p style=\"text-align: justify;\">Essa palavra, uma express\u00e3o f\u00edsica da agonia de Jesus na cruz, tamb\u00e9m tem significados espirituais mais profundos. A sede de Jesus representa a sede espiritual da humanidade por reden\u00e7\u00e3o e restaura\u00e7\u00e3o. Ele \u00e9 a fonte da \u00e1gua viva que sacia nossa sede espiritual e nos d\u00e1 vida eterna.<\/p>\n<ol style=\"text-align: justify;\" start=\"6\">\n<li><strong> <em>\u201cTudo est\u00e1 consumado.\u201d<\/em> (Jo\u00e3o 19,30)<\/strong><\/li>\n<\/ol>\n<p style=\"text-align: justify;\">Com estas palavras, Jesus proclama a conclus\u00e3o de sua obra redentora. Ele cumpriu a vontade do Pai, pagando o pre\u00e7o pelo pecado e abrindo o caminho para a salva\u00e7\u00e3o. Essa palavra nos lembra que, em Cristo, encontramos a plenitude da reden\u00e7\u00e3o e a realiza\u00e7\u00e3o das promessas de Deus.<\/p>\n<ol style=\"text-align: justify;\" start=\"7\">\n<li><strong> <em>\u201cPai, nas tuas m\u00e3os entrego o meu esp\u00edrito.\u201d<\/em> (Lucas 23,46)<\/strong><\/li>\n<\/ol>\n<p style=\"text-align: justify;\">Essas s\u00e3o as \u00faltimas palavras de Jesus na Cruz, expressando sua total entrega ao Pai. Mesmo diante da morte, Jesus confia sua vida eterna nas m\u00e3os de Deus. Essa palavra nos desafia a confiar completamente em Deus em todas as circunst\u00e2ncias da vida e a entregar nossos pr\u00f3prios esp\u00edritos a Ele.<\/p>\n<p style=\"text-align: justify;\"><strong>Conclus\u00e3o<\/strong><\/p>\n<p style=\"text-align: justify;\">As Sete Palavras de Jesus na Cruz s\u00e3o uma fonte de profunda inspira\u00e7\u00e3o e reflex\u00e3o para os crist\u00e3os durante a Semana Santa e al\u00e9m. Elas nos convidam a contemplar o sacrif\u00edcio supremo de Cristo e a responder com gratid\u00e3o, arrependimento e f\u00e9. Que essas palavras nos guiem em nossa jornada espiritual, fortalecendo nossa devo\u00e7\u00e3o e renovando nossa esperan\u00e7a na salva\u00e7\u00e3o que Cristo oferece.<\/p>\n<p style=\"text-align: center;\"><strong>+Anuar Battisti<\/strong><br \/>\n<strong>Arcebispo Em\u00e9rito de Maring\u00e1 (PR)<\/strong><\/p>\n","protected":false},"excerpt":{"rendered":"<p>A Semana Santa \u00e9 um per\u00edodo sagrado para os crist\u00e3os ao redor do mundo, marcado por uma s\u00e9rie de eventos significativos que culminam na celebra\u00e7\u00e3o da P\u00e1scoa. Entre esses eventos, as \u201cSete Palavras\u201d de Jesus na Cruz ocupam um lugar de destaque, representando seus \u00faltimos ensinamentos enquanto estava prestes a sacrificar sua vida pela reden\u00e7\u00e3o [&hellip;]<\/p>\n","protected":false},"author":1,"featured_media":55814,"comment_status":"open","ping_status":"closed","sticky":false,"template":"","format":"standard","meta":{"footnotes":""},"categories":[9],"tags":[],"class_list":["post-87742","post","type-post","status-publish","format-standard","has-post-thumbnail","hentry","category-artigos"],"_links":{"self":[{"href":"https:\/\/catolicanet.net\/wp-cnet\/wp-json\/wp\/v2\/posts\/87742","targetHints":{"allow":["GET"]}}],"collection":[{"href":"https:\/\/catolicanet.net\/wp-cnet\/wp-json\/wp\/v2\/posts"}],"about":[{"href":"https:\/\/catolicanet.net\/wp-cnet\/wp-json\/wp\/v2\/types\/post"}],"author":[{"embeddable":true,"href":"https:\/\/catolicanet.net\/wp-cnet\/wp-json\/wp\/v2\/users\/1"}],"replies":[{"embeddable":true,"href":"https:\/\/catolicanet.net\/wp-cnet\/wp-json\/wp\/v2\/comments?post=87742"}],"version-history":[{"count":1,"href":"https:\/\/catolicanet.net\/wp-cnet\/wp-json\/wp\/v2\/posts\/87742\/revisions"}],"predecessor-version":[{"id":87744,"href":"https:\/\/catolicanet.net\/wp-cnet\/wp-json\/wp\/v2\/posts\/87742\/revisions\/87744"}],"wp:featuredmedia":[{"embeddable":true,"href":"https:\/\/catolicanet.net\/wp-cnet\/wp-json\/wp\/v2\/media\/55814"}],"wp:attachment":[{"href":"https:\/\/catolicanet.net\/wp-cnet\/wp-json\/wp\/v2\/media?parent=87742"}],"wp:term":[{"taxonomy":"category","embeddable":true,"href":"https:\/\/catolicanet.net\/wp-cnet\/wp-json\/wp\/v2\/categories?post=87742"},{"taxonomy":"post_tag","embeddable":true,"href":"https:\/\/catolicanet.net\/wp-cnet\/wp-json\/wp\/v2\/tags?post=87742"}],"curies":[{"name":"wp","href":"https:\/\/api.w.org\/{rel}","templated":true}]}}