{"id":87737,"date":"2024-03-26T09:42:40","date_gmt":"2024-03-26T12:42:40","guid":{"rendered":"https:\/\/catolicanet.net\/wp-cnet\/?p=87737"},"modified":"2024-03-25T15:43:33","modified_gmt":"2024-03-25T18:43:33","slug":"o-encontro","status":"publish","type":"post","link":"https:\/\/catolicanet.net\/wp-cnet\/o-encontro\/","title":{"rendered":"O Encontro"},"content":{"rendered":"<p style=\"text-align: justify;\">Ao longo da Semana Santa, a semana maior para n\u00f3s cat\u00f3licos, acontecem diversas celebra\u00e7\u00f5es da piedade crist\u00e3 para fortalecer a nossa f\u00e9 e acompanhar os \u00faltimos passos de Jesus at\u00e9 a morte de Cruz e posterior ressurrei\u00e7\u00e3o. \u00c9 importante celebrar bem a Semana Santa e resgatar a f\u00e9 popular no povo.<\/p>\n<p style=\"text-align: justify;\">A prociss\u00e3o do encontro normalmente acontece na ter\u00e7a ou quarta-feira da Semana Santa. Os homens saem de um ponto com o Senhor dos Passos e as mulheres de outro ponto com Nossa Senhora das Dores (aqui no centro do Rio de Janeiro, o Senhor dos Passos sai da Catedral e N. Sra. Das Dores da Matriz N. Sra. Da Gl\u00f3ria no Largo do Machado). Todos chegam juntos em frente \u00e0 par\u00f3quia ou em uma pra\u00e7a (aqui ser\u00e1 no Largo da Gl\u00f3ria, pr\u00f3ximo da Par\u00f3quia do Cora\u00e7\u00e3o de Jesus) e acontece o encontro de Jesus com sua M\u00e3e, recordando o que aconteceu no caminho em dire\u00e7\u00e3o ao Calv\u00e1rio. Ao chegarem no local profere-se o serm\u00e3o e, em seguida, o povo reunido contempla as imagens e reza refletindo sobre os fatos.<\/p>\n<p style=\"text-align: justify;\">Nessa noite contemplamos o encontro do Filho com sua M\u00e3e, observamos a dor de uma M\u00e3e ao ver seu filho sendo entregue \u00e0 morte. Nossa Senhora n\u00e3o se desespera, mas no sil\u00eancio guarda e observa tudo em seu cora\u00e7\u00e3o. Jesus, com o peso da Cruz \u00e0s costas, sendo levado como se fosse uma ovelha em dire\u00e7\u00e3o ao matadouro. Sem contar que Jesus foi condenado inocentemente a morte, sem ter cometido crime algum, a \u00fanica coisa que Jesus fez foi amar demais.<\/p>\n<p style=\"text-align: justify;\">Lembremos nessa noite de tantas m\u00e3es que sofrem ao verem seus filhos na pris\u00e3o ou at\u00e9 mesmo que enterrar os seus filhos, infelizmente mortos pelo tr\u00e1fico de drogas ou por terem entrado no crime organizado. Ou mesmo aquelas m\u00e3es que perdem seus filhos cedo, mortos por causa de alguma doen\u00e7a grave.<\/p>\n<p style=\"text-align: justify;\">Que Nossa Senhora das Dores ou da Consola\u00e7\u00e3o ou mesmo da Piedade, conforte essas m\u00e3es e lhes d\u00ea a fortaleza da f\u00e9. Temos a certeza da ressurrei\u00e7\u00e3o final e que um dia todos n\u00f3s nos encontraremos na eternidade. A morte n\u00e3o tem a \u00faltima palavra, nos separaremos por um tempo aqui, mas nos encontraremos no c\u00e9u. Elevemos uma prece a Deus para que essas m\u00e3es nunca percam a f\u00e9 e a esperan\u00e7a em Deus.<\/p>\n<p style=\"text-align: justify;\">Ao voltarmos o nosso olhar a Jesus e observar que Ele olhava com miseric\u00f3rdia para sua M\u00e3e, lembremos que os filhos devem ter esse sentimento por suas m\u00e3es e n\u00e3o as abandonar ou desprez\u00e1-las. Um filho nunca deveria magoar as suas m\u00e3es, pois foi por meio delas que eles vieram ao mundo. Que todos os filhos cuidem de suas m\u00e3es at\u00e9 a velhice e n\u00e3o as abandonem. Fazendo este gesto de caridade crist\u00e3 at\u00e9 seus pecados s\u00e3o perdoados como lembra a Palavra de Deus!<\/p>\n<p style=\"text-align: justify;\">Todas as celebra\u00e7\u00f5es da Semana Santa trazem para n\u00f3s um significado especial e nos faz meditar e pensar. A celebra\u00e7\u00e3o do encontro na ter\u00e7a ou quarta-feira santa \u00e9 em especial voltada para as m\u00e3es e para os filhos. Que as m\u00e3es n\u00e3o precisem chegar ao ponto de enterrar os seus filhos, e os filhos cumpram aquilo que nos pede a lei de Deus, amar e honrar os pais at\u00e9 a velhice. Que em todos os lares haja espa\u00e7o para o di\u00e1logo, amor e respeito. Quem em todos os lares sobretudo n\u00e3o falte Deus. Que pais e filhos saibam carregar as cruzes de cada dia e tenham respeito m\u00fatuo.<\/p>\n<p style=\"text-align: justify;\">Que ap\u00f3s a celebra\u00e7\u00e3o de hoje os filhos possam abra\u00e7ar as suas m\u00e3es, dizer a elas o quanto elas s\u00e3o importantes em suas vidas e o quanto eles a amam. Do mesmo modo que as m\u00e3es possam abra\u00e7ar os seus filhos e dizer o quanto eles s\u00e3o importantes, e que sempre vai am\u00e1-los, independentemente de qualquer coisa.<\/p>\n<p style=\"text-align: justify;\">A Campanha da Fraternidade deste ano conclu\u00edda no domingo de ramos refletiu sobre a amizade social, e teve como lema: <em>\u201cV\u00f3s sois todos irm\u00e3os e irm\u00e3s\u201d (Mt 23,8). <\/em>A partir dessa Campanha da Fraternidade reflitamos sobre a import\u00e2ncia de os filhos serem amigos de seus pais, confiarem neles e contarem tudo o que lhes aflige. O melhor amigo dos filhos devem ser seus pais, pois as outras amizades s\u00e3o passageiras, mas a amizade dos pais \u00e9 fiel, para uma vida toda. Infelizmente s\u00f3 damos valor quando perdemos alguma coisa, muitas vezes os filhos n\u00e3o d\u00e3o o verdadeiro valor aos pais agora, mas quando os pais se forem sentir\u00e3o saudades.<\/p>\n<p style=\"text-align: justify;\">Tamb\u00e9m nessa noite seria muito importante que reflet\u00edssemos sobre a cultura do encontro que far\u00e1 a grande diferen\u00e7a nestes tempos de tantas polariza\u00e7\u00f5es e divis\u00f5es, guerras e embates onde tantos perdem a vida em nosso tempo.<\/p>\n<p style=\"text-align: justify;\">A dores de Nossa Senhora foram t\u00e3o grandes que \u00e9 como se fosse uma espada que atravessasse a sua alma. A Igreja contempla as dores de Nossa Senhora na quarta-feira santa, al\u00e9m de celebrar o dia de Nossa Senhora das Dores em 15 de setembro, um dia ap\u00f3s a exalta\u00e7\u00e3o da Santa Cruz. Maria, como sempre, guardava tudo em seu cora\u00e7\u00e3o, e buscava compreender os planos de Deus para a sua vida. Cumpriu-se a profecia que o profeta Sime\u00e3o havia dito: <em>\u201cQuanto a ti, uma espada de traspassar\u00e1 a alma\u201d (Cf Lc 2).<\/em><\/p>\n<p style=\"text-align: justify;\">Por fim, podemos lembrar nessa celebra\u00e7\u00e3o de tantas m\u00e3es que veem seus filhos morrerem inocentemente e choram pela morte de seus filhos. Que Deus e o Esp\u00edrito Santo as ilumine e conforte os seus cora\u00e7\u00f5es e iluminadas pela f\u00e9 possam crer na ressurrei\u00e7\u00e3o final.<\/p>\n<p style=\"text-align: justify;\">Fa\u00e7amos o esfor\u00e7o de participar de todas as celebra\u00e7\u00f5es da Semana Santa e viv\u00ea-la com intensidade. Que esses momentos da piedade popular, junto com os lit\u00fargicos possam reavivar em n\u00f3s a esperan\u00e7a e a f\u00e9 na ressurrei\u00e7\u00e3o. Rezemos por todas as m\u00e3es e seus filhos, para que Deus possa sempre livr\u00e1-los do mal.<\/p>\n","protected":false},"excerpt":{"rendered":"<p>Ao longo da Semana Santa, a semana maior para n\u00f3s cat\u00f3licos, acontecem diversas celebra\u00e7\u00f5es da piedade crist\u00e3 para fortalecer a nossa f\u00e9 e acompanhar os \u00faltimos passos de Jesus at\u00e9 a morte de Cruz e posterior ressurrei\u00e7\u00e3o. \u00c9 importante celebrar bem a Semana Santa e resgatar a f\u00e9 popular no povo. A prociss\u00e3o do encontro [&hellip;]<\/p>\n","protected":false},"author":5,"featured_media":55819,"comment_status":"open","ping_status":"closed","sticky":false,"template":"","format":"standard","meta":{"footnotes":""},"categories":[9],"tags":[],"class_list":["post-87737","post","type-post","status-publish","format-standard","has-post-thumbnail","hentry","category-artigos"],"_links":{"self":[{"href":"https:\/\/catolicanet.net\/wp-cnet\/wp-json\/wp\/v2\/posts\/87737","targetHints":{"allow":["GET"]}}],"collection":[{"href":"https:\/\/catolicanet.net\/wp-cnet\/wp-json\/wp\/v2\/posts"}],"about":[{"href":"https:\/\/catolicanet.net\/wp-cnet\/wp-json\/wp\/v2\/types\/post"}],"author":[{"embeddable":true,"href":"https:\/\/catolicanet.net\/wp-cnet\/wp-json\/wp\/v2\/users\/5"}],"replies":[{"embeddable":true,"href":"https:\/\/catolicanet.net\/wp-cnet\/wp-json\/wp\/v2\/comments?post=87737"}],"version-history":[{"count":1,"href":"https:\/\/catolicanet.net\/wp-cnet\/wp-json\/wp\/v2\/posts\/87737\/revisions"}],"predecessor-version":[{"id":87738,"href":"https:\/\/catolicanet.net\/wp-cnet\/wp-json\/wp\/v2\/posts\/87737\/revisions\/87738"}],"wp:featuredmedia":[{"embeddable":true,"href":"https:\/\/catolicanet.net\/wp-cnet\/wp-json\/wp\/v2\/media\/55819"}],"wp:attachment":[{"href":"https:\/\/catolicanet.net\/wp-cnet\/wp-json\/wp\/v2\/media?parent=87737"}],"wp:term":[{"taxonomy":"category","embeddable":true,"href":"https:\/\/catolicanet.net\/wp-cnet\/wp-json\/wp\/v2\/categories?post=87737"},{"taxonomy":"post_tag","embeddable":true,"href":"https:\/\/catolicanet.net\/wp-cnet\/wp-json\/wp\/v2\/tags?post=87737"}],"curies":[{"name":"wp","href":"https:\/\/api.w.org\/{rel}","templated":true}]}}