{"id":87647,"date":"2024-03-21T10:43:05","date_gmt":"2024-03-21T13:43:05","guid":{"rendered":"https:\/\/catolicanet.net\/wp-cnet\/?p=87647"},"modified":"2024-03-21T10:43:05","modified_gmt":"2024-03-21T13:43:05","slug":"hosana-bendito-o-que-vem","status":"publish","type":"post","link":"https:\/\/catolicanet.net\/wp-cnet\/hosana-bendito-o-que-vem\/","title":{"rendered":"Hosana! Bendito o que vem!"},"content":{"rendered":"<p style=\"text-align: justify;\">\u00a0\u00a0\u00a0\u00a0\u00a0\u00a0\u00a0\u00a0\u00a0\u00a0\u00a0\u00a0\u00a0\u00a0\u00a0\u00a0\u00a0\u00a0\u00a0\u00a0\u00a0\u00a0\u00a0 A Semana Santa inicia com este convite aos fi\u00e9is. \u201cDurante as cinco semanas da Quaresma preparamos o nosso cora\u00e7\u00e3o pela penit\u00eancia e obras de caridade. Hoje aqui nos reunimos e iniciamos, com toda a Igreja, a celebra\u00e7\u00e3o do mist\u00e9rio pascal de nosso Senhor, sua morte e ressurrei\u00e7\u00e3o. Para consum\u00e1-lo, Cristo entrou em Jerusal\u00e9m, sua cidade. Por isso, celebrando com f\u00e9 e piedade a mem\u00f3ria desta entrada, sigamos os passos de nosso Salvador, para que, associados pela gra\u00e7a \u00e0 sua cruz, participemos tamb\u00e9m de sua ressurrei\u00e7\u00e3o e de sua vida\u201d. O convite recorda a centralidade dos fatos que acontecer\u00e3o com Jesus Cristo. Tamb\u00e9m pede que os fi\u00e9is sigam os seus passos, se associem \u00e0 cruz e participem da sua ressurrei\u00e7\u00e3o e vida.\u00a0 A fecundidade da Semana Santa requer o envolvimento dos fi\u00e9is, n\u00e3o como expectadores, mas como disc\u00edpulos que caminham com o Jesus, seja na cruz, seja na gloriosa ressurrei\u00e7\u00e3o.<\/p>\n<p style=\"text-align: justify;\">\u00a0\u00a0\u00a0\u00a0\u00a0\u00a0\u00a0\u00a0\u00a0\u00a0\u00a0 A liturgia deste domingo, denominado de <em>Domingo de Ramos da Paix\u00e3o do Senhor<\/em>, celebra a acolhida solene de Jesus em Jerusal\u00e9m e tamb\u00e9m recorda o caminho doloroso da condena\u00e7\u00e3o e morte de cruz. Por\u00e9m, o evangelista Marcos registra: \u201cQuando o oficial do ex\u00e9rcito, que estava bem em frente dele, viu como Jesus havia expirado, disse: \u201cNa verdade, este homem era o Filho de Deus\u201d.<\/p>\n<p style=\"text-align: justify;\">\u00a0\u00a0\u00a0\u00a0\u00a0\u00a0\u00a0\u00a0\u00a0\u00a0\u00a0 Os quatro evangelistas tem uma maneira pr\u00f3pria de apresentar a teologia da cruz. Neste ano, \u00e9 S\u00e3o Marcos que nos faz olhar para a cruz de Jesus. Seu modo de relatar os fatos \u00e9 pr\u00f3ximo aos acontecimentos e muito realista nos contrastes. N\u00e3o tem medo de ferir a sensibilidade dos leitores com o esc\u00e2ndalo da cruz. S\u00e3o Marcos vai revelando ao poucos a identidade de Jesus. No processo de condena\u00e7\u00e3o se evidencia um paradoxo entre identidade de Jesus como Messias, Filho de Deus, rei dos judeus e a sua situa\u00e7\u00e3o de um homem condenado \u00e0 morte. Como algu\u00e9m impotente pode salvar o homem? A inquieta\u00e7\u00e3o aumenta quando Jesus \u00e9 provocado \u201cdesce agora da cruz, para que vejamos e acreditemos!\u201d.<\/p>\n<p style=\"text-align: justify;\">Dostoievsti, grande romancista russo, comentando a provoca\u00e7\u00e3o feita a Jesus, reflete: \u201cTu n\u00e3o desceste da cruz quando te gritavam, rindo e zombando: \u201cdesce da cruz e acreditemos quem tu \u00e9s\u201d. Tu n\u00e3o desceste porque, mais uma vez, n\u00e3o querias submeter o homem com milagres e tinhas sede de uma f\u00e9 livre, n\u00e3o fundada sobre prod\u00edgios. Tinhas sede de um amor livre, e n\u00e3o de entusiasmos servis do escravo diante do poder que para sempre o encheu de terror\u201d.<\/p>\n<p style=\"text-align: justify;\">\u00a0\u00a0\u00a0\u00a0\u00a0\u00a0\u00a0\u00a0\u00a0\u00a0\u00a0 O enigma permanece sobre a cruz e fica ainda maior diante do grito: \u201cMeu Deus, meu Deus, porque me abandonaste?\u201d Parece que os acusadores tinham raz\u00e3o. Jesus est\u00e1 abandonado, sozinho e parece que nem Deus responde. Morre e tudo parece terminado. Inesperadamente acontece uma profiss\u00e3o de f\u00e9: \u201cNa verdade, este homem era Filho de Deus\u201d. O oficial encontra uma resposta para iluminar mist\u00e9rio. Reconhece que Jesus \u00e9 o Messias.<\/p>\n<p style=\"text-align: justify;\">\u00a0\u00a0\u00a0\u00a0\u00a0\u00a0\u00a0\u00a0\u00a0\u00a0\u00a0 Os fatos que ser\u00e3o celebrados na Semana Santa revelam o caminho misterioso usado por Deus. Nossa racionalidade tem dificuldade de compreender este modo usado para salvar a humanidade. Diante de tudo isto, S\u00e3o Paulo, escrevendo aos Filipenses orienta os fi\u00e9is: \u201cAssim, ao nome de Jesus, todo joelho se dobre no c\u00e9u, na terra e abaixo da terra, e toda l\u00edngua proclame; \u201cJesus Cristo \u00e9 o Senhor\u201d, para a gl\u00f3ria de Deus Pai\u201d.<\/p>\n<p style=\"text-align: justify;\">\u00a0\u00a0\u00a0\u00a0\u00a0\u00a0\u00a0\u00a0\u00a0\u00a0\u00a0 Diante da cruz de Cristo somos desafiados a dar a nossa resposta: por um lado h\u00e1 a trai\u00e7\u00e3o de Judas, o \u00f3dio dos acusadores, as falsas testemunhas para o condenar a morte e a dispers\u00e3o dos disc\u00edpulos. Por outro lado, temos a solidariedade de Cireneu, as mulheres que o acompanham no caminho do calv\u00e1rio, a presen\u00e7a de Maria e Jo\u00e3o aos p\u00e9s da cruz, o testemunho de f\u00e9 do oficial. O fruto das celebra\u00e7\u00f5es da Semana Santa dever\u00e1 ser uma solene profiss\u00e3o de f\u00e9 em Jesus Cristo Salvador. Hosana! Bendito o que vem em nome do Senhor!<\/p>\n","protected":false},"excerpt":{"rendered":"<p>\u00a0\u00a0\u00a0\u00a0\u00a0\u00a0\u00a0\u00a0\u00a0\u00a0\u00a0\u00a0\u00a0\u00a0\u00a0\u00a0\u00a0\u00a0\u00a0\u00a0\u00a0\u00a0\u00a0 A Semana Santa inicia com este convite aos fi\u00e9is. \u201cDurante as cinco semanas da Quaresma preparamos o nosso cora\u00e7\u00e3o pela penit\u00eancia e obras de caridade. Hoje aqui nos reunimos e iniciamos, com toda a Igreja, a celebra\u00e7\u00e3o do mist\u00e9rio pascal de nosso Senhor, sua morte e ressurrei\u00e7\u00e3o. Para consum\u00e1-lo, Cristo entrou em Jerusal\u00e9m, sua [&hellip;]<\/p>\n","protected":false},"author":18,"featured_media":55821,"comment_status":"open","ping_status":"closed","sticky":false,"template":"","format":"standard","meta":{"footnotes":""},"categories":[9],"tags":[],"class_list":["post-87647","post","type-post","status-publish","format-standard","has-post-thumbnail","hentry","category-artigos"],"_links":{"self":[{"href":"https:\/\/catolicanet.net\/wp-cnet\/wp-json\/wp\/v2\/posts\/87647","targetHints":{"allow":["GET"]}}],"collection":[{"href":"https:\/\/catolicanet.net\/wp-cnet\/wp-json\/wp\/v2\/posts"}],"about":[{"href":"https:\/\/catolicanet.net\/wp-cnet\/wp-json\/wp\/v2\/types\/post"}],"author":[{"embeddable":true,"href":"https:\/\/catolicanet.net\/wp-cnet\/wp-json\/wp\/v2\/users\/18"}],"replies":[{"embeddable":true,"href":"https:\/\/catolicanet.net\/wp-cnet\/wp-json\/wp\/v2\/comments?post=87647"}],"version-history":[{"count":1,"href":"https:\/\/catolicanet.net\/wp-cnet\/wp-json\/wp\/v2\/posts\/87647\/revisions"}],"predecessor-version":[{"id":87649,"href":"https:\/\/catolicanet.net\/wp-cnet\/wp-json\/wp\/v2\/posts\/87647\/revisions\/87649"}],"wp:featuredmedia":[{"embeddable":true,"href":"https:\/\/catolicanet.net\/wp-cnet\/wp-json\/wp\/v2\/media\/55821"}],"wp:attachment":[{"href":"https:\/\/catolicanet.net\/wp-cnet\/wp-json\/wp\/v2\/media?parent=87647"}],"wp:term":[{"taxonomy":"category","embeddable":true,"href":"https:\/\/catolicanet.net\/wp-cnet\/wp-json\/wp\/v2\/categories?post=87647"},{"taxonomy":"post_tag","embeddable":true,"href":"https:\/\/catolicanet.net\/wp-cnet\/wp-json\/wp\/v2\/tags?post=87647"}],"curies":[{"name":"wp","href":"https:\/\/api.w.org\/{rel}","templated":true}]}}