{"id":87573,"date":"2024-03-19T09:50:41","date_gmt":"2024-03-19T12:50:41","guid":{"rendered":"https:\/\/catolicanet.net\/wp-cnet\/?p=87573"},"modified":"2024-03-19T14:04:48","modified_gmt":"2024-03-19T17:04:48","slug":"papa-francisco-que-ninguem-se-sinta-excluido-do-chamado-de-deus","status":"publish","type":"post","link":"https:\/\/catolicanet.net\/wp-cnet\/papa-francisco-que-ninguem-se-sinta-excluido-do-chamado-de-deus\/","title":{"rendered":"Papa Francisco: Que ningu\u00e9m se sinta exclu\u00eddo do chamado de Deus"},"content":{"rendered":"<figure class=\"article__image\"><span class=\"didascalia_img\">Papa Francisco durante o F\u00f3rum Internacional dos Jovens \u00a0 (Vatican Media)<\/span><\/figure>\n<div class=\"article__meta audioInside\" data-mediatype=\"\">\n<div class=\"article__subTitle\" style=\"text-align: justify;\">Foi publicada hoje (19\/03), a mensagem do Papa por ocasi\u00e3o do Dia Mundial de Ora\u00e7\u00e3o pelas Voca\u00e7\u00f5es, a ser celebrado em 21 de abril. \u201cCada um de n\u00f3s, em seu lugar pr\u00f3prio, em seu estado de vida, pode ser, com a ajuda do Esp\u00edrito Santo, um semeador de esperan\u00e7a e de paz\u201d, enfatiza Francisco.<\/div>\n<div class=\"title__separator\" style=\"text-align: justify;\"><\/div>\n<div class=\"article__text\">\n<p style=\"text-align: justify;\"><b>Thulio Fonseca &#8211; Vatican News<\/b><\/p>\n<p style=\"text-align: justify;\">&#8220;Chamados a semear a esperan\u00e7a e a construir a paz&#8221; \u00e9 o t\u00edtulo da\u00a0<a href=\"https:\/\/www.vatican.va\/content\/francesco\/pt\/messages\/vocations\/documents\/20240421-messaggio-61-gm-vocazioni.html\" target=\"_blank\" rel=\"external noopener\">mensagem do Papa Francisco para o 61\u00ba Dia Mundial de Ora\u00e7\u00e3o pelas Voca\u00e7\u00f5es<\/a>, a ser celebrado em 21 de abril de 2024, no IV Domingo de P\u00e1scoa.<\/p>\n<p style=\"text-align: justify;\">No texto, o Santo Padre faz um convite \u00e0 reflex\u00e3o sobre o chamado que o Senhor dirige a cada pessoa, \u201cseu povo fiel em caminho\u201d.<\/p>\n<div style=\"text-align: justify;\">\n<div class=\"article__embed article__embed--border embed_style\">\n<blockquote><p>\u201cEste Dia proporciona-nos sempre uma boa ocasi\u00e3o para recordar, com gratid\u00e3o, diante do Senhor, o compromisso fiel, quotidiano e muitas vezes escondido daqueles que abra\u00e7aram uma voca\u00e7\u00e3o que envolve toda a sua vida.\u201d<\/p><\/blockquote>\n<\/div>\n<\/div>\n<div style=\"text-align: justify;\">\n<div class=\"article__embed article__embed--unwrap article__embed--dark\">\n<div class=\"article__innerTitle\">Ou\u00e7a e compartilhe<\/div>\n<div>\n<!--[if lt IE 9]><script>document.createElement('audio');<\/script><![endif]-->\n<audio class=\"wp-audio-shortcode\" id=\"audio-87573-1\" preload=\"none\" style=\"width: 100%;\" controls=\"controls\"><source type=\"audio\/mpeg\" src=\"https:\/\/media.vaticannews.va\/media\/audio\/s1\/2024\/03\/19\/11\/137806581_F137806581.mp3?_=1\" \/><a href=\"https:\/\/media.vaticannews.va\/media\/audio\/s1\/2024\/03\/19\/11\/137806581_F137806581.mp3\">https:\/\/media.vaticannews.va\/media\/audio\/s1\/2024\/03\/19\/11\/137806581_F137806581.mp3<\/a><\/audio>\n<\/div>\n<\/div>\n<\/div>\n<h2 style=\"text-align: justify;\">Todos s\u00e3o chamados a uma voca\u00e7\u00e3o<\/h2>\n<p style=\"text-align: justify;\">O Papa ent\u00e3o recorda que esta \u00e9 uma oportunidade para reconhecer e agradecer o compromisso daqueles que vivem suas voca\u00e7\u00f5es dedicando suas vidas ao servi\u00e7o dos outros. Isso inclui m\u00e3es e pais que cuidam de suas fam\u00edlias com amor e gratuidade, trabalhadores que se dedicam ao bem comum e as pessoas consagradas e os sacerdotes que oferecem suas vidas a Deus. Em seguida, Francisco se dirige especialmente aos jovens que se sentem distantes ou olham a Igreja com desconfian\u00e7a:<\/p>\n<p style=\"text-align: justify;\"><i>\u201cDeixai-vos fascinar por Jesus, dirigi-Lhe as vossas perguntas importantes, atrav\u00e9s das p\u00e1ginas do Evangelho, deixai-vos desinquietar pela sua presen\u00e7a que sempre nos coloca, de forma proveitosa, em crise. Ele respeita mais do que ningu\u00e9m a nossa liberdade, n\u00e3o Se imp\u00f5e mas prop\u00f5e-Se: dai-Lhe espa\u00e7o e encontrareis a vossa felicidade no seu seguimento e, se vo-la pedir, na entrega total a Ele.\u201d<br \/>\n<\/i><\/p>\n<h2 style=\"text-align: justify;\">Peregrinos de esperan\u00e7a e construtores de paz<\/h2>\n<p style=\"text-align: justify;\">\u201cNeste momento hist\u00f3rico, enquanto nos preparamos para o Ano Jubilar de 2025\u201d, recorda o Papa, celebrar esta data nos conduz a tornarmo-nos peregrinos de esperan\u00e7a. Como indiv\u00edduos e como comunidade, na diversidade de carismas e minist\u00e9rios, todos somos chamados a \u201cdar corpo e cora\u00e7\u00e3o\u201d \u00e0 esperan\u00e7a do Evangelho, promovendo a unidade e a fraternidade em nossos relacionamentos e atividades, destaca Francisco.<\/p>\n<p style=\"text-align: justify;\"><i>\u201cSer peregrinos de esperan\u00e7a e construtores de paz significa fundar a pr\u00f3pria exist\u00eancia sobre a rocha da ressurrei\u00e7\u00e3o de Cristo, sabendo que todos os nossos compromissos, na voca\u00e7\u00e3o que abra\u00e7amos e levamos por diante, n\u00e3o caem no vazio. Apesar dos fracassos e retrocessos, o bem que semeamos cresce de modo silencioso e nada pode separar-nos da meta \u00faltima: o encontro com Cristo e a alegria de viver na fraternidade entre n\u00f3s por toda a eternidade.\u201d<br \/>\n<\/i><\/p>\n<h2 style=\"text-align: justify;\">A coragem de se envolver<\/h2>\n<p style=\"text-align: justify;\">O Pont\u00edfice, em sua mensagem, faz um apelo para que cada indiv\u00edduo \u201cerga-se e se envolva\u201d, amando a vida e cuidando dos outros com coragem e generosidade, a fim de tornar-se art\u00edfices de fraternidade, paz e esperan\u00e7a em nosso mundo:<\/p>\n<p style=\"text-align: justify;\"><i>\u201cDespertemos do sono, saiamos da indiferen\u00e7a, abramos as grades da pris\u00e3o em que por vezes nos fechamos, para que cada um de n\u00f3s possa descobrir a pr\u00f3pria voca\u00e7\u00e3o na Igreja e no mundo [&#8230;] Apaixonemo-nos pela vida e comprometamo-nos no cuidado amoroso daqueles que vivem ao nosso lado e do ambiente que habitamos.\u201d<br \/>\n<\/i><\/p>\n<h2 style=\"text-align: justify;\">Um povo em caminho<\/h2>\n<p style=\"text-align: justify;\">Por fim, Francisco pede a todos a coragem do comprometimento, e recorda o padre Oreste Benzi, ap\u00f3stolo incans\u00e1vel da caridade, sempre do lado dos \u00faltimos e indefesos, que repetia: \u201cningu\u00e9m \u00e9 t\u00e3o pobre que n\u00e3o tenha algo para dar, e ningu\u00e9m \u00e9 t\u00e3o rico que n\u00e3o precise de receber alguma coisa\u201d.<\/p>\n<p style=\"text-align: justify;\"><i>\u201cLevantemo-nos, pois, e ponhamo-nos a caminho como peregrinos de esperan\u00e7a, para que tamb\u00e9m n\u00f3s, como fez Maria com Santa Isabel, possamos comunicar boas-novas de alegria, gerar vida nova e ser artes\u00e3os de fraternidade e de paz.\u201d<\/i><\/p>\n<\/div>\n<\/div>\n","protected":false},"excerpt":{"rendered":"<p>Papa Francisco durante o F\u00f3rum Internacional dos Jovens \u00a0 (Vatican Media) Foi publicada hoje (19\/03), a mensagem do Papa por ocasi\u00e3o do Dia Mundial de Ora\u00e7\u00e3o pelas Voca\u00e7\u00f5es, a ser celebrado em 21 de abril. \u201cCada um de n\u00f3s, em seu lugar pr\u00f3prio, em seu estado de vida, pode ser, com a ajuda do Esp\u00edrito [&hellip;]<\/p>\n","protected":false},"author":1,"featured_media":87574,"comment_status":"open","ping_status":"closed","sticky":false,"template":"","format":"standard","meta":{"footnotes":""},"categories":[3],"tags":[],"class_list":["post-87573","post","type-post","status-publish","format-standard","has-post-thumbnail","hentry","category-vaticano"],"_links":{"self":[{"href":"https:\/\/catolicanet.net\/wp-cnet\/wp-json\/wp\/v2\/posts\/87573","targetHints":{"allow":["GET"]}}],"collection":[{"href":"https:\/\/catolicanet.net\/wp-cnet\/wp-json\/wp\/v2\/posts"}],"about":[{"href":"https:\/\/catolicanet.net\/wp-cnet\/wp-json\/wp\/v2\/types\/post"}],"author":[{"embeddable":true,"href":"https:\/\/catolicanet.net\/wp-cnet\/wp-json\/wp\/v2\/users\/1"}],"replies":[{"embeddable":true,"href":"https:\/\/catolicanet.net\/wp-cnet\/wp-json\/wp\/v2\/comments?post=87573"}],"version-history":[{"count":1,"href":"https:\/\/catolicanet.net\/wp-cnet\/wp-json\/wp\/v2\/posts\/87573\/revisions"}],"predecessor-version":[{"id":87576,"href":"https:\/\/catolicanet.net\/wp-cnet\/wp-json\/wp\/v2\/posts\/87573\/revisions\/87576"}],"wp:featuredmedia":[{"embeddable":true,"href":"https:\/\/catolicanet.net\/wp-cnet\/wp-json\/wp\/v2\/media\/87574"}],"wp:attachment":[{"href":"https:\/\/catolicanet.net\/wp-cnet\/wp-json\/wp\/v2\/media?parent=87573"}],"wp:term":[{"taxonomy":"category","embeddable":true,"href":"https:\/\/catolicanet.net\/wp-cnet\/wp-json\/wp\/v2\/categories?post=87573"},{"taxonomy":"post_tag","embeddable":true,"href":"https:\/\/catolicanet.net\/wp-cnet\/wp-json\/wp\/v2\/tags?post=87573"}],"curies":[{"name":"wp","href":"https:\/\/api.w.org\/{rel}","templated":true}]}}