{"id":87533,"date":"2024-03-14T09:11:22","date_gmt":"2024-03-14T12:11:22","guid":{"rendered":"https:\/\/catolicanet.net\/wp-cnet\/?p=87533"},"modified":"2024-03-14T13:15:53","modified_gmt":"2024-03-14T16:15:53","slug":"papa-deus-nos-fez-administradores-nao-senhores-do-planeta","status":"publish","type":"post","link":"https:\/\/catolicanet.net\/wp-cnet\/papa-deus-nos-fez-administradores-nao-senhores-do-planeta\/","title":{"rendered":"Papa: Deus nos fez administradores, n\u00e3o senhores do planeta"},"content":{"rendered":"<div class=\"article__subTitle\" style=\"text-align: justify;\">Na manh\u00e3 desta quinta-feira (14), o Papa recebeu em audi\u00eancia os participantes do workshop promovido pelas Pontif\u00edcias Academias de Ci\u00eancias e Ci\u00eancias Sociais, que tem como tema: &#8220;Conhecimento dos povos ind\u00edgenas e as ci\u00eancias&#8221;. &#8220;A Igreja est\u00e1 com voc\u00eas, aliada aos povos ind\u00edgenas e seus conhecimentos, e aliada \u00e0 ci\u00eancia para fazer com que a fraternidade e a amizade social cres\u00e7am no mundo&#8221;, enfatiza Francisco em seu discurso.<\/div>\n<div class=\"title__separator\" style=\"text-align: justify;\"><\/div>\n<div class=\"article__text\">\n<p style=\"text-align: justify;\"><b>Vatican News<\/b><\/p>\n<div style=\"text-align: justify;\">\n<div class=\"article__embed article__embed--unwrap article__embed--dark\">\n<div class=\"article__innerTitle\">Ou\u00e7a e compartilhe<\/div>\n<div>\n<!--[if lt IE 9]><script>document.createElement('audio');<\/script><![endif]-->\n<audio class=\"wp-audio-shortcode\" id=\"audio-87533-1\" preload=\"none\" style=\"width: 100%;\" controls=\"controls\"><source type=\"audio\/mpeg\" src=\"https:\/\/media.vaticannews.va\/media\/audio\/s1\/2024\/03\/14\/11\/137780011_F137780011.mp3?_=1\" \/><a href=\"https:\/\/media.vaticannews.va\/media\/audio\/s1\/2024\/03\/14\/11\/137780011_F137780011.mp3\">https:\/\/media.vaticannews.va\/media\/audio\/s1\/2024\/03\/14\/11\/137780011_F137780011.mp3<\/a><\/audio>\n<\/div>\n<\/div>\n<\/div>\n<p style=\"text-align: justify;\">As mudan\u00e7as clim\u00e1ticas, a perda de biodiversidade, as amea\u00e7as \u00e0 seguran\u00e7a alimentar e \u00e0 sa\u00fade e outros desafios ainda representam os problemas cr\u00edticos mais urgentes da atualidade e, para enfrent\u00e1-los, \u00e9 necess\u00e1rio levar em conta o conhecimento dos povos ind\u00edgenas e das ci\u00eancias. Foi o que observou Francisco ao receber em audi\u00eancia os participantes da confer\u00eancia que tem como objetivo, como explica o Papa, &#8220;reconhecer o grande valor da sabedoria dos povos nativos e favorecer o desenvolvimento humano integral e sustent\u00e1vel&#8221;, e tamb\u00e9m para &#8220;enviar uma mensagem aos governos e \u00e0s organiza\u00e7\u00f5es internacionais em favor da justi\u00e7a e da fraternidade&#8221;.<\/p>\n<p style=\"text-align: justify;\">O workshop, promovido pelas Pontif\u00edcias Academias de Ci\u00eancias e Ci\u00eancias Sociais, traz como tema:\u00a0&#8220;Conhecimento dos povos ind\u00edgenas e as ci\u00eancias: Combinando conhecimento e ci\u00eancia sobre vulnerabilidades e solu\u00e7\u00f5es para a resili\u00eancia&#8221;, realizado no Vaticano, nos dias 14 e 15 de mar\u00e7o.\u00a0 Entre os participantes est\u00e3o presentes diversos representantes do Brasil, entre eles,\u00a0a ministra do governo brasileiro para os Povos Ind\u00edgenas, S\u00f4nia Guajajara.<\/p>\n<h2 style=\"text-align: justify;\">Crescer na escuta\u00a0rec\u00edproca<\/h2>\n<p style=\"text-align: justify;\">Francisco, ao receber os participantes, deu-lhes as boas-vindas e afirmou que, devido a um resfriado, o padre rosminiano Pierluigi Giroli \u00e9 quem deveria ler seu discurso. No in\u00edcio do texto, o Santo Padre manifesta seu apre\u00e7o pela iniciativa e lembra que, gra\u00e7as aos esfor\u00e7os da Organiza\u00e7\u00e3o das Na\u00e7\u00f5es Unidas para a Alimenta\u00e7\u00e3o e a Agricultura (FAO), nasceu uma plataforma que re\u00fane cientistas, acad\u00eamicos e especialistas ind\u00edgenas e n\u00e3o ind\u00edgenas, para estabelecer um di\u00e1logo que visa garantir a salvaguarda dos sistemas alimentares dos povos origin\u00e1rios.<\/p>\n<p style=\"text-align: justify;\"><i>&#8220;Gostaria de destacar que esse workshop representa uma oportunidade para crescermos em escuta rec\u00edproca: escutar os povos ind\u00edgenas, para aprender com sua sabedoria e seus estilos de vida, e ao mesmo tempo escutar os cientistas, para beneficiar-se de suas pesquisas.&#8221;<\/i><\/p>\n<h2 style=\"text-align: justify;\">Proteger a diversidade de tradi\u00e7\u00f5es e culturas<\/h2>\n<p style=\"text-align: justify;\">O Papa observa que a confer\u00eancia tem o objetivo de convocar governos e grandes organiza\u00e7\u00f5es para reconhecer e respeitar &#8220;a diversidade dentro da grande fam\u00edlia humana&#8221;. A perda de tradi\u00e7\u00f5es, culturas e espiritualidade, enfatiza, representaria de fato um empobrecimento para todos:<\/p>\n<p style=\"text-align: justify;\"><i>&#8220;Os projetos de pesquisa cient\u00edfica e, consequentemente, investimentos, devem ser direcionados decisivamente para a promo\u00e7\u00e3o da fraternidade humana, justi\u00e7a e paz, para que os recursos possam ser coordenados e alocados para responder aos desafios urgentes enfrentados pela Terra, nosso lar comum, e pela fam\u00edlia dos povos.&#8221;<\/i><\/p>\n<h2 style=\"text-align: justify;\">O di\u00e1logo ajuda a superar os conflitos<\/h2>\n<p style=\"text-align: justify;\">O texto do Pont\u00edfice sublinha a necessidade de uma convers\u00e3o e uma vis\u00e3o alternativa \u00e0quela que atualmente conduz nosso mundo a conflitos crescentes. &#8220;O di\u00e1logo aberto entre o conhecimento ind\u00edgena e as ci\u00eancias, entre comunidades de sabedoria ancestral e as das ci\u00eancias, pode ajudar a enfrentar de maneira nova, mais integral e mais eficaz quest\u00f5es cruciais como \u00e1gua, mudan\u00e7as clim\u00e1ticas, fome e biodiversidade&#8221;, enfatiza Francisco. Para o Papa, essas quest\u00f5es est\u00e3o todas interconectadas:<\/p>\n<p style=\"text-align: justify;\"><i>&#8220;No di\u00e1logo entre o conhecimento ind\u00edgena e a ci\u00eancia, devemos ter claramente em mente que todo esse patrim\u00f4nio de conhecimento deve ser empregado como meio de superar conflitos de maneira n\u00e3o violenta e combater a pobreza e as novas formas de escravid\u00e3o. Deus, o Criador e Pai de todos os povos e de tudo o que existe, nos chama hoje a viver e testemunhar nosso chamado humano \u00e0 fraternidade universal, liberdade, justi\u00e7a, di\u00e1logo, encontro rec\u00edproco, amor e paz, e evitar alimentar o \u00f3dio, ressentimento, divis\u00e3o, viol\u00eancia e guerra.&#8221;<\/i><\/p>\n<div style=\"text-align: justify;\">\n<div class=\"article__embed article__embed--border embed_style\">\n<blockquote><p>\u201cDeus nos fez guardi\u00f5es e n\u00e3o senhores do planeta: somos todos chamados a uma convers\u00e3o ecol\u00f3gica, comprometidos em salvar nossa casa comum e viver uma solidariedade intergeracional para salvaguardar a vida das gera\u00e7\u00f5es futuras, em vez de dissipar recursos e aumentar a desigualdade, a explora\u00e7\u00e3o e a destrui\u00e7\u00e3o.\u201d<\/p><\/blockquote>\n<\/div>\n<\/div>\n<h2 style=\"text-align: justify;\">A Igreja aliada aos povos ind\u00edgenas e \u00e0 ci\u00eancia<\/h2>\n<p style=\"text-align: justify;\">As palavras finais do Papa para os participantes da confer\u00eancia s\u00e3o de encorajamento para continuar o compromisso e o acompanhamento. Assegurando-lhes suas ora\u00e7\u00f5es e b\u00ean\u00e7\u00e3os, Francisco afirma:<\/p>\n<p style=\"text-align: justify;\"><i>&#8220;A Igreja est\u00e1 com voc\u00eas, aliada aos povos ind\u00edgenas e seus conhecimentos, e aliada \u00e0 ci\u00eancia para fazer com que a fraternidade e a amizade social cres\u00e7am no mundo&#8221;.<\/i><\/p>\n<\/div>\n","protected":false},"excerpt":{"rendered":"<p>Na manh\u00e3 desta quinta-feira (14), o Papa recebeu em audi\u00eancia os participantes do workshop promovido pelas Pontif\u00edcias Academias de Ci\u00eancias e Ci\u00eancias Sociais, que tem como tema: &#8220;Conhecimento dos povos ind\u00edgenas e as ci\u00eancias&#8221;. &#8220;A Igreja est\u00e1 com voc\u00eas, aliada aos povos ind\u00edgenas e seus conhecimentos, e aliada \u00e0 ci\u00eancia para fazer com que a [&hellip;]<\/p>\n","protected":false},"author":1,"featured_media":87534,"comment_status":"open","ping_status":"closed","sticky":false,"template":"","format":"standard","meta":{"footnotes":""},"categories":[13,3],"tags":[],"class_list":["post-87533","post","type-post","status-publish","format-standard","has-post-thumbnail","hentry","category-featured","category-vaticano"],"_links":{"self":[{"href":"https:\/\/catolicanet.net\/wp-cnet\/wp-json\/wp\/v2\/posts\/87533","targetHints":{"allow":["GET"]}}],"collection":[{"href":"https:\/\/catolicanet.net\/wp-cnet\/wp-json\/wp\/v2\/posts"}],"about":[{"href":"https:\/\/catolicanet.net\/wp-cnet\/wp-json\/wp\/v2\/types\/post"}],"author":[{"embeddable":true,"href":"https:\/\/catolicanet.net\/wp-cnet\/wp-json\/wp\/v2\/users\/1"}],"replies":[{"embeddable":true,"href":"https:\/\/catolicanet.net\/wp-cnet\/wp-json\/wp\/v2\/comments?post=87533"}],"version-history":[{"count":1,"href":"https:\/\/catolicanet.net\/wp-cnet\/wp-json\/wp\/v2\/posts\/87533\/revisions"}],"predecessor-version":[{"id":87536,"href":"https:\/\/catolicanet.net\/wp-cnet\/wp-json\/wp\/v2\/posts\/87533\/revisions\/87536"}],"wp:featuredmedia":[{"embeddable":true,"href":"https:\/\/catolicanet.net\/wp-cnet\/wp-json\/wp\/v2\/media\/87534"}],"wp:attachment":[{"href":"https:\/\/catolicanet.net\/wp-cnet\/wp-json\/wp\/v2\/media?parent=87533"}],"wp:term":[{"taxonomy":"category","embeddable":true,"href":"https:\/\/catolicanet.net\/wp-cnet\/wp-json\/wp\/v2\/categories?post=87533"},{"taxonomy":"post_tag","embeddable":true,"href":"https:\/\/catolicanet.net\/wp-cnet\/wp-json\/wp\/v2\/tags?post=87533"}],"curies":[{"name":"wp","href":"https:\/\/api.w.org\/{rel}","templated":true}]}}