{"id":87525,"date":"2024-03-18T08:58:54","date_gmt":"2024-03-18T11:58:54","guid":{"rendered":"https:\/\/catolicanet.net\/wp-cnet\/?p=87525"},"modified":"2024-03-14T13:02:12","modified_gmt":"2024-03-14T16:02:12","slug":"semana-das-dores-3","status":"publish","type":"post","link":"https:\/\/catolicanet.net\/wp-cnet\/semana-das-dores-3\/","title":{"rendered":"Semana das Dores"},"content":{"rendered":"<p style=\"text-align: justify;\">A Igreja celebra a Semana das Dores tanto na quinta semana da Quaresma como na Semana Santa, que \u00e9 a semana maior para n\u00f3s crist\u00e3os cat\u00f3licos. Ela \u00e9 chamada Semana das Dores porque ao longo dessa semana \u00e9 poss\u00edvel meditar as dores de Nossa Senhora. A Igreja recorda as dores e o sofrimento de Maria ao ver o sofrimento de seu Filho. Inclusive a partir da 5\u00aa Semana da Quaresma e sobretudo nos tr\u00eas primeiros dias da Semana Santa os textos lit\u00fargicos retratam sobre a paix\u00e3o e o sofrimento. O pref\u00e1cio proposto para a missa nesses dias tamb\u00e9m \u00e9 o da Paix\u00e3o do Senhor.<\/p>\n<p style=\"text-align: justify;\">Em algumas Igrejas a partir da quinta semana da Quaresma cobrem-se as imagens dos santos. Inclusive as cruzes permanecem veladas at\u00e9 o fim da celebra\u00e7\u00e3o da Paix\u00e3o do Senhor na Sexta-Feira da Paix\u00e3o do Senhor, as demais imagens at\u00e9 a celebra\u00e7\u00e3o da Vig\u00edlia Pascal. Ao longo da Semana Santa medita-se sobre as sete dores de Nossa Senhora. O dia de Nossa Senhora das Dores \u00e9 celebrado em 15 de setembro, mas na Semana Santa, em especial, recorda-se as Dores de Maria diante do sofrimento de seu Filho.<\/p>\n<p style=\"text-align: justify;\">Ao longo da Semana das Dores poderemos intensificar as nossas pr\u00e1ticas penitenciais proposto para este tempo quaresmal, como por exemplo: nos aproximarmos do sacramento da reconcilia\u00e7\u00e3o se ainda n\u00e3o o fizemos, intensificar os momentos de ora\u00e7\u00e3o, realizar o jejum e a caridade. O tempo da Quaresma em si \u00e9 um grande retiro espiritual que realizamos, podemos dizer que a Semana das Dores \u00e9 ponto alto de nosso retiro, e a oportunidade que temos de melhor aproveit\u00e1-lo. \u00c9 a oportunidade que temos de meditar mais no amor de Deus por n\u00f3s, a ponto de entregar o seu filho por n\u00f3s. \u00c9 necess\u00e1rio passar pelo Calv\u00e1rio para chegar \u00e0 gl\u00f3ria da ressurrei\u00e7\u00e3o. Deixemos os nossos pecados na Cruz do Senhor e sejamos pessoas novas na P\u00e1scoa da ressurrei\u00e7\u00e3o.<\/p>\n<p style=\"text-align: justify;\">Ao longo da Semana das Dores, ou Semana Santa, as par\u00f3quias costumar fazer uma programa\u00e7\u00e3o devocionais para que fi\u00e9is possam viver com mais intensidade esse momento. Na Segunda-Feira, por exemplo, costuma-se celebrar o of\u00edcio de trevas, na ter\u00e7a-feira acontece a famosa prociss\u00e3o do encontro e quarta-feira costuma-se meditar as sete dores de Maria, ou em dias diferentes. Em todos esses dias tamb\u00e9m h\u00e1 abertura para que os fi\u00e9is se confessem. A partir da Quinta-Feira, como j\u00e1 sabemos, inicia-se o Tr\u00edduo Pascal.<\/p>\n<p style=\"text-align: justify;\">\u00c9 preciso resgatar essas devo\u00e7\u00f5es da Semana Santa. Infelizmente em muitos lugares algumas par\u00f3quias celebram o Domingo de Ramos e depois s\u00f3 vai ter atividade na Igreja na Quinta-Feira Santa. \u00c9 preciso abrir a Igreja todos os dias da Semana Santa promovendo aos fi\u00e9is a oportunidade de se confessarem, participarem da Santa Missa e desses momentos lit\u00fargicos que mencionamos acima. A Igreja \u00e9 rica de celebra\u00e7\u00f5es ao longo da Semana Santa e, dessa forma, alimenta a f\u00e9 popular de todo o povo. Al\u00e9m do que se pode adequar as celebra\u00e7\u00f5es, ou seja, se n\u00e3o for poss\u00edvel realizar o of\u00edcio de trevas na Segunda-Feira \u00e9 poss\u00edvel substituir pela medita\u00e7\u00e3o das sete palavras de Cristo na Cruz, se n\u00e3o for poss\u00edvel realizar a prociss\u00e3o do encontro, pode substituir pela celebra\u00e7\u00e3o penitencial.<\/p>\n<p style=\"text-align: justify;\">O importante \u00e9 que a Igreja esteja aberta ao longo de toda a Semana Santa, \u00e9 a semana maior da Igreja, s\u00f3 temos uma Semana Santa ao longo de todo o ano, por isso, temos que aproveit\u00e1-la, vivenci\u00e1-la plenamente nos mist\u00e9rios celebrados. Participando ativamente dos momentos lit\u00fargicos propostos para a Semana Santa e se aprofundando nos textos sagrados para esses dias poderemos celebrar a P\u00e1scoa com a f\u00e9 mais renovada.<\/p>\n<p style=\"text-align: justify;\">Nossa Senhora acompanha o seu Filho at\u00e9 o momento de sua morte na Cruz, antes de morrer, Jesus entrega sua M\u00e3e como M\u00e3e de todos n\u00f3s. Se ela \u00e9 M\u00e3e do filho de Deus e todos n\u00f3s somos filhos de Deus por meio do batismo, Ela \u00e9 M\u00e3e de todos n\u00f3s. Nossa Senhora sempre ouve o nosso apelo e leva o nosso pedido at\u00e9 Jesus. Mesmo nos momentos mais dif\u00edceis Nossa Senhora est\u00e1 conosco, nos d\u00e1 o colo, do mesmo modo que Ela esteve no momento mais dif\u00edcil da vida de seu Filho.<\/p>\n<p style=\"text-align: justify;\">Maria, a M\u00e3e das Dores consola todas as m\u00e3es que perderam os seus filhos e intercede para que essas m\u00e3es se mantenham firmes na f\u00e9 do mesmo modo que ela se manteve. Ela \u00e9 a M\u00e3e da consola\u00e7\u00e3o e da esperan\u00e7a e ajuda essas m\u00e3es a encontrarem na ora\u00e7\u00e3o e contempla\u00e7\u00e3o a for\u00e7a para continuarem vivendo. Nossa Senhora ajuda essas m\u00e3es a confiarem em Deus e terem a certeza da ressurrei\u00e7\u00e3o final, e que um dia todos n\u00f3s nos encontraremos na eternidade. Maria ensina a todas as m\u00e3es a guardarem e cultivarem tudo em seu cora\u00e7\u00e3o, do mesmo modo que Ela fez ao longo de toda a sua vida.<\/p>\n<p style=\"text-align: justify;\">Recomenda-se que as par\u00f3quias coloquem a imagem de Nossa Senhora das Dores em destaque a partir do 5\u00ba Domingo da Quaresma, para que os fi\u00e9is possam rezar diante da imagem, introduzindo na espiritualidade da Semana Santa que se aproxima. Que atrav\u00e9s do olhar piedoso de Maria, os fi\u00e9is possam celebrar piedosamente os momentos que se aproximam.<\/p>\n<p style=\"text-align: justify;\">Muitos cat\u00f3licos n\u00e3o participam ativamente da Igreja, e muito menos n\u00e3o participam da Semana Santa. Ainda h\u00e1 algumas pessoas que s\u00f3 v\u00e3o na Igreja para \u201csepultar\u201d Jesus na Sexta-Feira Santa e em raras exce\u00e7\u00f5es voltam para \u201cressuscitar\u201d com Jesus no Domingo de P\u00e1scoa. Um crist\u00e3o, cat\u00f3lico de verdade participa, ou da Semana Santa toda, ou pelo menos do Tr\u00edduo Pascal.<\/p>\n<p style=\"text-align: justify;\">Portanto, procure em sua par\u00f3quia a programa\u00e7\u00e3o para a Semana Santa e tente participar o m\u00e1ximo poss\u00edvel para que possa se manter viva dentro de cada um a espiritualidade desse tempo t\u00e3o rico da Igreja. Que ao longo dessa Semana Santa possamos passar das trevas para a luz e ser irradiados pela luz de Cristo.<\/p>\n","protected":false},"excerpt":{"rendered":"<p>A Igreja celebra a Semana das Dores tanto na quinta semana da Quaresma como na Semana Santa, que \u00e9 a semana maior para n\u00f3s crist\u00e3os cat\u00f3licos. Ela \u00e9 chamada Semana das Dores porque ao longo dessa semana \u00e9 poss\u00edvel meditar as dores de Nossa Senhora. A Igreja recorda as dores e o sofrimento de Maria [&hellip;]<\/p>\n","protected":false},"author":5,"featured_media":55819,"comment_status":"open","ping_status":"closed","sticky":false,"template":"","format":"standard","meta":{"footnotes":""},"categories":[9],"tags":[],"class_list":["post-87525","post","type-post","status-publish","format-standard","has-post-thumbnail","hentry","category-artigos"],"_links":{"self":[{"href":"https:\/\/catolicanet.net\/wp-cnet\/wp-json\/wp\/v2\/posts\/87525","targetHints":{"allow":["GET"]}}],"collection":[{"href":"https:\/\/catolicanet.net\/wp-cnet\/wp-json\/wp\/v2\/posts"}],"about":[{"href":"https:\/\/catolicanet.net\/wp-cnet\/wp-json\/wp\/v2\/types\/post"}],"author":[{"embeddable":true,"href":"https:\/\/catolicanet.net\/wp-cnet\/wp-json\/wp\/v2\/users\/5"}],"replies":[{"embeddable":true,"href":"https:\/\/catolicanet.net\/wp-cnet\/wp-json\/wp\/v2\/comments?post=87525"}],"version-history":[{"count":2,"href":"https:\/\/catolicanet.net\/wp-cnet\/wp-json\/wp\/v2\/posts\/87525\/revisions"}],"predecessor-version":[{"id":87527,"href":"https:\/\/catolicanet.net\/wp-cnet\/wp-json\/wp\/v2\/posts\/87525\/revisions\/87527"}],"wp:featuredmedia":[{"embeddable":true,"href":"https:\/\/catolicanet.net\/wp-cnet\/wp-json\/wp\/v2\/media\/55819"}],"wp:attachment":[{"href":"https:\/\/catolicanet.net\/wp-cnet\/wp-json\/wp\/v2\/media?parent=87525"}],"wp:term":[{"taxonomy":"category","embeddable":true,"href":"https:\/\/catolicanet.net\/wp-cnet\/wp-json\/wp\/v2\/categories?post=87525"},{"taxonomy":"post_tag","embeddable":true,"href":"https:\/\/catolicanet.net\/wp-cnet\/wp-json\/wp\/v2\/tags?post=87525"}],"curies":[{"name":"wp","href":"https:\/\/api.w.org\/{rel}","templated":true}]}}