{"id":87516,"date":"2024-03-07T09:42:42","date_gmt":"2024-03-07T12:42:42","guid":{"rendered":"https:\/\/catolicanet.net\/wp-cnet\/?p=87516"},"modified":"2024-03-08T14:44:16","modified_gmt":"2024-03-08T17:44:16","slug":"viver-o-bem-estar-de-corpo-e-alma","status":"publish","type":"post","link":"https:\/\/catolicanet.net\/wp-cnet\/viver-o-bem-estar-de-corpo-e-alma\/","title":{"rendered":"Viver o bem-estar de corpo e alma"},"content":{"rendered":"<p style=\"text-align: justify;\">Com a sa\u00fade f\u00edsica, emocional e mental, se vive feliz, em paz consigo mesmo, com a fam\u00edlia, no trabalho, nos estudos e nos empreendimentos.<\/p>\n<p style=\"text-align: justify;\">Em nossa vida, viver a beleza sentimental, realiza\u00e7\u00f5es pessoais e novos horizontes, s\u00e3o riquezas imensur\u00e1veis. Da\u00ed a import\u00e2ncia do bem-estar f\u00edsico, emocional, mental, social e espiritual.<\/p>\n<p style=\"text-align: justify;\">Viver o bem-estar \u00e9 evitar a vida vazia, a solid\u00e3o e a car\u00eancia afetiva e outras crises existenciais. Evitar cair na armadilha da ingratid\u00e3o, do desamor, da maldade e da maledic\u00eancia.<\/p>\n<p style=\"text-align: justify;\"><strong>\u201cN\u00e3o \u00e9 a sua vida que vai mal. \u00c9 a sua alma\u201d,<\/strong> afirmou o renomado psicanalista, educador, te\u00f3logo, poeta e escritor brasileiro Dr. Rubem Alves.<\/p>\n<p style=\"text-align: justify;\">A alma que vai mal, doente e conflituosa, tem dificuldade de dizer at\u00e9: \u201cbom dia\u201d, elogiar, enxergar virtudes no semelhante, tem fal\u00eancia nos relacionamentos, coleciona v\u00e1rias derrotas e \u00e9 resistente ao tratamento terap\u00eautico.<\/p>\n<p style=\"text-align: justify;\">A vida s\u00f3 tem sentido na dimens\u00e3o do amor. O amor \u00e9 o excelente rem\u00e9dio da alma. A gratid\u00e3o, bondade, falar bem dos outros, contribuir em prol da prosperidade do pr\u00f3ximo, o sucesso, a vit\u00f3ria, a sa\u00fade integral s\u00e3o frutos do poder do amor.<\/p>\n<p style=\"text-align: justify;\"><strong>Se amar \u00e9 se cuidar, do corpo e da alma. Esse amor e esse cuidado fluem abundantemente atrav\u00e9s da terapia, educa\u00e7\u00e3o alimentar, lazer, exerc\u00edcios f\u00edsicos, relacionamentos virtuosos e espiritualidade. <\/strong><\/p>\n<p style=\"text-align: justify;\"><strong>O poder do amor<\/strong><\/p>\n<p style=\"text-align: justify;\"><strong>No amor h\u00e1 cura, sem ele loucura.<\/strong><\/p>\n<p style=\"text-align: justify;\"><strong>No amor h\u00e1 liberta\u00e7\u00e3o, sem ele escravid\u00e3o.<\/strong><\/p>\n<p style=\"text-align: justify;\"><strong>No amor h\u00e1 atra\u00e7\u00e3o, sem ele trai\u00e7\u00e3o.<\/strong><\/p>\n<p style=\"text-align: justify;\"><strong>No amor h\u00e1 verdade, sem ele falsidade.<\/strong><\/p>\n<p style=\"text-align: justify;\"><strong>No amor h\u00e1 sapiencialidade, sem ele bo\u00e7alidade.<\/strong><\/p>\n<p style=\"text-align: justify;\"><strong>No amor h\u00e1 terapia, sem ele patologia.<\/strong><\/p>\n<p style=\"text-align: justify;\"><strong>No amor h\u00e1\u00a0ternura, carinho, car\u00edcia, del\u00edcia e compreens\u00e3o, sem ele mal\u00edcia, opress\u00e3o e depress\u00e3o.<\/strong><\/p>\n<p style=\"text-align: justify;\"><strong>No amor h\u00e1 canto, encanto, magia e mist\u00e9rio, sem ele cemit\u00e9rio.<\/strong><\/p>\n<p style=\"text-align: justify;\"><strong>No amor a alma \u00e9 sadia, sem ele ela \u00e9 doentia.<\/strong><\/p>\n<p style=\"text-align: justify;\"><strong>No amor h\u00e1 salva\u00e7\u00e3o, sem ele perdi\u00e7\u00e3o.<\/strong><\/p>\n<p style=\"text-align: justify;\"><strong>O amor \u00e9 gozo celestial, sem ele \u00e9 sofrimento infernal.<\/strong><\/p>\n<p style=\"text-align: justify;\"><strong>Deus \u00e9 amor e seu poder elimina todo tremor e temor!<\/strong><\/p>\n<p style=\"text-align: justify;\"><strong>\u00a0<\/strong>Dr. Karl Menninger, foi um renomado psiquiatra americano que fundou Cl\u00ednica Menninger em Topeka, Kansas-EUA, afirmou: \u201cO amor cura as pessoas, tanto as que o recebem quando as que o d\u00e3o\u201d.<\/p>\n<p style=\"text-align: justify;\">O poder do amor, cura, liberta, faz triunfar os obst\u00e1culos da vida e faz visualizar novos horizontes.<strong>\u00a0<\/strong><\/p>\n<p style=\"text-align: justify;\">Prof. Dr.\u00a0 In\u00e1cio Jos\u00e9 do Vale, Psicanalista Cl\u00ednico, PhD.<\/p>\n<p style=\"text-align: justify;\">Especialista em Psicologia Cl\u00ednica pela Faculdade Dom Alberto-RS.<\/p>\n<p style=\"text-align: justify;\">Especialista em Psicologia da Sa\u00fade pela Faculdade de Administra\u00e7\u00e3o, Ci\u00eancias e Educa\u00e7\u00e3o-MG.<\/p>\n<p style=\"text-align: justify;\">Doutorado em Psican\u00e1lise Cl\u00ednica pela Escola de Psican\u00e1lise da Sociedade Brasileira de Psican\u00e1lise Contempor\u00e2nea. Rio de Janeiro-RJ. Cadastrada na Organiza\u00e7\u00e3o das Na\u00e7\u00f5es Unidas \u2013 (ONU).<\/p>\n<p style=\"text-align: justify;\"><strong>Autor do livro Terapia Psicanal\u00edtica: Demolindo a Ansiedade, a Depress\u00e3o e a Posse da Sa\u00fade F\u00edsica e Psicol\u00f3gica <\/strong><\/p>\n","protected":false},"excerpt":{"rendered":"<p>Com a sa\u00fade f\u00edsica, emocional e mental, se vive feliz, em paz consigo mesmo, com a fam\u00edlia, no trabalho, nos estudos e nos empreendimentos. Em nossa vida, viver a beleza sentimental, realiza\u00e7\u00f5es pessoais e novos horizontes, s\u00e3o riquezas imensur\u00e1veis. Da\u00ed a import\u00e2ncia do bem-estar f\u00edsico, emocional, mental, social e espiritual. Viver o bem-estar \u00e9 evitar [&hellip;]<\/p>\n","protected":false},"author":16,"featured_media":55822,"comment_status":"open","ping_status":"closed","sticky":false,"template":"","format":"standard","meta":{"footnotes":""},"categories":[9],"tags":[],"class_list":["post-87516","post","type-post","status-publish","format-standard","has-post-thumbnail","hentry","category-artigos"],"_links":{"self":[{"href":"https:\/\/catolicanet.net\/wp-cnet\/wp-json\/wp\/v2\/posts\/87516","targetHints":{"allow":["GET"]}}],"collection":[{"href":"https:\/\/catolicanet.net\/wp-cnet\/wp-json\/wp\/v2\/posts"}],"about":[{"href":"https:\/\/catolicanet.net\/wp-cnet\/wp-json\/wp\/v2\/types\/post"}],"author":[{"embeddable":true,"href":"https:\/\/catolicanet.net\/wp-cnet\/wp-json\/wp\/v2\/users\/16"}],"replies":[{"embeddable":true,"href":"https:\/\/catolicanet.net\/wp-cnet\/wp-json\/wp\/v2\/comments?post=87516"}],"version-history":[{"count":1,"href":"https:\/\/catolicanet.net\/wp-cnet\/wp-json\/wp\/v2\/posts\/87516\/revisions"}],"predecessor-version":[{"id":87518,"href":"https:\/\/catolicanet.net\/wp-cnet\/wp-json\/wp\/v2\/posts\/87516\/revisions\/87518"}],"wp:featuredmedia":[{"embeddable":true,"href":"https:\/\/catolicanet.net\/wp-cnet\/wp-json\/wp\/v2\/media\/55822"}],"wp:attachment":[{"href":"https:\/\/catolicanet.net\/wp-cnet\/wp-json\/wp\/v2\/media?parent=87516"}],"wp:term":[{"taxonomy":"category","embeddable":true,"href":"https:\/\/catolicanet.net\/wp-cnet\/wp-json\/wp\/v2\/categories?post=87516"},{"taxonomy":"post_tag","embeddable":true,"href":"https:\/\/catolicanet.net\/wp-cnet\/wp-json\/wp\/v2\/tags?post=87516"}],"curies":[{"name":"wp","href":"https:\/\/api.w.org\/{rel}","templated":true}]}}