{"id":87499,"date":"2024-03-08T09:32:34","date_gmt":"2024-03-08T12:32:34","guid":{"rendered":"https:\/\/catolicanet.net\/wp-cnet\/?p=87499"},"modified":"2024-03-08T14:34:11","modified_gmt":"2024-03-08T17:34:11","slug":"3-licoes-do-diario-espiritual-de-conchita-cabrera","status":"publish","type":"post","link":"https:\/\/catolicanet.net\/wp-cnet\/3-licoes-do-diario-espiritual-de-conchita-cabrera\/","title":{"rendered":"3 li\u00e7\u00f5es do Di\u00e1rio Espiritual de Conchita Cabrera"},"content":{"rendered":"<p style=\"text-align: justify;\"><span class=\"subtitle\"><span>Conchita Cabrera disse que \u201co cora\u00e7\u00e3o da mulher \u00e9 capaz dos maiores sacrif\u00edcios e quando movido pela gra\u00e7a divina pode atingir uma perfei\u00e7\u00e3o alt\u00edssima\u201d.<\/span><\/span><\/p>\n<p style=\"text-align: justify;\"><span>ABeata\u00a0<\/span><a title=\"Maria Concepci\u00f3n Cabrera Arias\" href=\"https:\/\/es.aleteia.org\/2024\/03\/03\/video-camino-de-santidad-de-conchita-cabrera\/\" target=\"_blank\" rel=\"noopener\"><span>Mar\u00eda Concepci\u00f3n Cabrera Arias<\/span><\/a><span>\u00a0, mais conhecida como Conchita Cabrera, foi uma mulher m\u00edstica &#8211; \u00e0 frente do seu tempo &#8211; que soube viver a sua feminilidade e partilh\u00e1-la com outras mulheres atrav\u00e9s da sua vida e dos seus grandes tratados, particularmente do seu\u00a0<\/span><a title=\"Di\u00e1rio espiritual\" href=\"http:\/\/www.apcross.org\/conchita\/DiarioConchita-Spanish.pdf\" target=\"_blank\" rel=\"noopener\"><span>Di\u00e1rio Espiritual<\/span><\/a><span>\u00a0.\u00a0<\/span><\/p>\n<p style=\"text-align: justify;\"><span>Nele, ela aborda suas experi\u00eancias com Deus por meio do lindo dom que Ele lhe deu de ser mulher, amiga, esposa e m\u00e3e de nove filhos, a quem educou com amor, convidando-os a viver autenticamente sua f\u00e9.\u00a0<\/span><\/p>\n<div class=\"wp-block-aleteia-heading3\" style=\"text-align: justify;\">\n<h2><span>Um exemplo a seguir para as mulheres<\/span><\/h2>\n<\/div>\n<p style=\"text-align: justify;\"><span>Para esta aben\u00e7oada talentosa, o mais valioso de sua vida foi seguir a voz de Deus.\u00a0Ela mesma disse: \u201cDesde que aprendi, meu Deus, a te dizer sim, n\u00e3o h\u00e1 mais lutas na minha vida, n\u00e3o h\u00e1 mais tristezas para mim\u201d.\u00a0<\/span><\/p>\n<p style=\"text-align: justify;\"><span>O seu testemunho de virtude \u00e9 luz para cada mulher que deseja ser virtuosa e viver a sua feminilidade de forma calorosa, seguindo a vontade de Deus;\u00a0Portanto, podemos olhar para o exemplo da Concha de Armida, como carinhosamente a chamam.<\/span><\/p>\n<p style=\"text-align: justify;\"><span>Apresentamos a voc\u00ea essas qualidades da Concha que v\u00e3o te ajudar a ser uma mulher plena que destaca a beleza que Deus d\u00e1 a cada uma de suas filhas;\u00a0para que voc\u00ea possa alcan\u00e7ar a santidade como ela fez.\u00a0<\/span><\/p>\n<h2 class=\"wp-block-aleteia-rich-list\" style=\"text-align: justify;\"><strong><span>1 AMOR EXTRAORDIN\u00c1RIO<\/span><\/strong><\/h2>\n<div id=\"aleteia-welcome\" style=\"text-align: justify;\">Conchita disse que \u201cs\u00f3 o amor de Deus pode transformar o cora\u00e7\u00e3o de uma mulher\u201d.<\/div>\n<p style=\"text-align: justify;\"><span>Ela se apaixonou por Deus de tal forma que, ao se apaixonar por Ele e saber que o pr\u00f3prio Deus era seu objetivo, mais tarde se apaixonou por seu muito querido Pancho Armida, com quem se casou ap\u00f3s nove anos de namoro.\u00a0<\/span><\/p>\n<div id=\"article-desk-content-p6-ad\" class=\"adslot ay css-p8k4vw\" style=\"text-align: justify;\" data-ay-manager-id=\"article-desk-content-p6-ad\" data-google-query-id=\"CLD_-JmZ5YQDFciElQIdYFkFkg\">\n<div id=\"google_ads_iframe_64500793\/ES_DESK_ARTICLE_WELCOME_1X1_0__container__\">Ela foi clara sobre suas prioridades e em seu di\u00e1rio escreveu:<\/div>\n<\/div>\n<blockquote class=\"wp-block-quote\"><p><span>\u00abNunca me preocupei com o namoro no sentido de que me impedisse de ser menos de Deus. Foi t\u00e3o f\u00e1cil para mim juntar as duas coisas. Quando fui para a cama, quando estava sozinho, pensei em Pancho e depois na Eucaristia, o que foi a minha alegria.<\/span><\/p><\/blockquote>\n<div class=\"wp-block-aleteia-read-also read-also\" style=\"text-align: justify;\" data-category=\"Espiritualidad\" data-category-english=\"spirituality\">\n<div class=\"read-also-inner\"><strong style=\"color: #111111; font-family: Roboto, sans-serif; font-size: 27px;\">2 UM CORA\u00c7\u00c3O ABERTO \u00c0 MATERNIDADE<\/strong><\/div>\n<\/div>\n<p style=\"text-align: justify;\"><span>Concha nos mostra a beleza da maternidade aberta, pois Deus lhe deu nove lindos filhos que ela criou com valores e, claro, o ingrediente perfeito: o amor.<\/span><\/p>\n<p style=\"text-align: justify;\"><span>Como toda mulher, ela tinha o sonho \u2013 por natureza \u2013 de ser m\u00e3e desde pequena.\u00a0Algumas mulheres s\u00e3o chamadas \u00e0 maternidade espiritual \u2013 como aquelas que Deus chama a consagrar a vida e que adotam e rezam espiritualmente por muitos filhos \u2013 enquanto outras s\u00e3o aben\u00e7oadas com o dom de gerar a vida e de dar \u00e0 luz.\u00a0<\/span><\/p>\n<blockquote class=\"wp-block-quote\"><p><span>No caso de Conchita, ela foi m\u00e3e nos dois sentidos, pois dedicou grande parte da sua vida \u00e0 ora\u00e7\u00e3o por todos os sacerdotes, fundando posteriormente o Apostolado da Cruz.<\/span><\/p>\n<p><span>Sinto que minha miss\u00e3o \u00e9 ser m\u00e3e. Com infinito ardor desejo abra\u00e7ar em minha alma o amor de todo o C\u00e9u e da Terra; O imenso e maternal amor de Maria. (CC 58,44).<\/span><\/p><\/blockquote>\n<h2 class=\"wp-block-aleteia-rich-list\" style=\"text-align: justify;\"><strong><span>3 ARDILOSO<\/span><\/strong><\/h2>\n<p style=\"text-align: justify;\"><span>Esta bendita mulher dizia: \u201cA mulher tem uma ast\u00facia natural que n\u00e3o existe no homem\u201d, porque sabia dirigir-se aos outros e sempre fazia o que tinha que fazer no momento exato.\u00a0<\/span><\/p>\n<p style=\"text-align: justify;\"><span>Al\u00e9m disso, ela buscou constantemente maneiras de divulgar o Evangelho de forma inteligente, inspirando muitas outras mulheres com quem conheceu, bem como em outros aspectos de sua vida.\u00a0<\/span><\/p>\n<p style=\"text-align: justify;\"><span>Gra\u00e7as \u00e0 Concha de Armidia podemos confirmar que as mulheres t\u00eam um papel valioso e que Deus as criou com uma beleza e uma for\u00e7a singulares para serem amadas, respeitadas e valorizadas.<\/span><\/p>\n","protected":false},"excerpt":{"rendered":"<p>Conchita Cabrera disse que \u201co cora\u00e7\u00e3o da mulher \u00e9 capaz dos maiores sacrif\u00edcios e quando movido pela gra\u00e7a divina pode atingir uma perfei\u00e7\u00e3o alt\u00edssima\u201d. ABeata\u00a0Mar\u00eda Concepci\u00f3n Cabrera Arias\u00a0, mais conhecida como Conchita Cabrera, foi uma mulher m\u00edstica &#8211; \u00e0 frente do seu tempo &#8211; que soube viver a sua feminilidade e partilh\u00e1-la com outras mulheres [&hellip;]<\/p>\n","protected":false},"author":1,"featured_media":87500,"comment_status":"open","ping_status":"closed","sticky":false,"template":"","format":"standard","meta":{"footnotes":""},"categories":[4],"tags":[],"class_list":["post-87499","post","type-post","status-publish","format-standard","has-post-thumbnail","hentry","category-cotidiano"],"_links":{"self":[{"href":"https:\/\/catolicanet.net\/wp-cnet\/wp-json\/wp\/v2\/posts\/87499","targetHints":{"allow":["GET"]}}],"collection":[{"href":"https:\/\/catolicanet.net\/wp-cnet\/wp-json\/wp\/v2\/posts"}],"about":[{"href":"https:\/\/catolicanet.net\/wp-cnet\/wp-json\/wp\/v2\/types\/post"}],"author":[{"embeddable":true,"href":"https:\/\/catolicanet.net\/wp-cnet\/wp-json\/wp\/v2\/users\/1"}],"replies":[{"embeddable":true,"href":"https:\/\/catolicanet.net\/wp-cnet\/wp-json\/wp\/v2\/comments?post=87499"}],"version-history":[{"count":1,"href":"https:\/\/catolicanet.net\/wp-cnet\/wp-json\/wp\/v2\/posts\/87499\/revisions"}],"predecessor-version":[{"id":87502,"href":"https:\/\/catolicanet.net\/wp-cnet\/wp-json\/wp\/v2\/posts\/87499\/revisions\/87502"}],"wp:featuredmedia":[{"embeddable":true,"href":"https:\/\/catolicanet.net\/wp-cnet\/wp-json\/wp\/v2\/media\/87500"}],"wp:attachment":[{"href":"https:\/\/catolicanet.net\/wp-cnet\/wp-json\/wp\/v2\/media?parent=87499"}],"wp:term":[{"taxonomy":"category","embeddable":true,"href":"https:\/\/catolicanet.net\/wp-cnet\/wp-json\/wp\/v2\/categories?post=87499"},{"taxonomy":"post_tag","embeddable":true,"href":"https:\/\/catolicanet.net\/wp-cnet\/wp-json\/wp\/v2\/tags?post=87499"}],"curies":[{"name":"wp","href":"https:\/\/api.w.org\/{rel}","templated":true}]}}