{"id":87463,"date":"2024-03-08T09:11:45","date_gmt":"2024-03-08T12:11:45","guid":{"rendered":"https:\/\/catolicanet.net\/wp-cnet\/?p=87463"},"modified":"2024-03-08T14:14:19","modified_gmt":"2024-03-08T17:14:19","slug":"papa-aos-confessores-em-todo-ato-de-misericordia-transparece-o-rosto-de-deus","status":"publish","type":"post","link":"https:\/\/catolicanet.net\/wp-cnet\/papa-aos-confessores-em-todo-ato-de-misericordia-transparece-o-rosto-de-deus\/","title":{"rendered":"Papa aos confessores: em todo ato de miseric\u00f3rdia transparece o rosto de Deus"},"content":{"rendered":"<figure class=\"article__image\"><span class=\"didascalia_img\">Audi\u00eancia do Papa com os participantes do curso anual do Tribunal da Penitenciaria Apost\u00f3lica sobre o Foro Interno\u00a0 (Vatican Media)<\/span><\/figure>\n<div class=\"article__meta \" data-mediatype=\"\">\n<div class=\"article__subTitle\" style=\"text-align: justify;\">Os participantes do curso anual do Tribunal da Penitenciaria Apost\u00f3lica sobre o Foro Interno foram recebidos em audi\u00eancia pelo Papa nesta manh\u00e3 (08). Em seu discurso, entregue aos presentes, Francisco aborda tr\u00eas atitudes fundamentais presentes na ora\u00e7\u00e3o do ato de contri\u00e7\u00e3o: o arrependimento diante de Deus, a confian\u00e7a Nele e o prop\u00f3sito de n\u00e3o recair no pecado.<\/div>\n<div class=\"title__separator\" style=\"text-align: justify;\"><\/div>\n<div class=\"article__text\">\n<p style=\"text-align: justify;\"><b>Thulio Fonseca &#8211; Vatican News<\/b><\/p>\n<p style=\"text-align: justify;\">Na manh\u00e3 desta sexta-feira, 8 de mar\u00e7o, o Papa Francisco recebeu os participantes da 34\u00aa edi\u00e7\u00e3o do Curso do Tribunal da Penitenciaria Apost\u00f3lica sobre o Foro Interno. Durante esta semana, um grupo de 500 pessoas acompanhou as atividades presencialmente em Roma, enquanto outra parte participou virtualmente. As forma\u00e7\u00f5es, destinadas a novos sacerdotes, seminaristas prestes a serem ordenados e todos os sacerdotes interessados em forma\u00e7\u00e3o permanente, abordaram o Sacramento da Penit\u00eancia.<\/p>\n<p style=\"text-align: justify;\">O Pont\u00edfice agradeceu a presen\u00e7a dos participantes durante o encontro e optou por entregar o discurso preparado para a ocasi\u00e3o. No texto, Francisco prop\u00f4s uma reflex\u00e3o, no contexto da Quaresma e, em particular, do Ano da Ora\u00e7\u00e3o em prepara\u00e7\u00e3o para o Jubileu, sobre uma ora\u00e7\u00e3o simples e rica, que pertence \u00e0 heran\u00e7a do santo povo fiel de Deus e que recitamos durante o Rito da Reconcilia\u00e7\u00e3o: o Ato de Contri\u00e7\u00e3o.<\/p>\n<h2 style=\"text-align: justify;\">O arrependimento n\u00e3o \u00e9 uma\u00a0autoan\u00e1lise<\/h2>\n<p style=\"text-align: justify;\">O Papa destaca tr\u00eas atitudes expressas na ora\u00e7\u00e3o escrita por Santo Afonso Maria de Lig\u00f3rio, as quais nos ajudam a meditar sobre nosso relacionamento com a miseric\u00f3rdia divina: o arrependimento diante de Deus, a confian\u00e7a Nele e o prop\u00f3sito de n\u00e3o recair.<\/p>\n<p style=\"text-align: justify;\">Ao falar sobre o arrependimento, o Santo Padre enfatiza que essa postura \u201cn\u00e3o surge de uma autoan\u00e1lise ou de um sentimento psicol\u00f3gico de culpa, mas sim da consci\u00eancia de nossa insignific\u00e2ncia diante do amor infinito de Deus\u201d:<\/p>\n<p style=\"text-align: justify;\"><i>\u201cO sentimento de pecado \u00e9 diretamente proporcional \u00e0 compreens\u00e3o do amor infinito de Deus: quanto mais percebemos Sua ternura, mais ansiamos por uma comunh\u00e3o plena com Ele, e mais claramente enxergamos a deformidade do mal em nossas vidas. \u00c9 essa consci\u00eancia, expressa como \u2018arrependimento\u2019 e \u2018tristeza\u2019, que nos impulsiona a refletir sobre nossas a\u00e7\u00f5es e nos leva ao arrependimento. Lembremo-nos de que Deus nunca se cansa de nos perdoar, e, da nossa parte, nunca devemos nos cansar de pedir perd\u00e3o a Ele!\u201d<\/i><\/p>\n<h2 style=\"text-align: justify;\">Confiar na Miseric\u00f3rdia Divina<\/h2>\n<p style=\"text-align: justify;\">\u201cNo Ato de Contri\u00e7\u00e3o\u201d, recorda o Papa, \u201cDeus \u00e9 descrito como \u2018infinitamente bom e digno de ser amado acima de todas as coisas\u2019. E ao se deter no segundo ponto, que \u00e9 a confian\u00e7a, Francisco afirma que \u00e9 muito bonito ouvir de um penitente o reconhecimento da infinita bondade de Deus e a primazia, em sua pr\u00f3pria vida, do amor por Ele:<\/p>\n<p style=\"text-align: justify;\"><i>\u201cAmar \u2018sobre todas as coisas\u2019, de fato, significa colocar Deus no centro de tudo, como luz no caminho e fundamento de toda ordem de valores, confiando tudo a Ele. E \u00e9 um primado, este, que anima todos os outros amores: pelos homens e pela cria\u00e7\u00e3o, porque quem ama a Deus ama o irm\u00e3o (cf. 1Jo 4,19-21) e busca o seu bem, sempre, na justi\u00e7a e na paz.\u201d<\/i><\/p>\n<div style=\"text-align: justify;\">\n<div class=\"article__embed article__embed--unwrap article__embed--photo\">\n<figure><picture><img decoding=\"async\" class=\"loaded\" src=\"https:\/\/www.vaticannews.va\/content\/dam\/vaticannews\/agenzie\/images\/srv\/2024\/03\/08\/2024-03-08-partecipanti-al-corso-sul-foro-interno-promosso-dalla\/1709895819413.JPG\/_jcr_content\/renditions\/cq5dam.thumbnail.cropped.750.422.jpeg\" alt=\"Audi\u00eancia do Papa Francisco com os participantes do curso sobre Foro Interno\" data-original=\"\/content\/dam\/vaticannews\/agenzie\/images\/srv\/2024\/03\/08\/2024-03-08-partecipanti-al-corso-sul-foro-interno-promosso-dalla\/1709895819413.JPG\/_jcr_content\/renditions\/cq5dam.thumbnail.cropped.750.422.jpeg\" data-was-processed=\"true\" \/><\/picture><\/figure>\n<div class=\"photo_embed--Title\" style=\"text-align: center;\">Audi\u00eancia do Papa Francisco com os participantes do curso sobre Foro Interno<\/div>\n<\/div>\n<\/div>\n<h2 style=\"text-align: justify;\">Propor-se a n\u00e3o pecar mais<\/h2>\n<p style=\"text-align: justify;\">A terceira atitude \u00e9 o prop\u00f3sito, e segundo o Santo Padre, expressa a vontade do penitente de nunca mais recair no pecado cometido e permite a importante transi\u00e7\u00e3o da a\u00e7\u00e3o \u00e0 contri\u00e7\u00e3o, da dor imperfeita \u00e0 dor perfeita:<\/p>\n<p style=\"text-align: justify;\"><i>\u201cManifestamos essa atitude dizendo: \u2018eu me proponho, com sua santa ajuda, a nunca mais voltar a te ofender\u2019. Essas palavras expressam um prop\u00f3sito, n\u00e3o uma promessa. De fato, nenhum de n\u00f3s pode prometer a Deus que nunca mais pecar\u00e1, e o que \u00e9 necess\u00e1rio para receber o perd\u00e3o n\u00e3o \u00e9 uma garantia de impecabilidade, mas um prop\u00f3sito presente, feito com uma inten\u00e7\u00e3o justa no momento da confiss\u00e3o.\u201d<\/i><\/p>\n<h2 style=\"text-align: justify;\">Conceder generosamente o perd\u00e3o de Deus<\/h2>\n<p style=\"text-align: justify;\">Por fim, Francisco destaca a conclus\u00e3o da ora\u00e7\u00e3o: &#8220;Senhor, miseric\u00f3rdia, perdoa-me&#8221;. O Pont\u00edfice sublinha que os termos &#8220;Senhor&#8221; e &#8220;miseric\u00f3rdia&#8221; s\u00e3o sin\u00f4nimos, e isso \u00e9 algo decisivo:<\/p>\n<p style=\"text-align: justify;\"><i>\u201cDeus \u00e9 miseric\u00f3rdia (cf. 1Jo 4,8), miseric\u00f3rdia \u00e9 seu nome, seu rosto. \u00c9 bom que nos lembremos disso, sempre: em todo ato de miseric\u00f3rdia, em todo ato de amor, brilha o rosto de Deus. A tarefa que lhes foi confiada no confession\u00e1rio \u00e9 bela e crucial, porque lhes permite ajudar tantos irm\u00e3os e irm\u00e3s a experimentar a do\u00e7ura do amor de Deus. Encorajo-vos, portanto, a viver cada confiss\u00e3o como um momento \u00fanico e irrepet\u00edvel de gra\u00e7a, e a doar generosamente o perd\u00e3o do Senhor, com afabilidade, paternidade e, ouso dizer, tamb\u00e9m com ternura maternal.\u201d<\/i><\/p>\n<p style=\"text-align: justify;\">Na conclus\u00e3o do texto, h\u00e1 um convite do Papa \u00e0 ora\u00e7\u00e3o e ao comprometimento, \u201cpara que este ano de prepara\u00e7\u00e3o para o Jubileu possa ver a miseric\u00f3rdia do Pai florescer em muitos cora\u00e7\u00f5es e em muitos lugares, e para que Deus seja cada vez mais amado, reconhecido e glorificado\u201d.<\/p>\n<div>\n<div class=\"article__embed article__embed--unwrap article__embed--photo\">\n<figure style=\"text-align: justify;\"><picture><img decoding=\"async\" class=\"loaded\" src=\"https:\/\/www.vaticannews.va\/content\/dam\/vaticannews\/agenzie\/images\/srv\/2024\/03\/08\/2024-03-08-partecipanti-al-corso-sul-foro-interno-promosso-dalla\/1709895781151.JPG\/_jcr_content\/renditions\/cq5dam.thumbnail.cropped.750.422.jpeg\" alt=\"Audi\u00eancia do Papa Francisco com os participantes do curso sobre Foro Interno\" data-original=\"\/content\/dam\/vaticannews\/agenzie\/images\/srv\/2024\/03\/08\/2024-03-08-partecipanti-al-corso-sul-foro-interno-promosso-dalla\/1709895781151.JPG\/_jcr_content\/renditions\/cq5dam.thumbnail.cropped.750.422.jpeg\" data-was-processed=\"true\" \/><\/picture><\/figure>\n<div class=\"photo_embed--Title\" style=\"text-align: center;\">Audi\u00eancia do Papa Francisco com os participantes do curso sobre Foro Interno<\/div>\n<\/div>\n<\/div>\n<\/div>\n<\/div>\n","protected":false},"excerpt":{"rendered":"<p>Audi\u00eancia do Papa com os participantes do curso anual do Tribunal da Penitenciaria Apost\u00f3lica sobre o Foro Interno\u00a0 (Vatican Media) Os participantes do curso anual do Tribunal da Penitenciaria Apost\u00f3lica sobre o Foro Interno foram recebidos em audi\u00eancia pelo Papa nesta manh\u00e3 (08). Em seu discurso, entregue aos presentes, Francisco aborda tr\u00eas atitudes fundamentais presentes [&hellip;]<\/p>\n","protected":false},"author":1,"featured_media":87464,"comment_status":"open","ping_status":"closed","sticky":false,"template":"","format":"standard","meta":{"footnotes":""},"categories":[3],"tags":[],"class_list":["post-87463","post","type-post","status-publish","format-standard","has-post-thumbnail","hentry","category-vaticano"],"_links":{"self":[{"href":"https:\/\/catolicanet.net\/wp-cnet\/wp-json\/wp\/v2\/posts\/87463","targetHints":{"allow":["GET"]}}],"collection":[{"href":"https:\/\/catolicanet.net\/wp-cnet\/wp-json\/wp\/v2\/posts"}],"about":[{"href":"https:\/\/catolicanet.net\/wp-cnet\/wp-json\/wp\/v2\/types\/post"}],"author":[{"embeddable":true,"href":"https:\/\/catolicanet.net\/wp-cnet\/wp-json\/wp\/v2\/users\/1"}],"replies":[{"embeddable":true,"href":"https:\/\/catolicanet.net\/wp-cnet\/wp-json\/wp\/v2\/comments?post=87463"}],"version-history":[{"count":1,"href":"https:\/\/catolicanet.net\/wp-cnet\/wp-json\/wp\/v2\/posts\/87463\/revisions"}],"predecessor-version":[{"id":87466,"href":"https:\/\/catolicanet.net\/wp-cnet\/wp-json\/wp\/v2\/posts\/87463\/revisions\/87466"}],"wp:featuredmedia":[{"embeddable":true,"href":"https:\/\/catolicanet.net\/wp-cnet\/wp-json\/wp\/v2\/media\/87464"}],"wp:attachment":[{"href":"https:\/\/catolicanet.net\/wp-cnet\/wp-json\/wp\/v2\/media?parent=87463"}],"wp:term":[{"taxonomy":"category","embeddable":true,"href":"https:\/\/catolicanet.net\/wp-cnet\/wp-json\/wp\/v2\/categories?post=87463"},{"taxonomy":"post_tag","embeddable":true,"href":"https:\/\/catolicanet.net\/wp-cnet\/wp-json\/wp\/v2\/tags?post=87463"}],"curies":[{"name":"wp","href":"https:\/\/api.w.org\/{rel}","templated":true}]}}