{"id":87459,"date":"2024-03-08T09:05:02","date_gmt":"2024-03-08T12:05:02","guid":{"rendered":"https:\/\/catolicanet.net\/wp-cnet\/?p=87459"},"modified":"2024-03-08T14:11:19","modified_gmt":"2024-03-08T17:11:19","slug":"papa-francisco-recomecar-a-vida-nova-pelo-perdao-de-deus","status":"publish","type":"post","link":"https:\/\/catolicanet.net\/wp-cnet\/papa-francisco-recomecar-a-vida-nova-pelo-perdao-de-deus\/","title":{"rendered":"Papa Francisco: recome\u00e7ar a vida nova pelo perd\u00e3o de Deus"},"content":{"rendered":"<p>A Celebra\u00e7\u00e3o da Penit\u00eancia foi realizada na par\u00f3quia de S\u00e3o Pio V. em Roma<\/p>\n<div class=\"article__subTitle\" style=\"text-align: justify;\">Francisco presidiu a Celebra\u00e7\u00e3o da Penit\u00eancia na tarde desta sexta-feira (8), numa par\u00f3quia de Roma, dando in\u00edcio \u00e0 iniciativa &#8220;24 Horas de Ora\u00e7\u00e3o para o Senhor&#8221;. Antes de confessar alguns paroquianos, o Papa exortou a n\u00e3o adiar o encontro com o sacramento da Reconcilia\u00e7\u00e3o, que tamb\u00e9m \u00e9 da cura e da alegria: &#8220;vamos colocar o perd\u00e3o de Deus de volta no centro da Igreja!&#8221; para recome\u00e7ar a vida nova, iniciada no Batismo.<\/div>\n<div class=\"title__separator\" style=\"text-align: justify;\"><\/div>\n<div class=\"article__text\">\n<p style=\"text-align: justify;\"><b>Andressa Collet &#8211; Vatican News<\/b><\/p>\n<p style=\"text-align: justify;\">O Papa Francisco se deslocou at\u00e9 a periferia de Roma para presidir a Celebra\u00e7\u00e3o da Penit\u00eancia, com o rito da reconcilia\u00e7\u00e3o, que d\u00e1 in\u00edcio \u00e0 iniciativa &#8220;24 Horas de Ora\u00e7\u00e3o para o Senhor&#8221;, promovida pelo Dicast\u00e9rio para a Evangeliza\u00e7\u00e3o dirigida \u00e0s dioceses do mundo inteiro. A cerim\u00f4nia aconteceu no final da tarde desta sexta-feira (8) na par\u00f3quia de S\u00e3o Pio V, no bairro Aurelio. Antes de ouvir as confiss\u00f5es de alguns paroquianos, Francisco falou da import\u00e2ncia de nos reconhecermos pecadores e de &#8220;nos lan\u00e7armos nos bra\u00e7os do amor de Jesus crucificado para sermos libertados&#8221;\u00a0a partir do perd\u00e3o.<\/p>\n<p style=\"text-align: justify;\">Na homilia, o Pont\u00edfice refletiu sobre o que escreveu o ap\u00f3stolo Paulo aos primeiros crist\u00e3os romanos, que tamb\u00e9m foi o lema escolhido para este ano das &#8220;24 Horas para o Senhor&#8221;: &#8220;Caminhar numa vida nova&#8221; (Rm 6,4). Segundo o Papa, essa\u00a0<i>vida nova<\/i>\u00a0&#8220;nasce do Batismo, que nos imerge na morte e na ressurrei\u00e7\u00e3o de Jesus e nos torna para sempre filhos de Deus&#8221;, e \u00e9 feita\u00a0<i>caminhando<\/i>.<\/p>\n<p style=\"text-align: justify;\">Mas, observou o Papa, &#8220;depois de tantos passos no caminho&#8221;,\u00a0&#8220;imersos em um ritmo repetitivo&#8221; diariamente, &#8220;envolvidos em mil coisas, atordoados com tantas mensagens&#8221;, procurando &#8220;em toda parte satisfa\u00e7\u00e3o e novidade, est\u00edmulos e sensa\u00e7\u00f5es positivas&#8221;, &#8220;<b>talvez perdemos de vista a vida santa que corre dentro de n\u00f3s<\/b>&#8220;. E a beleza da face de Deus acaba sendo ofuscada:<\/p>\n<p style=\"text-align: justify;\"><i>&#8220;Ent\u00e3o, Deus, que na vida nova \u00e9 nosso Pai, nos aparece como um patr\u00e3o; em vez de nos confiarmos a Ele, fazemos contratos com Ele; em vez de am\u00e1-Lo, n\u00f3s O tememos. E os outros, em vez de serem irm\u00e3os e irm\u00e3s, como filhos do mesmo Pai, parecem-nos obst\u00e1culos e advers\u00e1rios. E existe um mau h\u00e1bito, o de transformar nossos companheiros de viagem em advers\u00e1rios. E muitas vezes fazemos isso. Os defeitos do pr\u00f3ximo parecem exagerados e suas virtudes escondidas; quantas vezes somos inflex\u00edveis com os outros e indulgentes conosco!&#8221;<\/i><\/p>\n<h2 style=\"text-align: justify;\">O caminho do perd\u00e3o de Deus<\/h2>\n<p style=\"text-align: justify;\">O importante \u00e9 continuar no caminho, alertou Francisco, para redescobrir a beleza do Batismo e o sentido para seguir em frente. E esse caminho \u00e9 o do\u00a0<i>perd\u00e3o de Deus<\/i>, que &#8220;nos torna novos novamente&#8221;, garantiu o Pont\u00edfice, porque\u00a0&#8220;nos devolve uma vida e uma vis\u00e3o nova&#8221;. E n\u00e3o se cansa nunca de perdoar, insistiu Francisco, v\u00e1rias vezes durante a homilia: &#8220;Deus n\u00e3o se cansa nunca de perdoar&#8221;, o problema &#8220;somos n\u00f3s que nos cansamos de pedir perd\u00e3o&#8221;. Por isso, no Evangelho (Mt 5,1-12), Jesus proclamou que somente\u00a0Deus conhece e cura o cora\u00e7\u00e3o, &#8220;s\u00f3 Deus \u00e9 capaz de conhecer e curar o cora\u00e7\u00e3o&#8221;, repetiu o Papa, mas devemos estar abertos para &#8220;a purifica\u00e7\u00e3o&#8221; que vem dEle:<\/p>\n<div style=\"text-align: justify;\">\n<div class=\"article__embed article__embed--border embed_style\">\n<blockquote><p>\u201cEle quer isso, porque nos quer renovados, livres e leves por dentro, felizes e em caminho, n\u00e3o estacionados nas estradas da vida. Ele sabe como \u00e9 f\u00e1cil trope\u00e7armos, cair e ficar no ch\u00e3o, e Ele quer nos levantar novamente. N\u00e3o o entriste\u00e7amos, n\u00e3o adiemos o encontro com o seu perd\u00e3o.\u201d<\/p><\/blockquote>\n<\/div>\n<\/div>\n<h2 style=\"text-align: justify;\">A ressurrei\u00e7\u00e3o do cora\u00e7\u00e3o<\/h2>\n<p style=\"text-align: justify;\">E a quem ouve os pecados, acrescentou o Papa, procurar\u00a0transformar as feridas &#8220;em canais de miseric\u00f3rdia&#8221;, atrav\u00e9s da\u00a0&#8220;car\u00edcia do Esp\u00edrito Santo&#8221;. Aos irm\u00e3os sacerdotes, Francisco orientou que ajudem quem tem medo de se aproximar &#8220;com confian\u00e7a do\u00a0<i>sacramento da cura e da alegria.\u00a0<\/i>Vamos colocar o perd\u00e3o de Deus de volta no centro da Igreja!&#8221;, exortou ainda o Pont\u00edfice, &#8220;e n\u00e3o pe\u00e7am demais, deixem que digam, e perdoem tudo&#8221;, finalizando:<\/p>\n<div>\n<div class=\"article__embed article__embed--border embed_style\">\n<blockquote><p>\u201cEsse \u00e9 o recome\u00e7o da vida nova: iniciada no Batismo, recome\u00e7a pelo perd\u00e3o. N\u00e3o renunciemos ao perd\u00e3o de Deus, ao sacramento da Reconcilia\u00e7\u00e3o: n\u00e3o \u00e9 uma pr\u00e1tica de devo\u00e7\u00e3o, mas o fundamento da exist\u00eancia crist\u00e3; n\u00e3o se trata de saber dizer bem os pecados, mas de nos reconhecermos pecadores e de nos lan\u00e7armos nos bra\u00e7os do amor de Jesus crucificado para sermos libertados; e isso n\u00e3o \u00e9 um gesto moralista, n\u00e3o, mas a ressurrei\u00e7\u00e3o do cora\u00e7\u00e3o: o Senhor ressuscitado nos ressuscita, todos n\u00f3s.\u201d<\/p><\/blockquote>\n<\/div>\n<\/div>\n<\/div>\n","protected":false},"excerpt":{"rendered":"<p>A Celebra\u00e7\u00e3o da Penit\u00eancia foi realizada na par\u00f3quia de S\u00e3o Pio V. em Roma Francisco presidiu a Celebra\u00e7\u00e3o da Penit\u00eancia na tarde desta sexta-feira (8), numa par\u00f3quia de Roma, dando in\u00edcio \u00e0 iniciativa &#8220;24 Horas de Ora\u00e7\u00e3o para o Senhor&#8221;. Antes de confessar alguns paroquianos, o Papa exortou a n\u00e3o adiar o encontro com o [&hellip;]<\/p>\n","protected":false},"author":1,"featured_media":87460,"comment_status":"open","ping_status":"closed","sticky":false,"template":"","format":"standard","meta":{"footnotes":""},"categories":[13,3],"tags":[],"class_list":["post-87459","post","type-post","status-publish","format-standard","has-post-thumbnail","hentry","category-featured","category-vaticano"],"_links":{"self":[{"href":"https:\/\/catolicanet.net\/wp-cnet\/wp-json\/wp\/v2\/posts\/87459","targetHints":{"allow":["GET"]}}],"collection":[{"href":"https:\/\/catolicanet.net\/wp-cnet\/wp-json\/wp\/v2\/posts"}],"about":[{"href":"https:\/\/catolicanet.net\/wp-cnet\/wp-json\/wp\/v2\/types\/post"}],"author":[{"embeddable":true,"href":"https:\/\/catolicanet.net\/wp-cnet\/wp-json\/wp\/v2\/users\/1"}],"replies":[{"embeddable":true,"href":"https:\/\/catolicanet.net\/wp-cnet\/wp-json\/wp\/v2\/comments?post=87459"}],"version-history":[{"count":1,"href":"https:\/\/catolicanet.net\/wp-cnet\/wp-json\/wp\/v2\/posts\/87459\/revisions"}],"predecessor-version":[{"id":87462,"href":"https:\/\/catolicanet.net\/wp-cnet\/wp-json\/wp\/v2\/posts\/87459\/revisions\/87462"}],"wp:featuredmedia":[{"embeddable":true,"href":"https:\/\/catolicanet.net\/wp-cnet\/wp-json\/wp\/v2\/media\/87460"}],"wp:attachment":[{"href":"https:\/\/catolicanet.net\/wp-cnet\/wp-json\/wp\/v2\/media?parent=87459"}],"wp:term":[{"taxonomy":"category","embeddable":true,"href":"https:\/\/catolicanet.net\/wp-cnet\/wp-json\/wp\/v2\/categories?post=87459"},{"taxonomy":"post_tag","embeddable":true,"href":"https:\/\/catolicanet.net\/wp-cnet\/wp-json\/wp\/v2\/tags?post=87459"}],"curies":[{"name":"wp","href":"https:\/\/api.w.org\/{rel}","templated":true}]}}