{"id":87444,"date":"2024-03-03T09:11:23","date_gmt":"2024-03-03T12:11:23","guid":{"rendered":"https:\/\/catolicanet.net\/wp-cnet\/?p=87444"},"modified":"2024-03-06T16:12:39","modified_gmt":"2024-03-06T19:12:39","slug":"3o-domingo-da-quaresma-03-03-24","status":"publish","type":"post","link":"https:\/\/catolicanet.net\/wp-cnet\/3o-domingo-da-quaresma-03-03-24\/","title":{"rendered":"3\u00ba Domingo da Quaresma. 03\/03\/24"},"content":{"rendered":"<p style=\"text-align: center;\"><em>Tema referencial: \u201cN\u00e3o fa\u00e7ais da casa do meu Pai, uma casa de com\u00e9rcio\u201d. <\/em><\/p>\n<p style=\"text-align: center;\"><em>(Jo 2,13-25)<\/em><\/p>\n<p style=\"text-align: justify;\">Jesus sabe muito bem por que veio: edificar o Reino de Deus. Por isso, sua miss\u00e3o \u00e9 ampla, profunda e precisa; como tal, foi assumida. Portanto, Jesus apresenta o verdadeiro plano do Pai. N\u00e3o veio somente para instituir um novo culto, mas o verdadeiro; onde, estivesse no centro, n\u00e3o o templo material, mas a Sant\u00edssima Trindade. Esta, deveria ser ouvida, entendida e cultivada. Estava, portanto, em quest\u00e3o o essencial e n\u00e3o o perif\u00e9rico.<\/p>\n<p style=\"text-align: justify;\">Jesus, j\u00e1 se encontrava em Jerusal\u00e9m: junto ao templo. Os judeus, mormente os escribas, fariseus e doutores da lei, tanto prezavam o templo, de pens\u00e1-lo intoc\u00e1vel. Por isso, entrou logo em lit\u00edgio com os defensores do juda\u00edsmo. Pois, eles pensavam que Jesus tinha exagerado. Para Jesus, estava claro que veio purificar o templo: o modo de ser, agir e prestar o culto a Deus.<\/p>\n<p style=\"text-align: justify;\">De fato, Jesus assumiu atitudes r\u00edspidas, afirmando que a casa de seu Pai \u00e9 casa de ora\u00e7\u00e3o e n\u00e3o de neg\u00f3cio. Por isso, exigia mudan\u00e7a radical. Doravante, Cristo se tonar\u00e1 o lugar de encontro com o Pai, portanto, do verdadeiro culto.<\/p>\n<p style=\"text-align: justify;\">Ent\u00e3o, hoje, como s\u00e3o vistas nossas casas de ora\u00e7\u00e3o? N\u00e3o haveria muita semelhan\u00e7a entre essas, com as de outrora? Devo deixar, j\u00e1 bem claro, que Jesus tinha consci\u00eancia, de que o novo culto, pelo qual o Pai anelava, \u00e9 o que, tamb\u00e9m, o mundo precisava e passaria, pela morte e ressurrei\u00e7\u00e3o do pr\u00f3prio Filho de Deus. O culto que o Pai quer, dever\u00e1 ser mais interiorizado (amor, obla\u00e7\u00e3o e fraternidade), e assim, valorizamos, tamb\u00e9m, o tema e o lema, desse ano, da Campanha da Fraternidade.<\/p>\n<p style=\"text-align: justify;\">Sigo hospitalizado, na Santa Casa de Curitiba, depois de ter operado do f\u00eamur. Estou j\u00e1 no quarto e agrade\u00e7o as ora\u00e7\u00f5es de todos. Logo, se Deus quiser, estarei de alta. Conto com as ora\u00e7\u00f5es de todos!<\/p>\n","protected":false},"excerpt":{"rendered":"<p>Tema referencial: \u201cN\u00e3o fa\u00e7ais da casa do meu Pai, uma casa de com\u00e9rcio\u201d. (Jo 2,13-25) Jesus sabe muito bem por que veio: edificar o Reino de Deus. Por isso, sua miss\u00e3o \u00e9 ampla, profunda e precisa; como tal, foi assumida. Portanto, Jesus apresenta o verdadeiro plano do Pai. N\u00e3o veio somente para instituir um novo [&hellip;]<\/p>\n","protected":false},"author":119,"featured_media":77698,"comment_status":"open","ping_status":"closed","sticky":false,"template":"","format":"standard","meta":{"footnotes":""},"categories":[9],"tags":[],"class_list":["post-87444","post","type-post","status-publish","format-standard","has-post-thumbnail","hentry","category-artigos"],"_links":{"self":[{"href":"https:\/\/catolicanet.net\/wp-cnet\/wp-json\/wp\/v2\/posts\/87444","targetHints":{"allow":["GET"]}}],"collection":[{"href":"https:\/\/catolicanet.net\/wp-cnet\/wp-json\/wp\/v2\/posts"}],"about":[{"href":"https:\/\/catolicanet.net\/wp-cnet\/wp-json\/wp\/v2\/types\/post"}],"author":[{"embeddable":true,"href":"https:\/\/catolicanet.net\/wp-cnet\/wp-json\/wp\/v2\/users\/119"}],"replies":[{"embeddable":true,"href":"https:\/\/catolicanet.net\/wp-cnet\/wp-json\/wp\/v2\/comments?post=87444"}],"version-history":[{"count":1,"href":"https:\/\/catolicanet.net\/wp-cnet\/wp-json\/wp\/v2\/posts\/87444\/revisions"}],"predecessor-version":[{"id":87446,"href":"https:\/\/catolicanet.net\/wp-cnet\/wp-json\/wp\/v2\/posts\/87444\/revisions\/87446"}],"wp:featuredmedia":[{"embeddable":true,"href":"https:\/\/catolicanet.net\/wp-cnet\/wp-json\/wp\/v2\/media\/77698"}],"wp:attachment":[{"href":"https:\/\/catolicanet.net\/wp-cnet\/wp-json\/wp\/v2\/media?parent=87444"}],"wp:term":[{"taxonomy":"category","embeddable":true,"href":"https:\/\/catolicanet.net\/wp-cnet\/wp-json\/wp\/v2\/categories?post=87444"},{"taxonomy":"post_tag","embeddable":true,"href":"https:\/\/catolicanet.net\/wp-cnet\/wp-json\/wp\/v2\/tags?post=87444"}],"curies":[{"name":"wp","href":"https:\/\/api.w.org\/{rel}","templated":true}]}}