{"id":87441,"date":"2024-03-04T09:10:34","date_gmt":"2024-03-04T12:10:34","guid":{"rendered":"https:\/\/catolicanet.net\/wp-cnet\/?p=87441"},"modified":"2024-03-06T16:11:12","modified_gmt":"2024-03-06T19:11:12","slug":"uma-casa-de-comercio","status":"publish","type":"post","link":"https:\/\/catolicanet.net\/wp-cnet\/uma-casa-de-comercio\/","title":{"rendered":"UMA CASA DE COM\u00c9RCIO"},"content":{"rendered":"<p style=\"text-align: justify;\">\u00a0\u00a0\u00a0\u00a0\u00a0\u00a0\u00a0\u00a0\u00a0\u00a0\u00a0 A preocupa\u00e7\u00e3o est\u00e1 posta desde o in\u00edcio do cristianismo. H\u00e1 aqui um profetismo de Jesus acerca do futuro de sua Igreja: \u201cN\u00e3o fa\u00e7ais da casa de meu Pai uma casa de com\u00e9rcio (Jo 2, 16).Tanto que foi esse um dos raros momentos de impaci\u00eancia e quase agressividade de Jesus ao expulsar aqueles vendilh\u00f5es do Templo com um chicote \u00e0s m\u00e3os. O chicote que o diga! Os que negociavam as ofertas (bois, ovelhas e pombas) \u00e0s portas do Templo se viram momentaneamente prejudicados com aquela interven\u00e7\u00e3o inesperada. A a\u00e7\u00e3o intempestiva e as duras palavras de Jesus contra o com\u00e9rcio que ali praticavam alertou as consci\u00eancias mais sens\u00edveis pela contradi\u00e7\u00e3o de seus atos. Aproveitavam-se da f\u00e9 popular para dela obterem lucro. Exploravam a ingenuidade daquele povo&#8230; Nada diferente dos dias atuais!<\/p>\n<p style=\"text-align: justify;\">\u00a0\u00a0\u00a0\u00a0\u00a0\u00a0\u00a0\u00a0\u00a0\u00a0\u00a0 Mas n\u00e3o \u00e9 bom generalizar. H\u00e1 muitas e honrosas exce\u00e7\u00f5es! Nem sempre o aspecto financeiro dentro do ambiente religioso foi uma atitude meramente mercantilista ou de cunho oportunista por parte daqueles que cuidam das necessidades espirituais do povo de Deus. H\u00e1 que se diferenciar estes, daqueles. As necessidades prim\u00e1rias para sustenta\u00e7\u00e3o do culto e daqueles que se consagraram ao servi\u00e7o do altar sempre existiram. S\u00e3o obriga\u00e7\u00f5es dos que se beneficiam desse servi\u00e7o. Das doze tribos de Israel, uma tinha a fun\u00e7\u00e3o sagrada de servir e cuidar \u00fanica e exclusivamente da quest\u00e3o lit\u00fargica e espiritual de tudo o que se realizava no Templo. Era a Tribo de Levi, a fam\u00edlia sacerdotal do povo de Deus. Mas, para tanto, era preciso que as demais tribos cuidassem das necessidades prim\u00e1rias desta casta de consagrados, n\u00e3o s\u00f3 no aspecto das necessidades b\u00e1sicas, como tamb\u00e9m em todas as quest\u00f5es relacionadas ao templo e \u00e0 manuten\u00e7\u00e3o do culto. A estes se destinavam os d\u00edzimos e ofertas do povo.<\/p>\n<p style=\"text-align: justify;\">\u00a0\u00a0\u00a0\u00a0\u00a0\u00a0\u00a0\u00a0\u00a0\u00a0\u00a0 Nada mudou desde ent\u00e3o. As comunidades de f\u00e9 continuam obrigadas a fazer frente a essas necessidades, ao sustento daqueles que tudo renunciam para servir ao altar do Senhor. O que acontece \u00e9 o oportunismo de alguns que veem nesse servi\u00e7o um meio de ganho f\u00e1cil, de enriquecimento il\u00edcito, de realiza\u00e7\u00e3o de falcatruas e ou negociatas com a f\u00e9 popular&#8230; Ent\u00e3o Jesus aprofunda a quest\u00e3o, amea\u00e7ando com a destrui\u00e7\u00e3o do templo, de tudo, para uma edifica\u00e7\u00e3o renovada, em tr\u00eas dias apenas. Seus ouvintes nada entenderam e viram nessa afirmativa uma quest\u00e3o de dem\u00eancia. \u201cQuarenta e seis anos foram precisos para a constru\u00e7\u00e3o deste santu\u00e1rio e tu o levantar\u00e1s em tr\u00eas dias?\u201d (Jo 2,20). Eis no que resulta a ignor\u00e2ncia na f\u00e9 e a opini\u00e3o daqueles que n\u00e3o conhecem as belezas dos mist\u00e9rios crist\u00e3os. Dentre eles a ressurrei\u00e7\u00e3o. Dentre eles o templo de Deus que nos tornamos. Dentre eles a a\u00e7\u00e3o do Esp\u00edrito em nossas vidas, que aceita e consagra nossas ofertas como sinal de gratid\u00e3o a Deus por tudo que dele recebemos, temos e somos. Nessa perspectiva, nossos d\u00edzimos e ofertas nunca ser\u00e3o objetos de com\u00e9rcio ou negociata com Deus, mas sim canais extraordin\u00e1rios de gra\u00e7as e b\u00ean\u00e7\u00e3os.<\/p>\n<p style=\"text-align: justify;\">\u00a0\u00a0\u00a0\u00a0\u00a0\u00a0\u00a0\u00a0\u00a0\u00a0\u00a0 Deixemos de lado a opini\u00e3o mundana. Nessa rela\u00e7\u00e3o de f\u00e9 o que importa n\u00e3o \u00e9 a quantidade do que temos para oferecer, mas a qualidade de nossos gestos de amor e responsabilidade para com as coisas e as causas de Deus. Se temos mais, se somos agraciados com dons e talentos maiores dos que os de muitos irm\u00e3os, temos sim que participar mais, contribuir com mais, fazer nossa parte sem nos preocuparmos com o julgamento e a opini\u00e3o do mundo. O que importa \u00e9 que Jesus conhece \u201co homem por dentro\u201d!<\/p>\n","protected":false},"excerpt":{"rendered":"<p>\u00a0\u00a0\u00a0\u00a0\u00a0\u00a0\u00a0\u00a0\u00a0\u00a0\u00a0 A preocupa\u00e7\u00e3o est\u00e1 posta desde o in\u00edcio do cristianismo. H\u00e1 aqui um profetismo de Jesus acerca do futuro de sua Igreja: \u201cN\u00e3o fa\u00e7ais da casa de meu Pai uma casa de com\u00e9rcio (Jo 2, 16).Tanto que foi esse um dos raros momentos de impaci\u00eancia e quase agressividade de Jesus ao expulsar aqueles vendilh\u00f5es do [&hellip;]<\/p>\n","protected":false},"author":17,"featured_media":55826,"comment_status":"open","ping_status":"closed","sticky":false,"template":"","format":"standard","meta":{"footnotes":""},"categories":[9],"tags":[],"class_list":["post-87441","post","type-post","status-publish","format-standard","has-post-thumbnail","hentry","category-artigos"],"_links":{"self":[{"href":"https:\/\/catolicanet.net\/wp-cnet\/wp-json\/wp\/v2\/posts\/87441","targetHints":{"allow":["GET"]}}],"collection":[{"href":"https:\/\/catolicanet.net\/wp-cnet\/wp-json\/wp\/v2\/posts"}],"about":[{"href":"https:\/\/catolicanet.net\/wp-cnet\/wp-json\/wp\/v2\/types\/post"}],"author":[{"embeddable":true,"href":"https:\/\/catolicanet.net\/wp-cnet\/wp-json\/wp\/v2\/users\/17"}],"replies":[{"embeddable":true,"href":"https:\/\/catolicanet.net\/wp-cnet\/wp-json\/wp\/v2\/comments?post=87441"}],"version-history":[{"count":1,"href":"https:\/\/catolicanet.net\/wp-cnet\/wp-json\/wp\/v2\/posts\/87441\/revisions"}],"predecessor-version":[{"id":87443,"href":"https:\/\/catolicanet.net\/wp-cnet\/wp-json\/wp\/v2\/posts\/87441\/revisions\/87443"}],"wp:featuredmedia":[{"embeddable":true,"href":"https:\/\/catolicanet.net\/wp-cnet\/wp-json\/wp\/v2\/media\/55826"}],"wp:attachment":[{"href":"https:\/\/catolicanet.net\/wp-cnet\/wp-json\/wp\/v2\/media?parent=87441"}],"wp:term":[{"taxonomy":"category","embeddable":true,"href":"https:\/\/catolicanet.net\/wp-cnet\/wp-json\/wp\/v2\/categories?post=87441"},{"taxonomy":"post_tag","embeddable":true,"href":"https:\/\/catolicanet.net\/wp-cnet\/wp-json\/wp\/v2\/tags?post=87441"}],"curies":[{"name":"wp","href":"https:\/\/api.w.org\/{rel}","templated":true}]}}