{"id":87393,"date":"2024-03-06T09:37:40","date_gmt":"2024-03-06T12:37:40","guid":{"rendered":"https:\/\/catolicanet.net\/wp-cnet\/?p=87393"},"modified":"2024-03-06T15:39:58","modified_gmt":"2024-03-06T18:39:58","slug":"francisco-presidira-a-missa-da-ceia-do-senhor-na-prisao-feminina-de-rebibbia","status":"publish","type":"post","link":"https:\/\/catolicanet.net\/wp-cnet\/francisco-presidira-a-missa-da-ceia-do-senhor-na-prisao-feminina-de-rebibbia\/","title":{"rendered":"Francisco presidir\u00e1 a Missa da Ceia do Senhor na pris\u00e3o feminina de Rebibbia"},"content":{"rendered":"<figure class=\"article__image\" style=\"text-align: justify;\"><span class=\"didascalia_img\">Em 2023, o Papa presidiu a Missa da Quinta-feira Santa na Casa de Deten\u00e7\u00e3o Juvenil &#8220;Casal del Marmo&#8221;\u00a0 (Vatican Media)<\/span><\/figure>\n<div class=\"article__meta audioInside\" data-mediatype=\"\">\n<div class=\"article__subTitle\" style=\"text-align: justify;\">A Prefeitura da Casa Pontif\u00edcia anunciou nesta quarta-feira (06), o local onde ser\u00e1 celebrada a missa papal da Ceia do Senhor, na Quinta-feira Santa, 28 de mar\u00e7o.<\/div>\n<div class=\"title__separator\" style=\"text-align: justify;\"><\/div>\n<div class=\"article__text\">\n<p style=\"text-align: justify;\"><b>Thulio Fonseca &#8211; Vatican News<\/b><\/p>\n<div style=\"text-align: justify;\">\n<div class=\"article__embed article__embed--unwrap article__embed--dark\">\n<div class=\"article__innerTitle\">Ou\u00e7a e compartilhe<\/div>\n<div>\n<!--[if lt IE 9]><script>document.createElement('audio');<\/script><![endif]-->\n<audio class=\"wp-audio-shortcode\" id=\"audio-87393-1\" preload=\"none\" style=\"width: 100%;\" controls=\"controls\"><source type=\"audio\/mpeg\" src=\"https:\/\/media.vaticannews.va\/media\/audio\/s1\/2024\/03\/06\/15\/137757261_F137757261.mp3?_=1\" \/><a href=\"https:\/\/media.vaticannews.va\/media\/audio\/s1\/2024\/03\/06\/15\/137757261_F137757261.mp3\">https:\/\/media.vaticannews.va\/media\/audio\/s1\/2024\/03\/06\/15\/137757261_F137757261.mp3<\/a><\/audio>\n<\/div>\n<\/div>\n<\/div>\n<p style=\"text-align: justify;\">De acordo com a Prefeitura da Casa Pontif\u00edcia, na Quinta-feira Santa, 28 de mar\u00e7o, solenidade da Ceia do Senhor, o Papa Francisco far\u00e1 uma visita particular \u00e0 Penitenci\u00e1ria Feminina de Rebibbia, em Roma, e presidir\u00e1 a Santa Missa \u00e0s 16h, hor\u00e1rio italiano (12h no Brasil).<\/p>\n<p style=\"text-align: justify;\">Durante a visita, o Papa se reunir\u00e1 com as detentas e a equipe da institui\u00e7\u00e3o. A celebra\u00e7\u00e3o ser\u00e1 de natureza privada e n\u00e3o ser\u00e1 aberta ao p\u00fablico em geral.<\/p>\n<p style=\"text-align: justify;\">A Missa da Ceia do Senhor abre o Tr\u00edduo Pascal, que recorda a Paix\u00e3o, a Morte e a Ressurrei\u00e7\u00e3o de Cristo e culmina na celebra\u00e7\u00e3o do Domingo de P\u00e1scoa. Durante a missa &#8220;<i>in Coena Domini<\/i>&#8220;, o celebrante normalmente lava os p\u00e9s de algumas pessoas, imitando o gesto de Jesus que lavou os p\u00e9s de Seus disc\u00edpulos na noite anterior \u00e0 Sua morte, em sinal de servi\u00e7o e doa\u00e7\u00e3o ao pr\u00f3ximo.<\/p>\n<p style=\"text-align: justify;\">Esta ser\u00e1 a segunda vez que o Papa Francisco visita a pris\u00e3o de Rebibbia. Em 2015 o Santo Padre tamb\u00e9m presidiu na mesma penitenci\u00e1ria a celebra\u00e7\u00e3o da Quinta-feira Santa.<\/p>\n<\/div>\n<\/div>\n","protected":false},"excerpt":{"rendered":"<p>Em 2023, o Papa presidiu a Missa da Quinta-feira Santa na Casa de Deten\u00e7\u00e3o Juvenil &#8220;Casal del Marmo&#8221;\u00a0 (Vatican Media) A Prefeitura da Casa Pontif\u00edcia anunciou nesta quarta-feira (06), o local onde ser\u00e1 celebrada a missa papal da Ceia do Senhor, na Quinta-feira Santa, 28 de mar\u00e7o. Thulio Fonseca &#8211; Vatican News Ou\u00e7a e compartilhe [&hellip;]<\/p>\n","protected":false},"author":1,"featured_media":87394,"comment_status":"open","ping_status":"closed","sticky":false,"template":"","format":"standard","meta":{"footnotes":""},"categories":[3],"tags":[],"class_list":["post-87393","post","type-post","status-publish","format-standard","has-post-thumbnail","hentry","category-vaticano"],"_links":{"self":[{"href":"https:\/\/catolicanet.net\/wp-cnet\/wp-json\/wp\/v2\/posts\/87393","targetHints":{"allow":["GET"]}}],"collection":[{"href":"https:\/\/catolicanet.net\/wp-cnet\/wp-json\/wp\/v2\/posts"}],"about":[{"href":"https:\/\/catolicanet.net\/wp-cnet\/wp-json\/wp\/v2\/types\/post"}],"author":[{"embeddable":true,"href":"https:\/\/catolicanet.net\/wp-cnet\/wp-json\/wp\/v2\/users\/1"}],"replies":[{"embeddable":true,"href":"https:\/\/catolicanet.net\/wp-cnet\/wp-json\/wp\/v2\/comments?post=87393"}],"version-history":[{"count":1,"href":"https:\/\/catolicanet.net\/wp-cnet\/wp-json\/wp\/v2\/posts\/87393\/revisions"}],"predecessor-version":[{"id":87396,"href":"https:\/\/catolicanet.net\/wp-cnet\/wp-json\/wp\/v2\/posts\/87393\/revisions\/87396"}],"wp:featuredmedia":[{"embeddable":true,"href":"https:\/\/catolicanet.net\/wp-cnet\/wp-json\/wp\/v2\/media\/87394"}],"wp:attachment":[{"href":"https:\/\/catolicanet.net\/wp-cnet\/wp-json\/wp\/v2\/media?parent=87393"}],"wp:term":[{"taxonomy":"category","embeddable":true,"href":"https:\/\/catolicanet.net\/wp-cnet\/wp-json\/wp\/v2\/categories?post=87393"},{"taxonomy":"post_tag","embeddable":true,"href":"https:\/\/catolicanet.net\/wp-cnet\/wp-json\/wp\/v2\/tags?post=87393"}],"curies":[{"name":"wp","href":"https:\/\/api.w.org\/{rel}","templated":true}]}}