{"id":87372,"date":"2024-03-04T10:23:45","date_gmt":"2024-03-04T13:23:45","guid":{"rendered":"https:\/\/catolicanet.net\/wp-cnet\/?p=87372"},"modified":"2024-03-04T16:24:56","modified_gmt":"2024-03-04T19:24:56","slug":"duas-oracoes-a-sao-jose-para-o-momento-da-comunhao","status":"publish","type":"post","link":"https:\/\/catolicanet.net\/wp-cnet\/duas-oracoes-a-sao-jose-para-o-momento-da-comunhao\/","title":{"rendered":"Duas ora\u00e7\u00f5es a s\u00e3o Jos\u00e9 para o momento da comunh\u00e3o"},"content":{"rendered":"<p style=\"text-align: justify;\">No m\u00eas de S\u00e3o Jos\u00e9, cuja solenidade \u00e9 19 de mar\u00e7o, publicamos duas ora\u00e7\u00f5es para rezar antes e depois da comunh\u00e3o e assim acolher Cristo com alegria, tal como fez este grande santo quando abra\u00e7ou e cuidou do Menino Deus.<\/p>\n<p style=\"text-align: justify;\">Segundo um\u00a0<a href=\"https:\/\/opusdei.org\/pt-br\/article\/oracoes-a-sao-jose\/\" rel=\"noopener noreferrer nofollow\">v\u00eddeo publicado<\/a>\u00a0pela prelazia da Opus Dei, numa ocasi\u00e3o, um pai de fam\u00edlia pediu a s\u00e3o Josemaria Escriv\u00e1 que falasse a todos os presentes reunidos com ele sobre a devo\u00e7\u00e3o a s\u00e3o Jos\u00e9.<\/p>\n<p style=\"text-align: justify;\">O fundador da Opus Dei se comoveu e disse que este grande patriarca \u00e9 a \u201ccriatura humana mais excelente depois de Santa Maria\u201d e que \u201co Senhor o escolheu desde a eternidade para servir como seu pai\u201d.<\/p>\n<p style=\"text-align: justify;\">S\u00e3o Josemaria disse que s\u00e3o Jos\u00e9 era um homem forte, belo de corpo e alma, trabalhador e com grandes qualidades morais. Tamb\u00e9m disse que ensinou muitas coisas a Jesus e o protegeu quando era crian\u00e7a.<\/p>\n<p style=\"text-align: justify;\">Ele lembrou de algumas ora\u00e7\u00f5es que destacavam o amor paterno de s\u00e3o Jos\u00e9 pelo pequeno Jesus e como ele o abra\u00e7ava e beijava. Disse que a vida interior, que procuramos cultivar como cat\u00f3licos, implica amar s\u00e3o Jos\u00e9, pois \u201ca vida interior \u00e9 lidar com Maria e Jesus\u201d, algo em que tem grande experi\u00eancia.<\/p>\n<p style=\"text-align: justify;\">\u201cQuem se deu mais com Deus e com a M\u00e3e de Deus que Jos\u00e9, o santo patriarca? Ningu\u00e9m. Por isso o amamos tanto e recorremos a ele, e tamb\u00e9m porque a sua intercess\u00e3o \u00e9 muito poderosa\u201d, disse s\u00e3o Josemar\u00eda Escriv\u00e1.<\/p>\n<p style=\"text-align: justify;\">O\u00a0<a href=\"https:\/\/opusdei.org\/pt-br\/article\/oracoes-a-sao-jose\/\" rel=\"noopener noreferrer nofollow\">site da Opus Dei apresenta,<\/a>\u00a0juntamente com este v\u00eddeo do seu fundador, duas ora\u00e7\u00f5es a s\u00e3o Jos\u00e9: uma para antes de comungar e outra para depois da comunh\u00e3o.<\/p>\n<p style=\"text-align: justify;\"><strong>1. Ora\u00e7\u00e3o a s\u00e3o Jos\u00e9 antes da comunh\u00e3o<\/strong><\/p>\n<p style=\"text-align: justify;\">S\u00e3o Jos\u00e9, que tivestes a alegria de ver e ouvir o pr\u00f3prio Deus a Quem muitos reis quiseram ver e n\u00e3o viram, ouvir e n\u00e3o ouviram; e n\u00e3o s\u00f3 ver e ouvir, mas ainda mais: traz\u00ea-lo nos bra\u00e7os, beij\u00e1-lo, vesti-lo e guard\u00e1-lo! Rogai por n\u00f3s, Bem-aventurado S\u00e3o Jos\u00e9 \u2013 para que sejamos dignos das promessas de Cristo.<\/p>\n<p style=\"text-align: justify;\">Oremos: \u00d3 Deus, que nos concedestes o sacerd\u00f3cio real: pedimo-vos que assim como S\u00e3o Jos\u00e9 mereceu cuidar e trazer nos seus bra\u00e7os com carinho o vosso Filho unig\u00eanito, nascido da Virgem Maria, fa\u00e7ais com que n\u00f3s Vos sirvamos com cora\u00e7\u00e3o limpo e boas obras, de modo que hoje recebamos dignamente o sacrosssanto Corpo e Sangue do vosso Filho, e na vida futura mere\u00e7amos alcan\u00e7ar o pr\u00eamio eterno. Pelo mesmo Jesus Cristo, Senhor nosso. Am\u00e9m.<\/p>\n<p style=\"text-align: justify;\">V\/.Rogai por n\u00f3s, bem-aventurado S\u00e3o Jos\u00e9.<br \/>\nR\/.Para que sejamos dignos das promessas de Cristo.<\/p>\n<p style=\"text-align: justify;\">Oremos<br \/>\n\u00d3 Deus, que nos concedestes o sacerd\u00f3cio real, n\u00f3s Vos pedimos que, assim como S\u00e3o Jos\u00e9 mereceu cuidar e trazer em seus bra\u00e7os com carinho o vosso Filho unig\u00e9nito, nascido da Virgem Maria, fa\u00e7ais que n\u00f3s Vos sirvamos com cora\u00e7\u00e3o limpo e boas obras, de modo que hoje recebamos dignamente o sacrossanto Corpo e Sangue do vosso Filho, e na vida futura mere\u00e7amos alcan\u00e7ar o pr\u00e9mio eterno. Am\u00e9m.<\/p>\n<p style=\"text-align: justify;\"><strong>2. Ora\u00e7\u00e3o a s\u00e3o Jos\u00e9 depois da comunh\u00e3o eucar\u00edstica<\/strong><\/p>\n<p style=\"text-align: justify;\">\u00d3 glorioso S\u00e3o Jos\u00e9, Pai e protetor das virgens, guarda fiel a quem Deus confiou Jesus, a pr\u00f3pria inoc\u00eancia, e Maria, Virgem das virgens! Em nome de Jesus e de Maria, este duplo tesouro que vos foi t\u00e3o caro, vos suplico que me conserveis livre de toda a impureza, para que, com alma pura e corpo casto, sirva sempre, fielmente, a Jesus e a Maria. Am\u00e9m.<\/p>\n<p style=\"text-align: justify;\"><strong>2. Ora\u00e7\u00e3o a s\u00e3o Jos\u00e9 depois da comunh\u00e3o eucar\u00edstica<\/strong><\/p>\n<p style=\"text-align: justify;\">\u00d3 glorioso S\u00e3o Jos\u00e9, Pai e protetor das virgens, guarda fiel a quem Deus confiou Jesus, a pr\u00f3pria inoc\u00eancia, e Maria, Virgem das virgens! Em nome de Jesus e de Maria, este duplo tesouro que vos foi t\u00e3o caro, vos suplico que me conserveis livre de toda a impureza, para que, com alma pura e corpo casto, sirva sempre, fielmente, a Jesus e a Maria. Am\u00e9m.<\/p>\n","protected":false},"excerpt":{"rendered":"<p>No m\u00eas de S\u00e3o Jos\u00e9, cuja solenidade \u00e9 19 de mar\u00e7o, publicamos duas ora\u00e7\u00f5es para rezar antes e depois da comunh\u00e3o e assim acolher Cristo com alegria, tal como fez este grande santo quando abra\u00e7ou e cuidou do Menino Deus. Segundo um\u00a0v\u00eddeo publicado\u00a0pela prelazia da Opus Dei, numa ocasi\u00e3o, um pai de fam\u00edlia pediu a [&hellip;]<\/p>\n","protected":false},"author":1,"featured_media":87373,"comment_status":"open","ping_status":"closed","sticky":false,"template":"","format":"standard","meta":{"footnotes":""},"categories":[4],"tags":[],"class_list":["post-87372","post","type-post","status-publish","format-standard","has-post-thumbnail","hentry","category-cotidiano"],"_links":{"self":[{"href":"https:\/\/catolicanet.net\/wp-cnet\/wp-json\/wp\/v2\/posts\/87372","targetHints":{"allow":["GET"]}}],"collection":[{"href":"https:\/\/catolicanet.net\/wp-cnet\/wp-json\/wp\/v2\/posts"}],"about":[{"href":"https:\/\/catolicanet.net\/wp-cnet\/wp-json\/wp\/v2\/types\/post"}],"author":[{"embeddable":true,"href":"https:\/\/catolicanet.net\/wp-cnet\/wp-json\/wp\/v2\/users\/1"}],"replies":[{"embeddable":true,"href":"https:\/\/catolicanet.net\/wp-cnet\/wp-json\/wp\/v2\/comments?post=87372"}],"version-history":[{"count":1,"href":"https:\/\/catolicanet.net\/wp-cnet\/wp-json\/wp\/v2\/posts\/87372\/revisions"}],"predecessor-version":[{"id":87375,"href":"https:\/\/catolicanet.net\/wp-cnet\/wp-json\/wp\/v2\/posts\/87372\/revisions\/87375"}],"wp:featuredmedia":[{"embeddable":true,"href":"https:\/\/catolicanet.net\/wp-cnet\/wp-json\/wp\/v2\/media\/87373"}],"wp:attachment":[{"href":"https:\/\/catolicanet.net\/wp-cnet\/wp-json\/wp\/v2\/media?parent=87372"}],"wp:term":[{"taxonomy":"category","embeddable":true,"href":"https:\/\/catolicanet.net\/wp-cnet\/wp-json\/wp\/v2\/categories?post=87372"},{"taxonomy":"post_tag","embeddable":true,"href":"https:\/\/catolicanet.net\/wp-cnet\/wp-json\/wp\/v2\/tags?post=87372"}],"curies":[{"name":"wp","href":"https:\/\/api.w.org\/{rel}","templated":true}]}}