{"id":87368,"date":"2024-03-04T10:22:08","date_gmt":"2024-03-04T13:22:08","guid":{"rendered":"https:\/\/catolicanet.net\/wp-cnet\/?p=87368"},"modified":"2024-03-04T16:23:19","modified_gmt":"2024-03-04T19:23:19","slug":"multidao-sai-as-ruas-de-fortaleza-em-caminhada-penitencial","status":"publish","type":"post","link":"https:\/\/catolicanet.net\/wp-cnet\/multidao-sai-as-ruas-de-fortaleza-em-caminhada-penitencial\/","title":{"rendered":"Multid\u00e3o sai \u00e0s ruas de Fortaleza em Caminhada Penitencial"},"content":{"rendered":"<p style=\"text-align: justify;\">Ontem (3) aconteceu a 13\u00aa Caminhada Penitencial da arquidiocese de Fortaleza (CE). Uma multid\u00e3o de fi\u00e9is saiu da igreja Nossa Senhora da Sa\u00fade, no bairro de Mucuripe, em dire\u00e7\u00e3o \u00e0 catedral metropolitana, percorrendo cinco quil\u00f4metros. No trajeto os fi\u00e9is carregaram uma grande cruz de madeira.<\/p>\n<p style=\"text-align: justify;\">Embora uma grande quantidade de pessoas tenha participado da iniciativa, a arquidiocese informou que n\u00e3o faz uma contagem oficial do n\u00famero de participantes.<\/p>\n<p style=\"text-align: justify;\">A Caminhada Penitencial acontece desde 2009, sempre no terceiro domingo da Quaresma, seguindo o mesmo percurso na regi\u00e3o central de Fortaleza. O objetivo \u00e9 divulgar e refor\u00e7ar a import\u00e2ncia da penit\u00eancia para uma vida de santidade. A caminhada s\u00f3 n\u00e3o aconteceu entre 2020 e 2022 por causa \u00e0s restri\u00e7\u00f5es impostas devido \u00e0 pandemia de covid-19.<\/p>\n<p style=\"text-align: justify;\">Neste ano, o tema da caminhada foi \u201cPeregrinos da Esperan\u00e7a em Ora\u00e7\u00e3o\u201d, baseado no ano de ora\u00e7\u00e3o em prepara\u00e7\u00e3o ao Jubileu de 2025. O ano de ora\u00e7\u00e3o, estabelecido pelo papa Francisco, teve in\u00edcio em 21 de janeiro deste ano.<\/p>\n<p style=\"text-align: justify;\">A caminhada contou com atendimento de confiss\u00e3o para fi\u00e9is e pontos de coleta de doa\u00e7\u00f5es de alimentos n\u00e3o perec\u00edveis, propostas aos fi\u00e9is como forma de caridade.<\/p>\n<p style=\"text-align: justify;\">Ao chegar \u00e0 catedral, o arcebispo, dom Greg\u00f3rio Paix\u00e3o, celebrou a missa. Em sua homilia, destacou a necessidade do arrependimento dos pecados e da convers\u00e3o dos cora\u00e7\u00f5es, especialmente no per\u00edodo da Quaresma. \u201cSomente se abrindo \u00e0 obra de Deus \u00e9 que n\u00f3s vamos poder contribuir para transformar a sociedade onde n\u00f3s vivemos. Somente arrancando de n\u00f3s aquilo que nos prende pelo pecado, a gente vai conseguir, pela gra\u00e7a, colaborar para que o mundo creia\u201d, disse.<\/p>\n","protected":false},"excerpt":{"rendered":"<p>Ontem (3) aconteceu a 13\u00aa Caminhada Penitencial da arquidiocese de Fortaleza (CE). Uma multid\u00e3o de fi\u00e9is saiu da igreja Nossa Senhora da Sa\u00fade, no bairro de Mucuripe, em dire\u00e7\u00e3o \u00e0 catedral metropolitana, percorrendo cinco quil\u00f4metros. No trajeto os fi\u00e9is carregaram uma grande cruz de madeira. Embora uma grande quantidade de pessoas tenha participado da iniciativa, [&hellip;]<\/p>\n","protected":false},"author":1,"featured_media":87369,"comment_status":"open","ping_status":"closed","sticky":false,"template":"","format":"standard","meta":{"footnotes":""},"categories":[4,13],"tags":[],"class_list":["post-87368","post","type-post","status-publish","format-standard","has-post-thumbnail","hentry","category-cotidiano","category-featured"],"_links":{"self":[{"href":"https:\/\/catolicanet.net\/wp-cnet\/wp-json\/wp\/v2\/posts\/87368","targetHints":{"allow":["GET"]}}],"collection":[{"href":"https:\/\/catolicanet.net\/wp-cnet\/wp-json\/wp\/v2\/posts"}],"about":[{"href":"https:\/\/catolicanet.net\/wp-cnet\/wp-json\/wp\/v2\/types\/post"}],"author":[{"embeddable":true,"href":"https:\/\/catolicanet.net\/wp-cnet\/wp-json\/wp\/v2\/users\/1"}],"replies":[{"embeddable":true,"href":"https:\/\/catolicanet.net\/wp-cnet\/wp-json\/wp\/v2\/comments?post=87368"}],"version-history":[{"count":1,"href":"https:\/\/catolicanet.net\/wp-cnet\/wp-json\/wp\/v2\/posts\/87368\/revisions"}],"predecessor-version":[{"id":87371,"href":"https:\/\/catolicanet.net\/wp-cnet\/wp-json\/wp\/v2\/posts\/87368\/revisions\/87371"}],"wp:featuredmedia":[{"embeddable":true,"href":"https:\/\/catolicanet.net\/wp-cnet\/wp-json\/wp\/v2\/media\/87369"}],"wp:attachment":[{"href":"https:\/\/catolicanet.net\/wp-cnet\/wp-json\/wp\/v2\/media?parent=87368"}],"wp:term":[{"taxonomy":"category","embeddable":true,"href":"https:\/\/catolicanet.net\/wp-cnet\/wp-json\/wp\/v2\/categories?post=87368"},{"taxonomy":"post_tag","embeddable":true,"href":"https:\/\/catolicanet.net\/wp-cnet\/wp-json\/wp\/v2\/tags?post=87368"}],"curies":[{"name":"wp","href":"https:\/\/api.w.org\/{rel}","templated":true}]}}