{"id":87356,"date":"2024-03-04T10:16:18","date_gmt":"2024-03-04T13:16:18","guid":{"rendered":"https:\/\/catolicanet.net\/wp-cnet\/?p=87356"},"modified":"2024-03-04T16:17:24","modified_gmt":"2024-03-04T19:17:24","slug":"comissao-episcopal-para-a-vida-e-a-familia-se-reune-com-coordenacao-nacional-da-pastoral-familiar-e-movimentos","status":"publish","type":"post","link":"https:\/\/catolicanet.net\/wp-cnet\/comissao-episcopal-para-a-vida-e-a-familia-se-reune-com-coordenacao-nacional-da-pastoral-familiar-e-movimentos\/","title":{"rendered":"COMISS\u00c3O EPISCOPAL PARA A VIDA E A FAM\u00cdLIA SE RE\u00daNE COM COORDENA\u00c7\u00c3O NACIONAL DA PASTORAL FAMILIAR E MOVIMENTOS"},"content":{"rendered":"<p style=\"text-align: justify;\">A sede da Confer\u00eancia Nacional dos Bispos do Brasil (CNBB) recebeu, na sexta-feira, 23, bispos e assessor da Comiss\u00e3o Episcopal para a Vida e a Fam\u00edlia da Confer\u00eancia e os casais coordenador e vice da Comiss\u00e3o Nacional da Pastoral Familiar. O encontro foi o primeiro presencial do ano e foi oportunidade para alinhar as principais atividades evangelizadoras voltadas para as fam\u00edlias. No s\u00e1bado, o encontro foi com movimentos eclesiais que atuam com as fam\u00edlias.<\/p>\n<p style=\"text-align: justify;\"><img loading=\"lazy\" decoding=\"async\" class=\"aligncenter size-full wp-image-958836\" src=\"https:\/\/www.cnbb.org.br\/wp-content\/uploads\/2024\/02\/Comissao-Vida-e-Familia-23fev-2-scaled.jpg\" sizes=\"auto, (max-width: 2560px) 100vw, 2560px\" srcset=\"https:\/\/www.cnbb.org.br\/wp-content\/uploads\/2024\/02\/Comissao-Vida-e-Familia-23fev-2-scaled.jpg 2560w, https:\/\/www.cnbb.org.br\/wp-content\/uploads\/2024\/02\/Comissao-Vida-e-Familia-23fev-2-300x166.jpg 300w, https:\/\/www.cnbb.org.br\/wp-content\/uploads\/2024\/02\/Comissao-Vida-e-Familia-23fev-2-1024x565.jpg 1024w, https:\/\/www.cnbb.org.br\/wp-content\/uploads\/2024\/02\/Comissao-Vida-e-Familia-23fev-2-768x424.jpg 768w, https:\/\/www.cnbb.org.br\/wp-content\/uploads\/2024\/02\/Comissao-Vida-e-Familia-23fev-2-1536x848.jpg 1536w, https:\/\/www.cnbb.org.br\/wp-content\/uploads\/2024\/02\/Comissao-Vida-e-Familia-23fev-2-2048x1131.jpg 2048w, https:\/\/www.cnbb.org.br\/wp-content\/uploads\/2024\/02\/Comissao-Vida-e-Familia-23fev-2-500x276.jpg 500w\" alt=\"\" width=\"2560\" height=\"1413\" \/><\/p>\n<p style=\"text-align: justify;\">Um dos temas abordados na reuni\u00e3o da sexta-feira foi a organiza\u00e7\u00e3o do 14\u00ba Simp\u00f3sio Nacional das Fam\u00edlias, que ocorrer\u00e1 em maio deste ano, em Aparecida (SP). Os bispos, o assessor e os casais tamb\u00e9m trataram do Congresso Nacional da Pastoral Familiar, que ser\u00e1 em Jo\u00e3o Pessoa, em 2025; e o Ano da Ora\u00e7\u00e3o, motivado pelo Papa Francisco em prepara\u00e7\u00e3o para o Jubileu.<\/p>\n<blockquote><p>\u201cAl\u00e9m de ajustar os detalhes para o Simp\u00f3sio Nacional das Fam\u00edlias, j\u00e1 estamos articulando de forma que essas iniciativas venham contribuir para responder o caminho com toda a Igreja. A partir dos temas propostos, ent\u00e3o, vamos dar in\u00edcio \u00e0 elabora\u00e7\u00e3o dos materiais da Pastoral Familiar, como o Hora da Palavra, Hora da Fam\u00edlia e Hora da Vida. O nosso desejo \u00e9 fazer com que o nosso caminho seja em conjunto com as Diretrizes da A\u00e7\u00e3o Evangelizadoras da Igreja do Brasil\u201d, destacou o bispo de Campo Mour\u00e3o (PR) e presidente da Comiss\u00e3o Vida e Fam\u00edlia, dom Bruno Elizeu Versari.<\/p><\/blockquote>\n<h3 style=\"text-align: justify;\">Encontro com movimentos eclesiais<\/h3>\n<p style=\"text-align: justify;\">No s\u00e1bado, os participantes da reuni\u00e3o na CNBB receberam, na sede da Secretaria Executiva Nacional da Pastoral Familiar (Secren), representantes de oito movimentos eclesiais que atuam com as fam\u00edlias. Esta foi a quinta edi\u00e7\u00e3o do encontro, que tem promovido a comunh\u00e3o em rela\u00e7\u00e3o \u00e0s iniciativas realizadas.<\/p>\n<p style=\"text-align: justify;\">\u201c\u00c9 um momento de estudo, de aprendizado. A troca de experi\u00eancias \u00e9 fundamental, pois cada um tem os seus dons, carismas, que colocam a servi\u00e7o da fam\u00edlia dentro da Igreja. S\u00e3o atividades que v\u00e3o contribuir com a Pastoral l\u00e1 na par\u00f3quia. A Pastoral Familiar tem essa miss\u00e3o de ouvir, aprender e articular para que as fam\u00edlias evangelizadas possam evangelizar\u201d, explicou dom Bruno Versari.<\/p>\n<p style=\"text-align: justify;\">O bispo de Barreiras (BA) e conselheiro da Comiss\u00e3o Vida e Fam\u00edlia, Dom Moacir Silva Arantes, ressaltou a import\u00e2ncia da promo\u00e7\u00e3o deste tipo de encontro. \u201c\u00c9 muito gratificante ver que o Esp\u00edrito Santo apresenta diversos carismas. A Pastoral Familiar nasceu a partir dos diversos movimentos e os carismas s\u00e3o fundamentais para que a evangeliza\u00e7\u00e3o das fam\u00edlias aconte\u00e7a. \u00c9 um grande testemunho da humildade e da comunh\u00e3o estarmos aqui reunidos\u201d, comentou.<\/p>\n<p style=\"text-align: justify;\">\n<h4 style=\"text-align: justify;\">Pacto pelas fam\u00edlias<\/h4>\n<p style=\"text-align: justify;\">Um dos temas abordados durante o encontro com movimentos eclesiais foi a implementa\u00e7\u00e3o do Pacto Global pelas Fam\u00edlias, proposto pelo Papa Francisco em 2023. A iniciativa p\u00f5e em di\u00e1logo a pastoral familiar com os centros de estudo e pesquisa sobre a fam\u00edlia presentes nas universidades cat\u00f3licas de todo o mundo.<\/p>\n<p style=\"text-align: justify;\">O padre F\u00e1bio Antunes do Nascimento, diretor do Centro B\u00edblico Teol\u00f3gico Pastoral para Am\u00e9rica Latina e o Caribe (Cebitepal), \u00f3rg\u00e3o ligado ao Conselho Episcopal Latino-americano (CELAM), contribuiu para a discuss\u00e3o com apontamentos de como o pacto poderia ser implementado.<\/p>\n<blockquote><p>\u201cIncentivo \u00e0s fam\u00edlias do Brasil a n\u00e3o esperarem pelas universidades. Pe\u00e7am reuni\u00e3o com as reitorias das universidades cat\u00f3licas, diretores, coordenadores de cursos. Vamos procurar uma brecha para somarmos. As universidades cat\u00f3licas est\u00e3o \u00e0 servi\u00e7o da miss\u00e3o da Igreja\u201d, apontou padre F\u00e1bio.<\/p><\/blockquote>\n<p style=\"text-align: justify;\"><a href=\"https:\/\/vidaefamilia.org.br\/familia\/\" target=\"_blank\" rel=\"noopener\">Saiba mais no Portal Vida e Fam\u00edlia<\/a><\/p>\n","protected":false},"excerpt":{"rendered":"<p>A sede da Confer\u00eancia Nacional dos Bispos do Brasil (CNBB) recebeu, na sexta-feira, 23, bispos e assessor da Comiss\u00e3o Episcopal para a Vida e a Fam\u00edlia da Confer\u00eancia e os casais coordenador e vice da Comiss\u00e3o Nacional da Pastoral Familiar. O encontro foi o primeiro presencial do ano e foi oportunidade para alinhar as principais [&hellip;]<\/p>\n","protected":false},"author":1,"featured_media":87357,"comment_status":"open","ping_status":"closed","sticky":false,"template":"","format":"standard","meta":{"footnotes":""},"categories":[7],"tags":[],"class_list":["post-87356","post","type-post","status-publish","format-standard","has-post-thumbnail","hentry","category-cnbb"],"_links":{"self":[{"href":"https:\/\/catolicanet.net\/wp-cnet\/wp-json\/wp\/v2\/posts\/87356","targetHints":{"allow":["GET"]}}],"collection":[{"href":"https:\/\/catolicanet.net\/wp-cnet\/wp-json\/wp\/v2\/posts"}],"about":[{"href":"https:\/\/catolicanet.net\/wp-cnet\/wp-json\/wp\/v2\/types\/post"}],"author":[{"embeddable":true,"href":"https:\/\/catolicanet.net\/wp-cnet\/wp-json\/wp\/v2\/users\/1"}],"replies":[{"embeddable":true,"href":"https:\/\/catolicanet.net\/wp-cnet\/wp-json\/wp\/v2\/comments?post=87356"}],"version-history":[{"count":1,"href":"https:\/\/catolicanet.net\/wp-cnet\/wp-json\/wp\/v2\/posts\/87356\/revisions"}],"predecessor-version":[{"id":87359,"href":"https:\/\/catolicanet.net\/wp-cnet\/wp-json\/wp\/v2\/posts\/87356\/revisions\/87359"}],"wp:featuredmedia":[{"embeddable":true,"href":"https:\/\/catolicanet.net\/wp-cnet\/wp-json\/wp\/v2\/media\/87357"}],"wp:attachment":[{"href":"https:\/\/catolicanet.net\/wp-cnet\/wp-json\/wp\/v2\/media?parent=87356"}],"wp:term":[{"taxonomy":"category","embeddable":true,"href":"https:\/\/catolicanet.net\/wp-cnet\/wp-json\/wp\/v2\/categories?post=87356"},{"taxonomy":"post_tag","embeddable":true,"href":"https:\/\/catolicanet.net\/wp-cnet\/wp-json\/wp\/v2\/tags?post=87356"}],"curies":[{"name":"wp","href":"https:\/\/api.w.org\/{rel}","templated":true}]}}