{"id":87259,"date":"2024-02-26T09:45:20","date_gmt":"2024-02-26T12:45:20","guid":{"rendered":"https:\/\/catolicanet.net\/wp-cnet\/?p=87259"},"modified":"2024-02-26T16:47:37","modified_gmt":"2024-02-26T19:47:37","slug":"apelo-do-papa-renovo-o-meu-mais-profundo-afeto-ao-martirizado-povo-ucraniano","status":"publish","type":"post","link":"https:\/\/catolicanet.net\/wp-cnet\/apelo-do-papa-renovo-o-meu-mais-profundo-afeto-ao-martirizado-povo-ucraniano\/","title":{"rendered":"Apelo do Papa: renovo o meu mais profundo afeto ao martirizado povo ucraniano"},"content":{"rendered":"<figure class=\"article__image\"><span class=\"didascalia_img\">A tristeza de uma mulher ao visitar o t\u00famulo de seu parente, um defensor ucraniano morto na guerra\u00a0<\/span><\/figure>\n<div class=\"article__meta audioInside\" data-mediatype=\"\">\n<div class=\"article__subTitle\" style=\"text-align: justify;\">No segundo anivers\u00e1rio da agress\u00e3o russa contra o pa\u00eds &#8220;martirizado&#8221;, Francisco, no Angelus, expressa tristeza e proximidade pela popula\u00e7\u00e3o que sofre &#8220;um conflito que est\u00e1 se tornando terrivelmente longo e que n\u00e3o se vislumbra ainda um fim&#8221;. &#8220;\u00c9 uma guerra que n\u00e3o est\u00e1 devastando apenas aquela regi\u00e3o da Europa, mas desencadeia uma onda global de medo e \u00f3dio&#8221;, disse o Pont\u00edfice, pedindo \u00e0s pessoas que n\u00e3o se esque\u00e7am da viol\u00eancia na Terra Santa e em outros pa\u00edses: &#8220;Pensemos nas crian\u00e7as feridas&#8221;.<\/div>\n<div class=\"title__separator\" style=\"text-align: justify;\"><\/div>\n<div class=\"article__text\">\n<p style=\"text-align: justify;\"><b>Vatican News<\/b><\/p>\n<div style=\"text-align: justify;\">\n<div class=\"article__embed article__embed--unwrap article__embed--dark\">\n<div class=\"article__innerTitle\">Ou\u00e7a com a voz do Papa e compartilhe<\/div>\n<div>\n<!--[if lt IE 9]><script>document.createElement('audio');<\/script><![endif]-->\n<audio class=\"wp-audio-shortcode\" id=\"audio-87259-1\" preload=\"none\" style=\"width: 100%;\" controls=\"controls\"><source type=\"audio\/mpeg\" src=\"https:\/\/media.vaticannews.va\/media\/audio\/s1\/2024\/02\/25\/15\/137730634_F137730634.mp3?_=1\" \/><a href=\"https:\/\/media.vaticannews.va\/media\/audio\/s1\/2024\/02\/25\/15\/137730634_F137730634.mp3\">https:\/\/media.vaticannews.va\/media\/audio\/s1\/2024\/02\/25\/15\/137730634_F137730634.mp3<\/a><\/audio>\n<\/div>\n<\/div>\n<\/div>\n<p style=\"text-align: justify;\">Dois anos, vinte e quatro meses, 730 dias de ataques, bombardeios, m\u00edsseis, drones, pr\u00e9dios, casas e igrejas destru\u00eddos, cidades arrasadas, vidas destro\u00e7adas, fam\u00edlias destru\u00eddas, sofrimento. A dor coletiva pela guerra na Ucr\u00e2nia, que parece n\u00e3o ter fim e que chegou ao seu segundo anivers\u00e1rio, \u00e9 acompanhada pelo Papa que, no final do Angelus, expressa sua proximidade com essa terra imediatamente descrita como &#8220;martirizada&#8221;, pedindo que &#8220;aquele pouco de humanidade&#8221; seja redescoberto como um impulso em dire\u00e7\u00e3o a uma solu\u00e7\u00e3o diplom\u00e1tica para uma &#8220;paz justa e duradoura&#8221;:<\/p>\n<h2 style=\"text-align: justify;\">Solu\u00e7\u00e3o diplom\u00e1tica a favor da paz<\/h2>\n<p style=\"text-align: justify;\">Francisco, em seu apelo, da janela do Pal\u00e1cio Apost\u00f3lico, pede o fim desse conflito brutal que, &#8220;n\u00e3o est\u00e1 devastando apenas essa regi\u00e3o da Europa, mas est\u00e1 desencadeando uma onda global de medo e \u00f3dio&#8221;:<\/p>\n<p style=\"text-align: justify;\"><i>&#8220;Tantas v\u00edtimas, feridos, destrui\u00e7\u00f5es, ang\u00fastias, l\u00e1grimas em um per\u00edodo que est\u00e1 se tornando terrivelmente longo e que n\u00e3o se vislumbra ainda um fim!&#8221;<\/i><\/p>\n<h2 style=\"text-align: justify;\">Mart\u00edrio de um povo<\/h2>\n<p style=\"text-align: justify;\">O Pont\u00edfice usa superlativos para enfatizar seu &#8220;mais profundo afeto&#8221; ao &#8220;martirizado povo ucraniano&#8221; e garante ora\u00e7\u00f5es &#8220;pelas numerosas v\u00edtimas inocentes&#8221;. Em seguida, um pedido a Deus e \u00e0queles que ocupam pap\u00e9is de responsabilidade nesta terra:<\/p>\n<p style=\"text-align: justify;\"><i>\u201cSuplico que se recupere aquele pouco de humanidade que permitir\u00e1 criar as condi\u00e7\u00f5es para uma solu\u00e7\u00e3o diplom\u00e1tica em busca de uma paz justa e duradoura.\u201d<br \/>\n<\/i><\/p>\n<h2 style=\"text-align: justify;\">N\u00e3o se esque\u00e7am dos conflitos na Terra Santa e em todo o mundo<\/h2>\n<p style=\"text-align: justify;\">As palavras do pont\u00edfice foram proferidas depois que m\u00edsseis S-300 atingiram a cidade de Kostiantynivka nas \u00faltimas horas, destruindo edif\u00edcios, apartamentos, escolas, lojas, a igreja e a esta\u00e7\u00e3o ferrovi\u00e1ria. Mais cedo ainda, a defesa a\u00e9rea de Kyiv anunciou via Telegram o abatimento de dezesseis drones lan\u00e7ados sobre a capital e outras cidades, como Mykolaiv, Poltava, Zaporizhzhia e a regi\u00e3o de Kherson. Al\u00e9m disso, o ex\u00e9rcito ucraniano afirmou ter matado 810 soldados russos em vinte e quatro horas. Um rastro de derramamento de sangue e devasta\u00e7\u00e3o que o Papa espera que termine logo. N\u00e3o apenas na Ucr\u00e2nia, mas em todas as \u00e1reas do mundo feridas pela guerra\u00ec:<\/p>\n<p style=\"text-align: justify;\"><i>\u201cN\u00e3o nos esque\u00e7amos de rezar pela Palestina, por Israel e por tantos povos devastados pela guerra, e de ajudar concretamente aqueles que sofrem. Pensemos em tanto sofrimento, pensemos nas crian\u00e7as feridas e inocentes\u201d.<\/i><\/p>\n<\/div>\n<\/div>\n","protected":false},"excerpt":{"rendered":"<p>A tristeza de uma mulher ao visitar o t\u00famulo de seu parente, um defensor ucraniano morto na guerra\u00a0 No segundo anivers\u00e1rio da agress\u00e3o russa contra o pa\u00eds &#8220;martirizado&#8221;, Francisco, no Angelus, expressa tristeza e proximidade pela popula\u00e7\u00e3o que sofre &#8220;um conflito que est\u00e1 se tornando terrivelmente longo e que n\u00e3o se vislumbra ainda um fim&#8221;. [&hellip;]<\/p>\n","protected":false},"author":1,"featured_media":87260,"comment_status":"open","ping_status":"closed","sticky":false,"template":"","format":"standard","meta":{"footnotes":""},"categories":[3],"tags":[],"class_list":["post-87259","post","type-post","status-publish","format-standard","has-post-thumbnail","hentry","category-vaticano"],"_links":{"self":[{"href":"https:\/\/catolicanet.net\/wp-cnet\/wp-json\/wp\/v2\/posts\/87259","targetHints":{"allow":["GET"]}}],"collection":[{"href":"https:\/\/catolicanet.net\/wp-cnet\/wp-json\/wp\/v2\/posts"}],"about":[{"href":"https:\/\/catolicanet.net\/wp-cnet\/wp-json\/wp\/v2\/types\/post"}],"author":[{"embeddable":true,"href":"https:\/\/catolicanet.net\/wp-cnet\/wp-json\/wp\/v2\/users\/1"}],"replies":[{"embeddable":true,"href":"https:\/\/catolicanet.net\/wp-cnet\/wp-json\/wp\/v2\/comments?post=87259"}],"version-history":[{"count":1,"href":"https:\/\/catolicanet.net\/wp-cnet\/wp-json\/wp\/v2\/posts\/87259\/revisions"}],"predecessor-version":[{"id":87262,"href":"https:\/\/catolicanet.net\/wp-cnet\/wp-json\/wp\/v2\/posts\/87259\/revisions\/87262"}],"wp:featuredmedia":[{"embeddable":true,"href":"https:\/\/catolicanet.net\/wp-cnet\/wp-json\/wp\/v2\/media\/87260"}],"wp:attachment":[{"href":"https:\/\/catolicanet.net\/wp-cnet\/wp-json\/wp\/v2\/media?parent=87259"}],"wp:term":[{"taxonomy":"category","embeddable":true,"href":"https:\/\/catolicanet.net\/wp-cnet\/wp-json\/wp\/v2\/categories?post=87259"},{"taxonomy":"post_tag","embeddable":true,"href":"https:\/\/catolicanet.net\/wp-cnet\/wp-json\/wp\/v2\/tags?post=87259"}],"curies":[{"name":"wp","href":"https:\/\/api.w.org\/{rel}","templated":true}]}}