{"id":87217,"date":"2024-02-22T09:38:06","date_gmt":"2024-02-22T12:38:06","guid":{"rendered":"https:\/\/catolicanet.net\/wp-cnet\/?p=87217"},"modified":"2024-02-22T15:39:01","modified_gmt":"2024-02-22T18:39:01","slug":"infancia-e-adolescencia-missionaria-lanca-cartaz-oficial-de-sua-jornada-nacional-que-se-realizara-dia-26-de-maio","status":"publish","type":"post","link":"https:\/\/catolicanet.net\/wp-cnet\/infancia-e-adolescencia-missionaria-lanca-cartaz-oficial-de-sua-jornada-nacional-que-se-realizara-dia-26-de-maio\/","title":{"rendered":"INF\u00c2NCIA E ADOLESC\u00caNCIA MISSION\u00c1RIA LAN\u00c7A CARTAZ OFICIAL DE SUA JORNADA NACIONAL QUE SE REALIZAR\u00c1 DIA 26 DE MAIO"},"content":{"rendered":"<p style=\"text-align: justify;\">A Inf\u00e2ncia e Adolesc\u00eancia Mission\u00e1ria (IAM) se prepara para viver com todos os grupos espalhados pelo pa\u00eds a 12\u00aa Jornada Nacional da IAM. A atividade acontece no dia 26 de maio e convida as crian\u00e7as e adolescentes de todas as dioceses do Brasil a refletir o tema \u201cIAM: com a for\u00e7a do Esp\u00edrito, testemunhas de Cristo\u201d e o lema \u201cIde, convidai a todos para o banquete\u201d (Mc 22, 9). O tema est\u00e1 em comunh\u00e3o com o 6\u00ba Congresso Mission\u00e1rio Americano (CAM6), que acontece em Porto Rico, em novembro deste ano. O lema foi escolhido pelo Papa Francisco para ser a inspira\u00e7\u00e3o do Dia Mundial das Miss\u00f5es em 2024.<\/p>\n<p style=\"text-align: justify;\">Durante a Jornada Nacional, os grupos da IAM vivenciam os encontros de reflex\u00e3o do tema e se preparam para viver na comunidade a celebra\u00e7\u00e3o de consagra\u00e7\u00e3o \u00e0 Obra. Na Inf\u00e2ncia e Adolesc\u00eancia Mission\u00e1ria, a consagra\u00e7\u00e3o simboliza de forma p\u00fablica e solene a decis\u00e3o das crian\u00e7as e adolescentes de serem mission\u00e1rias. Durante a celebra\u00e7\u00e3o na comunidade, as crian\u00e7as recebem o len\u00e7o, s\u00edmbolo da IAM que identifica cada integrante, e ofertam o Cofrinho Mission\u00e1rio, gesto que marca a solidariedade com as crian\u00e7as mais carentes do mundo.<\/p>\n<p style=\"text-align: justify;\">A jornada pode acontecer em diferentes \u00e2mbitos: comunit\u00e1rio, paroquial e diocesano. \u00c9 momento de celebrar a caminhada e oportunizar que as crian\u00e7as e adolescentes sejam protagonistas das mais diferentes a\u00e7\u00f5es. Muitos grupos organizam atividades que envolvem a comunidade como gincanas, passeatas, festivais culturais, shows com teatro e m\u00fasica. As experi\u00eancias mission\u00e1rias tamb\u00e9m acontecem, envolvendo a comunidade em a\u00e7\u00f5es como visita a asilos, centros de sa\u00fade, creches e bairros da cidade.<\/p>\n<h3 style=\"text-align: justify;\">Cartaz<\/h3>\n<p style=\"text-align: justify;\"><img loading=\"lazy\" decoding=\"async\" class=\"size-full wp-image-958733 alignright\" src=\"https:\/\/www.cnbb.org.br\/wp-content\/uploads\/2024\/02\/Infancia-Missionaria-Jornada-2024.jpg\" alt=\"\" width=\"216\" height=\"300\" \/>Com inspira\u00e7\u00e3o no tema e no lema da 12\u00aa Jornada Nacional da IAM, a imagem do cartaz representa uma cena onde os mascotes da IAM convidam outros personagens ao banquete. Esses novos amigos trazem uma representatividade ainda maior entre as crian\u00e7as e adolescentes da IAM, abra\u00e7ando diversas realidades.<\/p>\n<p style=\"text-align: justify;\">A personagem Irenia e seu amigo est\u00e3o trazendo mais cadeiras para a cena, refor\u00e7ando a ideia de que o convite \u00e9 para todos e que nesta mesa todos s\u00e3o chamados, enquanto o personagem Avar\u00e9 chama voc\u00ea, espectador, a participar tamb\u00e9m do banquete. Completamos a arte com o cen\u00e1rio ao fundo onde temos uma igreja com sua luz e movimentos representando a for\u00e7a do Esp\u00edrito que motiva nossos personagens a serem testemunhas de Cristo nesse gesto de sa\u00edda e convite.<\/p>\n<h3 style=\"text-align: justify;\">Cofrinho Mission\u00e1rio colabora com projetos na Am\u00e9rica<\/h3>\n<p style=\"text-align: justify;\">No cartaz deste ano, o personagem Avar\u00e9 nos convida para fazer parte desta Jornada, pois a ajuda do Cofrinho Mission\u00e1rio em 2024 vai para projetos na Am\u00e9rica. As contribui\u00e7\u00f5es enviadas pelos grupos da IAM para as POM, s\u00e3o destinadas ao Fundo Universal de Solidariedade, em Roma. O valor arrecadado pelo Cofrinho Mission\u00e1rio \u00e9 destinado integralmente para apoiar projetos que \u201cprotegem a vida\u201d, tais como centros para crian\u00e7as \u00f3rf\u00e3s, casas de acolhida para crian\u00e7as de rua ou assist\u00eancia de sa\u00fade aos rec\u00e9m-nascidos e escolas infantis. Tamb\u00e9m h\u00e1 projetos na \u00e1rea da forma\u00e7\u00e3o.<\/p>\n<p style=\"text-align: justify;\">Segundo dados enviados por grupos da IAM de 157 dioceses, foi arrecadado em 2023 um total de R$ 111.642,25, um aumento de 47% em rela\u00e7\u00e3o ao ano anterior. Em 2022, o total de doa\u00e7\u00f5es foi de R$ 75.615,12, e em 2021 os valores chegaram ao valor de R$ 56.054,88. Esses valores s\u00e3o fruto do sacrif\u00edcio de centenas de crian\u00e7as e adolescentes que fazem a sua doa\u00e7\u00e3o em favor de outras crian\u00e7as e adolescentes no mundo.<\/p>\n<h3 style=\"text-align: justify;\">Materiais da Jornada Nacional da IAM<\/h3>\n<p style=\"text-align: justify;\">Para colaborar com a organiza\u00e7\u00e3o das atividades, a secretaria nacional da IAM vai disponibilizar em breve diversos materiais que colaboram na anima\u00e7\u00e3o da Jornada Nacional da IAM.<\/p>\n","protected":false},"excerpt":{"rendered":"<p>A Inf\u00e2ncia e Adolesc\u00eancia Mission\u00e1ria (IAM) se prepara para viver com todos os grupos espalhados pelo pa\u00eds a 12\u00aa Jornada Nacional da IAM. A atividade acontece no dia 26 de maio e convida as crian\u00e7as e adolescentes de todas as dioceses do Brasil a refletir o tema \u201cIAM: com a for\u00e7a do Esp\u00edrito, testemunhas de [&hellip;]<\/p>\n","protected":false},"author":1,"featured_media":87218,"comment_status":"open","ping_status":"closed","sticky":false,"template":"","format":"standard","meta":{"footnotes":""},"categories":[7],"tags":[],"class_list":["post-87217","post","type-post","status-publish","format-standard","has-post-thumbnail","hentry","category-cnbb"],"_links":{"self":[{"href":"https:\/\/catolicanet.net\/wp-cnet\/wp-json\/wp\/v2\/posts\/87217","targetHints":{"allow":["GET"]}}],"collection":[{"href":"https:\/\/catolicanet.net\/wp-cnet\/wp-json\/wp\/v2\/posts"}],"about":[{"href":"https:\/\/catolicanet.net\/wp-cnet\/wp-json\/wp\/v2\/types\/post"}],"author":[{"embeddable":true,"href":"https:\/\/catolicanet.net\/wp-cnet\/wp-json\/wp\/v2\/users\/1"}],"replies":[{"embeddable":true,"href":"https:\/\/catolicanet.net\/wp-cnet\/wp-json\/wp\/v2\/comments?post=87217"}],"version-history":[{"count":1,"href":"https:\/\/catolicanet.net\/wp-cnet\/wp-json\/wp\/v2\/posts\/87217\/revisions"}],"predecessor-version":[{"id":87220,"href":"https:\/\/catolicanet.net\/wp-cnet\/wp-json\/wp\/v2\/posts\/87217\/revisions\/87220"}],"wp:featuredmedia":[{"embeddable":true,"href":"https:\/\/catolicanet.net\/wp-cnet\/wp-json\/wp\/v2\/media\/87218"}],"wp:attachment":[{"href":"https:\/\/catolicanet.net\/wp-cnet\/wp-json\/wp\/v2\/media?parent=87217"}],"wp:term":[{"taxonomy":"category","embeddable":true,"href":"https:\/\/catolicanet.net\/wp-cnet\/wp-json\/wp\/v2\/categories?post=87217"},{"taxonomy":"post_tag","embeddable":true,"href":"https:\/\/catolicanet.net\/wp-cnet\/wp-json\/wp\/v2\/tags?post=87217"}],"curies":[{"name":"wp","href":"https:\/\/api.w.org\/{rel}","templated":true}]}}