{"id":87205,"date":"2024-02-22T09:32:31","date_gmt":"2024-02-22T12:32:31","guid":{"rendered":"https:\/\/catolicanet.net\/wp-cnet\/?p=87205"},"modified":"2024-02-22T15:33:51","modified_gmt":"2024-02-22T18:33:51","slug":"site-traz-experiencia-de-peregrinacao-as-4-basilicas-papais","status":"publish","type":"post","link":"https:\/\/catolicanet.net\/wp-cnet\/site-traz-experiencia-de-peregrinacao-as-4-basilicas-papais\/","title":{"rendered":"Site traz experi\u00eancia de peregrina\u00e7\u00e3o \u00e0s 4 bas\u00edlicas papais"},"content":{"rendered":"<figure class=\"article__image\" style=\"text-align: justify;\"><span class=\"didascalia_img\">O novo site tem por objetivo acompanhar os fi\u00e9is por um roteiro que os leve a ser tamb\u00e9m peregrinos, al\u00e9m de turistas.\u00a0<\/span><\/figure>\n<div class=\"article__meta \" data-mediatype=\"\">\n<div class=\"article__subTitle\" style=\"text-align: justify;\">O minisite, dispon\u00edvel em v\u00e1rios idiomas, constitui uma resposta ao desafio de traduzir esta experi\u00eancia em uma proposta digital para que o p\u00fablico jovem possa descobrir as bas\u00edlicas. E assim como os \u201ccomunicadores-peregrinos\u201d deixaram o seu testemunho pessoal, quem visitar o mini-site tamb\u00e9m poder\u00e1 partilhar a sua experi\u00eancia &#8211; usando as pr\u00f3prias contas nas redes sociais &#8211; deixando um testemunho de sua peregrina\u00e7\u00e3o, quer real como digital, acompanhado pela hashtag #FromTouristToPilgrim.<\/div>\n<div class=\"title__separator\" style=\"text-align: justify;\"><\/div>\n<div class=\"article__text\">\n<p style=\"text-align: justify;\"><b>Vatican News<\/b><\/p>\n<p style=\"text-align: justify;\">Fruto da experi\u00eancia compartilhada por um grupo de jovens comunicadores selecionado pelo Dicast\u00e9rio para a Comunica\u00e7\u00e3o, nasce hoje o\u00a0<a href=\"https:\/\/basilicas.vatican.va\/en.html\" rel=\"external\">mini-site\u00a0\u201c<i>From Tourist to Pilgrim\u201d<\/i><\/a><i>\u00a0(<\/i>\u201cDe Turista a Peregrino\u201d), cujo objetivo \u00e9 acompanhar os fi\u00e9is por um caminho que os leva a ser\u00a0 \u201cperegrinos\u201d al\u00e9m de \u201cturistas\u201d.<\/p>\n<p style=\"text-align: justify;\">No \u00e2mbito do projeto\u00a0<i>\u201c<\/i><a href=\"https:\/\/www.comunicazione.va\/it\/progetto-faith-communication.html\" rel=\"external\"><i>Faith Communication in the Digital World<\/i><\/a><i>\u201d<\/i>\u00a0(\u201cComunica\u00e7\u00e3o da F\u00e9 no Mundo Digital\u201d), dezesseis jovens profissionais procedentes de dez pa\u00edses, acompanhados por especialistas, puderam descobrir as quatro bas\u00edlicas papais de Roma, n\u00e3o s\u00f3 como monumentos arquitet\u00f4nicos, mas tamb\u00e9m como testemunhos vivos de nossa f\u00e9. .<\/p>\n<p style=\"text-align: justify;\">O minisite, dispon\u00edvel em v\u00e1rios idiomas, constitui uma resposta ao desafio de traduzir esta experi\u00eancia em uma proposta digital para que o p\u00fablico jovem possa descobrir as bas\u00edlicas. Dito nas palavras dos jovens comunicadores: \u201cFicamos emocionados quando visitamos as bas\u00edlicas. Cada um de n\u00f3s viveu uma conex\u00e3o profunda com pelo menos uma delas. Alguns de n\u00f3s compreendemos algo verdadeiramente importante para nossas vidas. Queremos que os visitantes vivam a mesma experi\u00eancia por meio do mundo digital. Quanto mais formos capazes de compreender a origem da nossa f\u00e9, melhor seremos capazes de comunicar a sua Mensagem para chegar ao cora\u00e7\u00e3o das pessoas\u201d.<\/p>\n<div style=\"text-align: justify;\">\n<div class=\"article__embed article__embed--unwrap article__embed--photo\">\n<figure><picture><img decoding=\"async\" class=\"loaded\" src=\"https:\/\/www.vaticannews.va\/content\/dam\/vaticannews\/multimedia\/2024\/febbraio\/22\/From-Tourist-To-Pilgrim-4.png\/_jcr_content\/renditions\/cq5dam.thumbnail.cropped.750.422.png\" alt=\"\u00c0 &quot;mesa\u201d com os santos\" data-original=\"\/content\/dam\/vaticannews\/multimedia\/2024\/febbraio\/22\/From-Tourist-To-Pilgrim-4.png\/_jcr_content\/renditions\/cq5dam.thumbnail.cropped.750.422.png\" data-was-processed=\"true\" \/><\/picture><\/figure>\n<div class=\"photo_embed--Title\" style=\"text-align: center;\">\u00c0 &#8220;mesa\u201d com os santos<\/div>\n<\/div>\n<\/div>\n<p style=\"text-align: justify;\">As figuras de santos e dos artistas cujas vidas e obras plasmaram esses lugares simb\u00f3licos, acolhem quem acessa o site e os convida a \u201csentar \u00e0 mesa\u201d com eles. A mesa, enquanto espa\u00e7o comum para partilhar n\u00e3o s\u00f3 comida, mas tamb\u00e9m olhares, hist\u00f3rias e experi\u00eancias, convida a parar por um momento e dedicar tempo a uma breve reflex\u00e3o.<\/p>\n<p style=\"text-align: justify;\">A principal linguagem escolhida para transmitir a experi\u00eancia vivida na primeira pessoa \u00e9 a voz: os espa\u00e7os sagrados, com as suas obras de arte, s\u00e3o explicados por quem frequenta diariamente estes locais e acolhe os peregrinos: os conservadores de arte, os respons\u00e1veis \u200b\u200bpelas escava\u00e7\u00f5es e restaura\u00e7\u00f5es \u2026, professores e religiosos, \u201ctestemunhas\u201d que, com o calor da sua voz, conseguem comunicar o seu amor por aquilo que representam as quatro bas\u00edlicas papais.<\/p>\n<p style=\"text-align: justify;\">Desta forma,\u00a0<i>From Tourist to Pilgrim<\/i>\u00a0tamb\u00e9m se converte em um podcast que acompanha o peregrino, conduzindo-o pela m\u00e3o pelos locais de peregrina\u00e7\u00e3o mais significativos de Roma, com \u201cetapas\u201d em que se destacam os elementos mais importantes das bas\u00edlicas: \u201cO que pode parecer apenas uma pra\u00e7a para o turista, aos olhos do peregrino se transforma em uma etapa, em parte de um roteiro, em um s\u00edmbolo divino. Estas pequenas visitas t\u00eam como objetivo mostrar as belezas escondidas de Roma, reveladas por meio das lentes da peregrina\u00e7\u00e3o.\u201d<\/p>\n<p style=\"text-align: justify;\">Por fim, tal como os \u201ccomunicadores-peregrinos\u201d deixaram o seu testemunho pessoal, quem visita o mini-site tamb\u00e9m \u00e9 convidado a partilhar a sua experi\u00eancia por meio das suas pr\u00f3prias contas nas redes sociais, deixando um testemunho da sua peregrina\u00e7\u00e3o, quer real como digital, acompanhado pela hashtag\u00a0<i>#FromTouristToPilgrim.<\/i><\/p>\n<p style=\"text-align: justify;\">A esperan\u00e7a \u00e9 que, na perspectiva do caminho que conduzir\u00e1 ao Jubileu de 2025, esta experi\u00eancia contribua e incentive o relan\u00e7amento da narra\u00e7\u00e3o da antiga tradi\u00e7\u00e3o da peregrina\u00e7\u00e3o\u00a0<i>\u201cAd Limina Apostolorum<\/i>\u201d.<\/p>\n<\/div>\n<\/div>\n","protected":false},"excerpt":{"rendered":"<p>O novo site tem por objetivo acompanhar os fi\u00e9is por um roteiro que os leve a ser tamb\u00e9m peregrinos, al\u00e9m de turistas.\u00a0 O minisite, dispon\u00edvel em v\u00e1rios idiomas, constitui uma resposta ao desafio de traduzir esta experi\u00eancia em uma proposta digital para que o p\u00fablico jovem possa descobrir as bas\u00edlicas. E assim como os \u201ccomunicadores-peregrinos\u201d [&hellip;]<\/p>\n","protected":false},"author":1,"featured_media":87206,"comment_status":"open","ping_status":"closed","sticky":false,"template":"","format":"standard","meta":{"footnotes":""},"categories":[3],"tags":[],"class_list":["post-87205","post","type-post","status-publish","format-standard","has-post-thumbnail","hentry","category-vaticano"],"_links":{"self":[{"href":"https:\/\/catolicanet.net\/wp-cnet\/wp-json\/wp\/v2\/posts\/87205","targetHints":{"allow":["GET"]}}],"collection":[{"href":"https:\/\/catolicanet.net\/wp-cnet\/wp-json\/wp\/v2\/posts"}],"about":[{"href":"https:\/\/catolicanet.net\/wp-cnet\/wp-json\/wp\/v2\/types\/post"}],"author":[{"embeddable":true,"href":"https:\/\/catolicanet.net\/wp-cnet\/wp-json\/wp\/v2\/users\/1"}],"replies":[{"embeddable":true,"href":"https:\/\/catolicanet.net\/wp-cnet\/wp-json\/wp\/v2\/comments?post=87205"}],"version-history":[{"count":1,"href":"https:\/\/catolicanet.net\/wp-cnet\/wp-json\/wp\/v2\/posts\/87205\/revisions"}],"predecessor-version":[{"id":87208,"href":"https:\/\/catolicanet.net\/wp-cnet\/wp-json\/wp\/v2\/posts\/87205\/revisions\/87208"}],"wp:featuredmedia":[{"embeddable":true,"href":"https:\/\/catolicanet.net\/wp-cnet\/wp-json\/wp\/v2\/media\/87206"}],"wp:attachment":[{"href":"https:\/\/catolicanet.net\/wp-cnet\/wp-json\/wp\/v2\/media?parent=87205"}],"wp:term":[{"taxonomy":"category","embeddable":true,"href":"https:\/\/catolicanet.net\/wp-cnet\/wp-json\/wp\/v2\/categories?post=87205"},{"taxonomy":"post_tag","embeddable":true,"href":"https:\/\/catolicanet.net\/wp-cnet\/wp-json\/wp\/v2\/tags?post=87205"}],"curies":[{"name":"wp","href":"https:\/\/api.w.org\/{rel}","templated":true}]}}