{"id":87173,"date":"2024-02-20T09:49:05","date_gmt":"2024-02-20T12:49:05","guid":{"rendered":"https:\/\/catolicanet.net\/wp-cnet\/?p=87173"},"modified":"2024-02-20T16:50:43","modified_gmt":"2024-02-20T19:50:43","slug":"dia-mundial-da-justica-social-por-que-estamos-aqui-se-nao-para-servir-a-humanidade","status":"publish","type":"post","link":"https:\/\/catolicanet.net\/wp-cnet\/dia-mundial-da-justica-social-por-que-estamos-aqui-se-nao-para-servir-a-humanidade\/","title":{"rendered":"Dia Mundial da Justi\u00e7a Social: Por que estamos aqui se n\u00e3o para servir \u00e0 humanidade?"},"content":{"rendered":"<figure class=\"article__image\" style=\"text-align: justify;\"><span class=\"didascalia_img\">Migrantes tentando atravessar a fronteira \u00a0 (2023 Getty Images)<\/span><\/figure>\n<div class=\"article__meta audioInside\" data-mediatype=\"\">\n<div class=\"article__subTitle\" style=\"text-align: justify;\">No Dia Mundial da Justi\u00e7a Social, a secret\u00e1ria geral da CIDSE (Coopera\u00e7\u00e3o Internacional para o Desenvolvimento e a Solidariedade) recorda que toda decis\u00e3o e cada nova pol\u00edtica implementada t\u00eam um impacto na vida e nos meios de subsist\u00eancia de outras pessoas, e que as m\u00faltiplas crises que enfrentamos hoje est\u00e3o interligadas.<\/div>\n<div class=\"title__separator\" style=\"text-align: justify;\"><\/div>\n<div class=\"article__text\">\n<p style=\"text-align: justify;\"><b>Francesca Merlo &#8211; Vatican News<\/b><\/p>\n<div style=\"text-align: justify;\">\n<div class=\"article__embed article__embed--unwrap article__embed--dark\">\n<div class=\"article__innerTitle\">Ou\u00e7a e compartilhe<\/div>\n<div>\n<!--[if lt IE 9]><script>document.createElement('audio');<\/script><![endif]-->\n<audio class=\"wp-audio-shortcode\" id=\"audio-87173-1\" preload=\"none\" style=\"width: 100%;\" controls=\"controls\"><source type=\"audio\/mpeg\" src=\"https:\/\/media.vaticannews.va\/media\/audio\/s1\/2024\/02\/20\/15\/137718094_F137718094.mp3?_=1\" \/><a href=\"https:\/\/media.vaticannews.va\/media\/audio\/s1\/2024\/02\/20\/15\/137718094_F137718094.mp3\">https:\/\/media.vaticannews.va\/media\/audio\/s1\/2024\/02\/20\/15\/137718094_F137718094.mp3<\/a><\/audio>\n<\/div>\n<\/div>\n<\/div>\n<p style=\"text-align: justify;\">Justi\u00e7a Social significa igualdade e dignidade para todos. Significa que um sistema \u00e9 colocado em pr\u00e1tica n\u00e3o apenas para proteger, mas para auxiliar nas escolhas que as pessoas fazem, al\u00e9m de criar um ambiente que as mantenha seguras e as ajude a prosperar. O Dia Mundial da Justi\u00e7a Social \u00e9 celebrado anualmente em 20 de fevereiro e sua observ\u00e2ncia tem como objetivo fazer exatamente isso: lembrar, a cada ano, da necessidade de construir sociedades mais justas e equitativas.<\/p>\n<h2 style=\"text-align: justify;\">Uma crise m\u00faltipla<\/h2>\n<p style=\"text-align: justify;\">Na linha de frente na batalha pela justi\u00e7a social, a\u00a0<a href=\"https:\/\/www.cidse.org\/pt\/\" target=\"_blank\" rel=\"external nofollow noopener\">CIDSE (Coopera\u00e7\u00e3o Internacional para o Desenvolvimento e a Solidariedade)<\/a>\u00a0\u00e9 uma fam\u00edlia internacional de organiza\u00e7\u00f5es cat\u00f3licas de justi\u00e7a social que trabalham juntas pela causa. Josaine Gauthier, secret\u00e1ria geral da CIDSE, explica que &#8220;as m\u00faltiplas crises com as quais lidamos no passado est\u00e3o profundamente interconectadas\u201d.<\/p>\n<p style=\"text-align: justify;\">Hoje, o principal desafio que \u00e9 enfrentado dentro desse \u00e2mbito, segundo Gauthier, &#8220;\u00e9 a chamada pluri-crise: a perturba\u00e7\u00e3o clim\u00e1tica, a extrema pobreza, a viol\u00eancia, a guerra e o conflito por recursos, g\u00eanero, desigualdade social e racial&#8221;, diz a secret\u00e1ria, acrescentando que todas s\u00e3o desencadeadas por &#8220;desequil\u00edbrios de poder e uma cultura de desperd\u00edcio. Estamos reconhecendo que na verdade \u00e9 apenas uma crise interconectada, com sua origem nas rela\u00e7\u00f5es entre humanos e todo o resto da cria\u00e7\u00e3o\u201d.<\/p>\n<h2 style=\"text-align: justify;\">Apelos do Papa Francisco<\/h2>\n<p style=\"text-align: justify;\">&#8220;A cultura do desperd\u00edcio&#8221;, como observa a Josaine, \u00e9 um conceito frequentemente utilizado pelo Papa, que dedicou grande parte de seu pontificado a combater a indiferen\u00e7a global que causa injusti\u00e7as. Em particular, Francisco apela continuamente pela prote\u00e7\u00e3o de nossa casa comum, amea\u00e7ada pelas mudan\u00e7as clim\u00e1ticas, pelo zelo e acolhimento de migrantes e refugiados, e adverte contra o que descreve como &#8220;a globaliza\u00e7\u00e3o da indiferen\u00e7a&#8221;, pedindo aos pa\u00edses mais ricos que tomem medidas concretas para ajudar os pobres.<\/p>\n<p style=\"text-align: justify;\">Falando sobre migra\u00e7\u00e3o, Gauthier observa que quando as pessoas s\u00e3o for\u00e7adas a deixar seu pa\u00eds de origem, porque \u00e9 inabit\u00e1vel e n\u00e3o oferece futuro, &#8220;estamos enfrentando uma crise de nossa pr\u00f3pria moralidade\u201d.<\/p>\n<p style=\"text-align: justify;\">&#8220;Como podemos permitir que outros seres humanos fujam de suas casas devido \u00e0s nossas pr\u00f3prias escolhas pol\u00edticas e econ\u00f4micas que os afetam e depois os rejeitamos quando atravessam a fronteira e precisam de nossa solidariedade?&#8221; ela pergunta, e rapidamente completa: &#8220;\u00c9 apenas uma quest\u00e3o de justi\u00e7a!&#8221;<\/p>\n<h2 style=\"text-align: justify;\">Trabalhar juntos, pensar em todos<\/h2>\n<p style=\"text-align: justify;\">Josaine Gauthier convida a todos a enxergar o Dia Mundial da Justi\u00e7a Social como uma oportunidade \u00fanica para &#8220;fazer uma pausa e refletir sobre como tratamos uns aos outros, como podemos construir rela\u00e7\u00f5es mais justas uns com os outros e com a vida neste planeta, que \u00e9 nossa casa comum\u201d.<\/p>\n<p style=\"text-align: justify;\">O apelo do Papa Francisco pela justi\u00e7a social e pelos direitos humanos, segundo a secret\u00e1ria da CIDSE, \u00e9 &#8220;extremamente relevante&#8221;, e isso &#8220;deveria ser a mensagem mais importante e ressonante para os que est\u00e3o envolvidos na pol\u00edtica atualmente&#8221;. Gauthier acredita que as pol\u00edticas devem sempre estar ligadas e enraizadas em como afetam a vida das pessoas, de todos, diariamente, porque, acrescenta, &#8220;para que estamos aqui se n\u00e3o for para servir \u00e0 humanidade e torn\u00e1-la um lar acolhedor e justo para todos?\u201d<\/p>\n<p style=\"text-align: justify;\">Por fim, Josaine enfatiza que isso &#8220;\u00e9 algo s\u00e9rio&#8221; e que trabalhar juntos, pensando em todos, \u00e9 uma responsabilidade comum e coletiva, que &#8220;o Papa Francisco n\u00e3o se cansa de nos lembrar&#8221;.<\/p>\n<\/div>\n<\/div>\n","protected":false},"excerpt":{"rendered":"<p>Migrantes tentando atravessar a fronteira \u00a0 (2023 Getty Images) No Dia Mundial da Justi\u00e7a Social, a secret\u00e1ria geral da CIDSE (Coopera\u00e7\u00e3o Internacional para o Desenvolvimento e a Solidariedade) recorda que toda decis\u00e3o e cada nova pol\u00edtica implementada t\u00eam um impacto na vida e nos meios de subsist\u00eancia de outras pessoas, e que as m\u00faltiplas crises [&hellip;]<\/p>\n","protected":false},"author":1,"featured_media":87174,"comment_status":"open","ping_status":"closed","sticky":false,"template":"","format":"standard","meta":{"footnotes":""},"categories":[3],"tags":[],"class_list":["post-87173","post","type-post","status-publish","format-standard","has-post-thumbnail","hentry","category-vaticano"],"_links":{"self":[{"href":"https:\/\/catolicanet.net\/wp-cnet\/wp-json\/wp\/v2\/posts\/87173","targetHints":{"allow":["GET"]}}],"collection":[{"href":"https:\/\/catolicanet.net\/wp-cnet\/wp-json\/wp\/v2\/posts"}],"about":[{"href":"https:\/\/catolicanet.net\/wp-cnet\/wp-json\/wp\/v2\/types\/post"}],"author":[{"embeddable":true,"href":"https:\/\/catolicanet.net\/wp-cnet\/wp-json\/wp\/v2\/users\/1"}],"replies":[{"embeddable":true,"href":"https:\/\/catolicanet.net\/wp-cnet\/wp-json\/wp\/v2\/comments?post=87173"}],"version-history":[{"count":1,"href":"https:\/\/catolicanet.net\/wp-cnet\/wp-json\/wp\/v2\/posts\/87173\/revisions"}],"predecessor-version":[{"id":87176,"href":"https:\/\/catolicanet.net\/wp-cnet\/wp-json\/wp\/v2\/posts\/87173\/revisions\/87176"}],"wp:featuredmedia":[{"embeddable":true,"href":"https:\/\/catolicanet.net\/wp-cnet\/wp-json\/wp\/v2\/media\/87174"}],"wp:attachment":[{"href":"https:\/\/catolicanet.net\/wp-cnet\/wp-json\/wp\/v2\/media?parent=87173"}],"wp:term":[{"taxonomy":"category","embeddable":true,"href":"https:\/\/catolicanet.net\/wp-cnet\/wp-json\/wp\/v2\/categories?post=87173"},{"taxonomy":"post_tag","embeddable":true,"href":"https:\/\/catolicanet.net\/wp-cnet\/wp-json\/wp\/v2\/tags?post=87173"}],"curies":[{"name":"wp","href":"https:\/\/api.w.org\/{rel}","templated":true}]}}