{"id":87129,"date":"2024-02-15T09:59:52","date_gmt":"2024-02-15T12:59:52","guid":{"rendered":"https:\/\/catolicanet.net\/wp-cnet\/?p=87129"},"modified":"2024-02-15T14:01:35","modified_gmt":"2024-02-15T17:01:35","slug":"seis-praticas-concretas-para-viver-a-quaresma","status":"publish","type":"post","link":"https:\/\/catolicanet.net\/wp-cnet\/seis-praticas-concretas-para-viver-a-quaresma\/","title":{"rendered":"Seis pr\u00e1ticas concretas para viver a Quaresma"},"content":{"rendered":"<p style=\"text-align: justify;\">Para viver a Quaresma com prop\u00f3sito, irm\u00e3o Luis Eduardo Rodriguez Alger, que pertence aos Legion\u00e1rios de Cristo, compartilha seis pr\u00e1ticas concretas para trabalhar a ora\u00e7\u00e3o, a esmola e o jejum, pontos essenciais durante este tempo lit\u00fargico.<\/p>\n<p style=\"text-align: justify;\">Para trabalhar no ponto da ora\u00e7\u00e3o, devemos &#8220;aprofundar a vida sacramental. Posso me confessar, posso participar da Missa mais dias, e n\u00e3o apenas aos domingos, e receber a comunh\u00e3o&#8221;.<\/p>\n<p style=\"text-align: justify;\">Al\u00e9m disso, recorda que &#8220;todos esses sacramentos nos encher\u00e3o de gra\u00e7a e da for\u00e7a do Esp\u00edrito Santo para perseverar e poder caminhar para a P\u00e1scoa do Senhor&#8221;.<\/p>\n<p style=\"text-align: justify;\">O segundo prop\u00f3sito implica a realiza\u00e7\u00e3o de mais ora\u00e7\u00e3o. &#8220;Posso fazer alguma ora\u00e7\u00e3o extra, como ler a B\u00edblia. Se l\u00eassemos a B\u00edblia tr\u00eas ou cinco minutos por dia, qu\u00e3o diferente seria a nossa vida&#8221;, assegura.<\/p>\n<p style=\"text-align: justify;\">Com rela\u00e7\u00e3o ao jejum, reflete sobre a associa\u00e7\u00e3o imediata entre o jejum e os alimentos. &#8220;Quando pensamos em jejum, muitas vezes pensamos em quais coisas n\u00e3o vamos comer: n\u00e3o vou comer sobremesas, n\u00e3o vou tomar &#8216;Coca-Cola&#8217;&#8230; Mas n\u00e3o se trata de fazer uma dieta&#8221;.<\/p>\n<p style=\"text-align: justify;\">De acordo com irm\u00e3o Luis, durante esta Quaresma podemos jejuar de &#8220;palavras desnecess\u00e1rias&#8221;, como &#8220;queixas, cr\u00edticas ou palavr\u00f5es&#8221;.<\/p>\n<p style=\"text-align: justify;\">Para o quarto prop\u00f3sito, que est\u00e1 relacionado com o jejum, o irm\u00e3o convida a jejuar de coisas que gostamos de &#8220;ver&#8221;, como s\u00e9ries ou filmes, e considerar &#8220;o que eu posso parar de ver&#8221; nesta Quaresma.<\/p>\n<p style=\"text-align: justify;\">Destacou que a esmola anda de m\u00e3os dadas com o jejum. &#8220;Se estamos jejuando de palavras negativas, talvez possamos fazer esmolas de boas palavras: um coment\u00e1rio, uma ajuda, algo de bom que possamos dizer com palavras&#8221;, afirmou.<\/p>\n<p style=\"text-align: justify;\">Para o sexto prop\u00f3sito, motivou a realizar atos de caridade para algu\u00e9m que precisa de n\u00f3s.<\/p>\n<p style=\"text-align: justify;\">Prop\u00f4s que &#8220;podemos ir ao encontro de alguma pessoa que realmente precise de nossa ajuda e fazer um ato de caridade com essa pessoa sem que ela note e que ningu\u00e9m perceba&#8221;, e se referiu a esta pr\u00e1tica como uma &#8220;caridade escondida&#8221;.<\/p>\n","protected":false},"excerpt":{"rendered":"<p>Para viver a Quaresma com prop\u00f3sito, irm\u00e3o Luis Eduardo Rodriguez Alger, que pertence aos Legion\u00e1rios de Cristo, compartilha seis pr\u00e1ticas concretas para trabalhar a ora\u00e7\u00e3o, a esmola e o jejum, pontos essenciais durante este tempo lit\u00fargico. Para trabalhar no ponto da ora\u00e7\u00e3o, devemos &#8220;aprofundar a vida sacramental. Posso me confessar, posso participar da Missa mais [&hellip;]<\/p>\n","protected":false},"author":1,"featured_media":87130,"comment_status":"open","ping_status":"closed","sticky":false,"template":"","format":"standard","meta":{"footnotes":""},"categories":[4,13],"tags":[],"class_list":["post-87129","post","type-post","status-publish","format-standard","has-post-thumbnail","hentry","category-cotidiano","category-featured"],"_links":{"self":[{"href":"https:\/\/catolicanet.net\/wp-cnet\/wp-json\/wp\/v2\/posts\/87129","targetHints":{"allow":["GET"]}}],"collection":[{"href":"https:\/\/catolicanet.net\/wp-cnet\/wp-json\/wp\/v2\/posts"}],"about":[{"href":"https:\/\/catolicanet.net\/wp-cnet\/wp-json\/wp\/v2\/types\/post"}],"author":[{"embeddable":true,"href":"https:\/\/catolicanet.net\/wp-cnet\/wp-json\/wp\/v2\/users\/1"}],"replies":[{"embeddable":true,"href":"https:\/\/catolicanet.net\/wp-cnet\/wp-json\/wp\/v2\/comments?post=87129"}],"version-history":[{"count":1,"href":"https:\/\/catolicanet.net\/wp-cnet\/wp-json\/wp\/v2\/posts\/87129\/revisions"}],"predecessor-version":[{"id":87132,"href":"https:\/\/catolicanet.net\/wp-cnet\/wp-json\/wp\/v2\/posts\/87129\/revisions\/87132"}],"wp:featuredmedia":[{"embeddable":true,"href":"https:\/\/catolicanet.net\/wp-cnet\/wp-json\/wp\/v2\/media\/87130"}],"wp:attachment":[{"href":"https:\/\/catolicanet.net\/wp-cnet\/wp-json\/wp\/v2\/media?parent=87129"}],"wp:term":[{"taxonomy":"category","embeddable":true,"href":"https:\/\/catolicanet.net\/wp-cnet\/wp-json\/wp\/v2\/categories?post=87129"},{"taxonomy":"post_tag","embeddable":true,"href":"https:\/\/catolicanet.net\/wp-cnet\/wp-json\/wp\/v2\/tags?post=87129"}],"curies":[{"name":"wp","href":"https:\/\/api.w.org\/{rel}","templated":true}]}}