{"id":87121,"date":"2024-02-15T09:55:02","date_gmt":"2024-02-15T12:55:02","guid":{"rendered":"https:\/\/catolicanet.net\/wp-cnet\/?p=87121"},"modified":"2024-02-15T13:56:09","modified_gmt":"2024-02-15T16:56:09","slug":"editora-da-cnbb-edicoes-cnbb-lanca-cadernos-sobre-a-oracao-em-preparacao-ao-jubileu-2025","status":"publish","type":"post","link":"https:\/\/catolicanet.net\/wp-cnet\/editora-da-cnbb-edicoes-cnbb-lanca-cadernos-sobre-a-oracao-em-preparacao-ao-jubileu-2025\/","title":{"rendered":"EDITORA DA CNBB, EDI\u00c7\u00d5ES CNBB, LAN\u00c7A CADERNOS SOBRE A ORA\u00c7\u00c3O EM PREPARA\u00c7\u00c3O AO JUBILEU 2025"},"content":{"rendered":"<p style=\"text-align: justify;\">O Papa Francisco deu in\u00edcio ao Ano da Ora\u00e7\u00e3o, em prepara\u00e7\u00e3o ao\u00a0<a href=\"https:\/\/www.cnbb.org.br\/tag\/jubileu-2025\/\">Jubileu 2025,<\/a>\u00a0que tem como tema \u201cPeregrinos de Esperan\u00e7a\u201d. Dessa forma, este ano que antecede a celebra\u00e7\u00e3o do Jubileu ser\u00e1 \u201cum ano dedicado a redescobrir o grande valor e a necessidade absoluta da ora\u00e7\u00e3o\u201d, tanto a ora\u00e7\u00e3o na vida pessoal, quanto na vida Igreja e no mundo.<\/p>\n<p style=\"text-align: justify;\">E para auxiliar o aprofundamento e a redescoberta da centralidade da ora\u00e7\u00e3o nas v\u00e1rias formas que o Esp\u00edrito inspira e continua a inspirar, a editora da Confer\u00eancia Nacional dos Bispos do Brasil (CNBB), Edi\u00e7\u00f5es CNBB, lan\u00e7ou a cole\u00e7\u00e3o\u00a0<a href=\"https:\/\/www.edicoescnbb.com.br\/rezar-hoje-cadernos-sobre-a-oracao-vol-1\" target=\"_blank\" rel=\"noopener\">\u201cCadernos sobre a Ora\u00e7\u00e3o\u201d.\u00a0<\/a><\/p>\n<p style=\"text-align: justify;\">O primeiro volume da cole\u00e7\u00e3o foi escrito pelo cardeal Angelo Comastri, arcipreste em\u00e9rito da Bas\u00edlica de S\u00e3o Pedro. O tema \u201cRezar Hoje\u201d \u00e9 uma reflex\u00e3o sobre a atitude pr\u00f3pria dos santos, verdadeiros ap\u00f3stolos, que, com sua ora\u00e7\u00e3o aut\u00eantica, inflamam os cora\u00e7\u00f5es com um fogo de amor e evangelizam o mundo.<\/p>\n<p style=\"text-align: justify;\">A cole\u00e7\u00e3o \u201cCadernos sobre a Ora\u00e7\u00e3o\u201d pode ser adquirida no site das Edi\u00e7\u00f5es CNBB:\u00a0<a href=\"https:\/\/www.edicoescnbb.com.br\/\" target=\"_blank\" rel=\"noopener\">https:\/\/www.edicoescnbb.com.br\/<\/a><\/p>\n<h3 style=\"text-align: justify;\"><strong>Catequeses do Papa sobre a Ora\u00e7\u00e3o<\/strong><\/h3>\n<p style=\"text-align: justify;\">Neste ano dedicado \u00e0 ora\u00e7\u00e3o pode ser utilizado tamb\u00e9m o ciclo de catequeses dedicado \u00e0 ora\u00e7\u00e3o, do Papa Francisco, que teve in\u00edcio no dia 6 de maio de 2020, com interrup\u00e7\u00e3o entre 5 de agosto e 30 de setembro, quando as catequeses foram dedicadas ao tema pandemia, no ciclo intitulado \u201c<a href=\"https:\/\/www.vaticannews.va\/pt\/papa\/news\/2020-10\/papa-francisco-audiencia-geral-catequeses-pandemia-curar-mundo.html\" target=\"_blank\" rel=\"noopener\">Curar o mundo<\/a>\u201c. Parte delas foram realizadas na Biblioteca do Pal\u00e1cio Apost\u00f3lico \u2013 devido \u00e0s restri\u00e7\u00f5es para conter os cont\u00e1gios de coronav\u00edrus -, enquanto as demais foram realizadas no P\u00e1tio S\u00e3o D\u00e2maso, no Vaticano.<\/p>\n<p style=\"text-align: justify;\">A\u00a0<a href=\"https:\/\/www.vatican.va\/content\/francesco\/pt\/audiences\/2020\/documents\/papa-francesco_20200513_udienza-generale.html\" target=\"_blank\" rel=\"noopener\">ora\u00e7\u00e3o do crist\u00e3o<\/a>, por exemplo, \u00e9 um convite a entrar no minist\u00e9rio da Alian\u00e7a.\u00a0Colocar-se em ora\u00e7\u00e3o nos bra\u00e7os misericordiosos de Deus, sentir-se envolvidos por esse mist\u00e9rio de felicidade que \u00e9 a vida trinit\u00e1ria, sentir-se como convidados que n\u00e3o mereciam tanta honra. \u201c<\/p>\n<blockquote><p>E, no assombro da ora\u00e7\u00e3o, repetir a Deus: \u00e9 poss\u00edvel que Tu s\u00f3 conhe\u00e7as amor? Ele n\u00e3o conhece o \u00f3dio. Ele \u00e9 odiado, mas n\u00e3o conhece o \u00f3dio. S\u00f3 conhece o amor. Tal \u00e9 o Deus a quem rezamos. Eis o n\u00facleo incandescente de toda a ora\u00e7\u00e3o crist\u00e3. O Deus de amor, o nosso Pai que nos espera e nos acompanha.<\/p><\/blockquote>\n<p style=\"text-align: justify;\">Clique (<a href=\"https:\/\/www.vaticannews.va\/pt\/papa\/news\/2021-06\/papa-francisco-catequeses-audiencia-geral-oracao.html\" target=\"_blank\" rel=\"noopener\">aqui<\/a>) e acesse as catequeses do Papa com a tem\u00e1tica da ora\u00e7\u00e3o.<\/p>\n","protected":false},"excerpt":{"rendered":"<p>O Papa Francisco deu in\u00edcio ao Ano da Ora\u00e7\u00e3o, em prepara\u00e7\u00e3o ao\u00a0Jubileu 2025,\u00a0que tem como tema \u201cPeregrinos de Esperan\u00e7a\u201d. Dessa forma, este ano que antecede a celebra\u00e7\u00e3o do Jubileu ser\u00e1 \u201cum ano dedicado a redescobrir o grande valor e a necessidade absoluta da ora\u00e7\u00e3o\u201d, tanto a ora\u00e7\u00e3o na vida pessoal, quanto na vida Igreja e [&hellip;]<\/p>\n","protected":false},"author":1,"featured_media":87122,"comment_status":"open","ping_status":"closed","sticky":false,"template":"","format":"standard","meta":{"footnotes":""},"categories":[7],"tags":[],"class_list":["post-87121","post","type-post","status-publish","format-standard","has-post-thumbnail","hentry","category-cnbb"],"_links":{"self":[{"href":"https:\/\/catolicanet.net\/wp-cnet\/wp-json\/wp\/v2\/posts\/87121","targetHints":{"allow":["GET"]}}],"collection":[{"href":"https:\/\/catolicanet.net\/wp-cnet\/wp-json\/wp\/v2\/posts"}],"about":[{"href":"https:\/\/catolicanet.net\/wp-cnet\/wp-json\/wp\/v2\/types\/post"}],"author":[{"embeddable":true,"href":"https:\/\/catolicanet.net\/wp-cnet\/wp-json\/wp\/v2\/users\/1"}],"replies":[{"embeddable":true,"href":"https:\/\/catolicanet.net\/wp-cnet\/wp-json\/wp\/v2\/comments?post=87121"}],"version-history":[{"count":1,"href":"https:\/\/catolicanet.net\/wp-cnet\/wp-json\/wp\/v2\/posts\/87121\/revisions"}],"predecessor-version":[{"id":87124,"href":"https:\/\/catolicanet.net\/wp-cnet\/wp-json\/wp\/v2\/posts\/87121\/revisions\/87124"}],"wp:featuredmedia":[{"embeddable":true,"href":"https:\/\/catolicanet.net\/wp-cnet\/wp-json\/wp\/v2\/media\/87122"}],"wp:attachment":[{"href":"https:\/\/catolicanet.net\/wp-cnet\/wp-json\/wp\/v2\/media?parent=87121"}],"wp:term":[{"taxonomy":"category","embeddable":true,"href":"https:\/\/catolicanet.net\/wp-cnet\/wp-json\/wp\/v2\/categories?post=87121"},{"taxonomy":"post_tag","embeddable":true,"href":"https:\/\/catolicanet.net\/wp-cnet\/wp-json\/wp\/v2\/tags?post=87121"}],"curies":[{"name":"wp","href":"https:\/\/api.w.org\/{rel}","templated":true}]}}