{"id":87085,"date":"2024-02-14T09:18:10","date_gmt":"2024-02-14T12:18:10","guid":{"rendered":"https:\/\/catolicanet.net\/wp-cnet\/?p=87085"},"modified":"2024-02-14T15:18:51","modified_gmt":"2024-02-14T18:18:51","slug":"dom-paulo-antonio-de-conto-e-nomeado-administrador-apostolico-da-arquidiocese-de-cascavel","status":"publish","type":"post","link":"https:\/\/catolicanet.net\/wp-cnet\/dom-paulo-antonio-de-conto-e-nomeado-administrador-apostolico-da-arquidiocese-de-cascavel\/","title":{"rendered":"DOM PAULO ANT\u00d4NIO DE CONTO \u00c9 NOMEADO ADMINISTRADOR APOST\u00d3LICO DA ARQUIDIOCESE DE CASCAVEL"},"content":{"rendered":"<p style=\"text-align: justify;\">O Dicast\u00e9rio para os Bispos, por meio da Nunciatura Apost\u00f3lica no Brasil, comunicou a decis\u00e3o do Papa Francisco de nomear dom Paulo Ant\u00f4nio de Conto, bispo em\u00e9rito da diocese de Montenegro (RS), como administrador apost\u00f3lico da arquidiocese de Cascavel. A decis\u00e3o foi tomada, ap\u00f3s o Papa Francisco acolher o pedido de ren\u00fancia de dom Adelar Baruffi, por motivos de sa\u00fade.<\/p>\n<p style=\"text-align: justify;\">O Administrador Apost\u00f3lico \u00e9 um bispo designado pelo Papa para governar uma arqui\/diocese no per\u00edodo de sede vacante, ou seja, o tempo em que uma diocese fica sem um bispo titular. Dom Paulo Ant\u00f4nio de Conto continuar\u00e1 a governar a arquidiocese at\u00e9 a designa\u00e7\u00e3o do novo bispo, por parte da Santa S\u00e9.<\/p>\n<p style=\"text-align: justify;\"><a href=\"https:\/\/cnbbs2.org.br\/santa-se-nomeia-dom-paulo-antonio-de-conto-como-administrador-apostolico-da-arquidiocese-de-cascavel\/\" target=\"_blank\" rel=\"noopener\">Confira a not\u00edcia na \u00edntegra.\u00a0<\/a><\/p>\n","protected":false},"excerpt":{"rendered":"<p>O Dicast\u00e9rio para os Bispos, por meio da Nunciatura Apost\u00f3lica no Brasil, comunicou a decis\u00e3o do Papa Francisco de nomear dom Paulo Ant\u00f4nio de Conto, bispo em\u00e9rito da diocese de Montenegro (RS), como administrador apost\u00f3lico da arquidiocese de Cascavel. A decis\u00e3o foi tomada, ap\u00f3s o Papa Francisco acolher o pedido de ren\u00fancia de dom Adelar [&hellip;]<\/p>\n","protected":false},"author":1,"featured_media":87086,"comment_status":"open","ping_status":"closed","sticky":false,"template":"","format":"standard","meta":{"footnotes":""},"categories":[7],"tags":[],"class_list":["post-87085","post","type-post","status-publish","format-standard","has-post-thumbnail","hentry","category-cnbb"],"_links":{"self":[{"href":"https:\/\/catolicanet.net\/wp-cnet\/wp-json\/wp\/v2\/posts\/87085","targetHints":{"allow":["GET"]}}],"collection":[{"href":"https:\/\/catolicanet.net\/wp-cnet\/wp-json\/wp\/v2\/posts"}],"about":[{"href":"https:\/\/catolicanet.net\/wp-cnet\/wp-json\/wp\/v2\/types\/post"}],"author":[{"embeddable":true,"href":"https:\/\/catolicanet.net\/wp-cnet\/wp-json\/wp\/v2\/users\/1"}],"replies":[{"embeddable":true,"href":"https:\/\/catolicanet.net\/wp-cnet\/wp-json\/wp\/v2\/comments?post=87085"}],"version-history":[{"count":1,"href":"https:\/\/catolicanet.net\/wp-cnet\/wp-json\/wp\/v2\/posts\/87085\/revisions"}],"predecessor-version":[{"id":87088,"href":"https:\/\/catolicanet.net\/wp-cnet\/wp-json\/wp\/v2\/posts\/87085\/revisions\/87088"}],"wp:featuredmedia":[{"embeddable":true,"href":"https:\/\/catolicanet.net\/wp-cnet\/wp-json\/wp\/v2\/media\/87086"}],"wp:attachment":[{"href":"https:\/\/catolicanet.net\/wp-cnet\/wp-json\/wp\/v2\/media?parent=87085"}],"wp:term":[{"taxonomy":"category","embeddable":true,"href":"https:\/\/catolicanet.net\/wp-cnet\/wp-json\/wp\/v2\/categories?post=87085"},{"taxonomy":"post_tag","embeddable":true,"href":"https:\/\/catolicanet.net\/wp-cnet\/wp-json\/wp\/v2\/tags?post=87085"}],"curies":[{"name":"wp","href":"https:\/\/api.w.org\/{rel}","templated":true}]}}