{"id":86992,"date":"2024-02-08T09:21:39","date_gmt":"2024-02-08T12:21:39","guid":{"rendered":"https:\/\/catolicanet.net\/wp-cnet\/?p=86992"},"modified":"2024-02-08T16:23:44","modified_gmt":"2024-02-08T19:23:44","slug":"como-a-quaresma-comecou-a-ser-celebrada","status":"publish","type":"post","link":"https:\/\/catolicanet.net\/wp-cnet\/como-a-quaresma-comecou-a-ser-celebrada\/","title":{"rendered":"Como a Quaresma come\u00e7ou a ser celebrada?"},"content":{"rendered":"<p style=\"text-align: justify;\"><span class=\"subtitle\"><span>Nem sempre foi feito o mesmo no tempo que conhecemos como Quaresma, as coisas mudaram, um padre explica o que mudou e o que permanece<\/span><\/span><\/p>\n<h2 class=\"wp-block-aleteia-rich-list\" style=\"text-align: justify;\"><strong><span>1 A ORIGEM ETIMOL\u00d3GICA<\/span><\/strong><\/h2>\n<p style=\"text-align: justify;\"><span>Nas l\u00ednguas rom\u00e2nicas, o termo para este tempo de prepara\u00e7\u00e3o para a P\u00e1scoa deriva do latim\u00a0<\/span><em><span>quadragesima<\/span><\/em><span>\u00a0.\u00a0Por exemplo, em espanhol \u00e9 Quaresma;\u00a0em portugu\u00eas\u00a0<\/span><em><span>Quaresma<\/span><\/em><span>\u00a0, em franc\u00eas\u00a0<\/span><em><span>Car\u00eame<\/span><\/em><span>\u00a0e em italiano\u00a0<\/span><em><span>Quaresima<\/span><\/em><span>\u00a0.<\/span><\/p>\n<p style=\"text-align: justify;\"><span>Nas l\u00ednguas de origem germ\u00e2nica, incluindo o ingl\u00eas (\u00a0<\/span><em><span>Lent<\/span><\/em><span>\u00a0), o nome dado \u00e0 Quaresma deriva do termo anglo-sax\u00e3o \u201c\u00a0<\/span><em><span>Lencten<\/span><\/em><span>\u00a0\u201d, que significa primavera.<\/span><\/p>\n<p style=\"text-align: justify;\"><span>O padre australiano do Opus Dei,\u00a0<\/span><a title=\"\" href=\"https:\/\/www.parousiamedia.com\/fr-john-flader\/\" target=\"_blank\" rel=\"noopener\"><span>John Flader<\/span><\/a><span>\u00a0, em seu livro\u00a0<\/span><em><span>Question Time: 140 Questions about the Catholic Faith,<\/span><\/em><span>\u00a0escreve que o termo &#8220;Quaresma&#8221; se refere \u00e0 \u00e9poca em que o Hemisf\u00e9rio Norte se prepara para a P\u00e1scoa, e que ocorre na primavera.<\/span><\/p>\n<p style=\"text-align: justify;\"><span>Embora isto n\u00e3o se aplique ao Hemisf\u00e9rio Sul, onde vive o sacerdote australiano, ele observa que \u201ceste continua a ser um termo apropriado, porque se a Quaresma for bem vivida, representa uma verdadeira primavera, um novo crescimento na vida espiritual\u201d.<\/span><\/p>\n<h2 class=\"wp-block-aleteia-rich-list\" style=\"text-align: justify;\"><strong><span>2 ORA\u00c7\u00c3O, JEJUM E ESMOLA<\/span><\/strong><\/h2>\n<div class=\"block-image-copyrigth-wrap\" style=\"text-align: justify;\">\n<figure class=\"wp-block-image size-large is-resized\"><img loading=\"lazy\" decoding=\"async\" class=\"wp-image-773691\" src=\"https:\/\/wp.es.aleteia.org\/wp-content\/uploads\/sites\/7\/2023\/08\/Ayuno-a-pan-y-agua-para-fortalecer-el-espiritu-Jesus-Cervantes-shutterstock_594564512.jpg?w=1024\" sizes=\"auto, (max-width: 737px) 100vw, 737px\" srcset=\"https:\/\/wp.es.aleteia.org\/wp-content\/uploads\/sites\/7\/2023\/08\/Ayuno-a-pan-y-agua-para-fortalecer-el-espiritu-Jesus-Cervantes-shutterstock_594564512.jpg?resize=150,100 150w, https:\/\/wp.es.aleteia.org\/wp-content\/uploads\/sites\/7\/2023\/08\/Ayuno-a-pan-y-agua-para-fortalecer-el-espiritu-Jesus-Cervantes-shutterstock_594564512.jpg?resize=300,200 300w, https:\/\/wp.es.aleteia.org\/wp-content\/uploads\/sites\/7\/2023\/08\/Ayuno-a-pan-y-agua-para-fortalecer-el-espiritu-Jesus-Cervantes-shutterstock_594564512.jpg?resize=360,240 360w, https:\/\/wp.es.aleteia.org\/wp-content\/uploads\/sites\/7\/2023\/08\/Ayuno-a-pan-y-agua-para-fortalecer-el-espiritu-Jesus-Cervantes-shutterstock_594564512.jpg?resize=375,250 375w, https:\/\/wp.es.aleteia.org\/wp-content\/uploads\/sites\/7\/2023\/08\/Ayuno-a-pan-y-agua-para-fortalecer-el-espiritu-Jesus-Cervantes-shutterstock_594564512.jpg?resize=266,177 266w\" alt=\"Jejum-de-p\u00e3o-e-\u00e1gua-para-fortalecer-o-esp\u00edrito-Jesus-Cervantes-shutterstock_594564512.jpg\" width=\"737\" height=\"489\" \/><\/figure>\n<div class=\"copyright-text\" style=\"text-align: center;\"><span>Jesus-Cervantes-Shutterstock<\/span><\/div>\n<\/div>\n<p style=\"text-align: justify;\"><span>Santo Agostinho, acrescenta, \u00abescreveu que o tempo da Quaresma simboliza esta vida presente na terra, com as suas adversidades e tribula\u00e7\u00f5es; e que o tempo da P\u00e1scoa simboliza a alegria da vida futura.<\/span><\/p>\n<p style=\"text-align: justify;\"><span>A observ\u00e2ncia de um per\u00edodo de ora\u00e7\u00e3o, jejum e esmola em prepara\u00e7\u00e3o para a P\u00e1scoa remonta aos tempos dos ap\u00f3stolos, embora durante os primeiros s\u00e9culos tenha sido limitada a apenas alguns dias.<\/span><\/p>\n<p style=\"text-align: justify;\"><span>Padre Flader observa que S\u00e3o Le\u00e3o Magno (papa entre 440 e 461) disse sobre a Quaresma\u00a0<\/span><span>que<\/span><span> \u201cfoi institu\u00edda pelos Ap\u00f3stolos\u201d, e que a Tradi\u00e7\u00e3o sustenta que \u201csempre foi vivida com maior aten\u00e7\u00e3o \u00e0 vida de ora\u00e7\u00e3o, jejum e esmola.<\/span><\/p>\n<p style=\"text-align: justify;\"><span>\u201cNos primeiros tr\u00eas s\u00e9culos, o tempo de jejum era limitado a um ou dois dias, ou no m\u00e1ximo uma semana\u201d, observa o sacerdote.\u00a0&#8220;A primeira men\u00e7\u00e3o de quarenta dias foi no Conc\u00edlio Ecum\u00eanico de Nic\u00e9ia (325), mas no final do s\u00e9culo IV o costume havia se espalhado amplamente tanto no Oriente quanto no Ocidente.&#8221;<\/span><\/p>\n<h2 class=\"wp-block-aleteia-rich-list\" style=\"text-align: justify;\"><strong><span>3 QUARESMA DE 40 DIAS<\/span><\/strong><\/h2>\n<p style=\"text-align: justify;\"><span>Quanto ao n\u00famero de dias da Quaresma, o sacerdote explica que se refere aos \u201cquarenta dias de jejum ou ora\u00e7\u00e3o que Cristo viveu\u201d.<\/span><\/p>\n<p style=\"text-align: justify;\"><span>A forma como as Igrejas do Oriente e do Ocidente contavam os dias da Quaresma era diferente, pois no Oriente os fi\u00e9is estavam isentos de jejuar aos s\u00e1bados e domingos.\u00a0Al\u00e9m disso, a Quaresma durou um total de sete semanas.<\/span><\/p>\n<p style=\"text-align: justify;\"><span>No Ocidente, por\u00e9m, apenas os domingos estavam isentos e a Quaresma durava apenas seis semanas.\u00a0Por\u00e9m, assim os dias de jejum totalizaram 36, e n\u00e3o 40.<\/span><\/p>\n<p style=\"text-align: justify;\"><span>Foi no s\u00e9culo VII, explica o padre Flader, \u201cquando a Quaresma come\u00e7ou a come\u00e7ar quatro dias antes, com a Quarta-feira de Cinzas, de modo que havia 40 dias de jejum, como \u00e9 hoje\u201d e esclarece que os domingos n\u00e3o est\u00e3o inclu\u00eddos nos 40 dias. dias.<\/span><\/p>\n<h2 class=\"wp-block-aleteia-rich-list\" style=\"text-align: justify;\"><strong><span>4 A EVOLU\u00c7\u00c3O DO JEJUM E DA ABSTIN\u00caNCIA<\/span><\/strong><\/h2>\n<p style=\"text-align: justify;\"><span>A Igreja sempre manteve a tradi\u00e7\u00e3o de jejum e abstin\u00eancia durante a Quaresma, mas as regras evolu\u00edram ao longo dos s\u00e9culos.<\/span><\/p>\n<p style=\"text-align: justify;\"><span>De acordo com a pesquisa de Flader, as regras do jejum tornaram-se muito r\u00edgidas no s\u00e9culo V: \u201cApenas era permitida uma refei\u00e7\u00e3o, \u00e0 noite.\u00a0A carne n\u00e3o era permitida, nem mesmo aos domingos.\u00a0\u201cCarne e peixe \u2013 e em muitos lugares ovos e latic\u00ednios \u2013 eram absolutamente proibidos\u201d.<\/span><\/p>\n<p style=\"text-align: justify;\"><span>Ele observa que regras semelhantes ainda s\u00e3o seguidas nas Igrejas Orientais: \u201cn\u00e3o se pode comer vertebrados nem produtos derivados deles;\u00a0isto \u00e9: sem carne, sem peixe, sem ovos, sem queijo, sem leite.<\/span><\/p>\n<p style=\"text-align: justify;\"><span>No Ocidente, por\u00e9m, as normas mudaram.\u00a0No in\u00edcio era permitido o lanche, depois passou a ser aceito comer peixe;\u00a0Por fim, a abstin\u00eancia de carne era aceita apenas nas quartas e sextas-feiras de cinzas.\u00a0Al\u00e9m disso, as regras sobre produtos l\u00e1cteos tamb\u00e9m foram flexibilizadas.<\/span><\/p>\n<h2 class=\"wp-block-aleteia-rich-list\" style=\"text-align: justify;\"><strong><span>5 JEJUM HOJE<\/span><\/strong><\/h2>\n<p style=\"text-align: justify;\"><span>Atualmente, os cat\u00f3licos s\u00e3o chamados a jejuar na Quarta-feira de Cinzas e na Sexta-feira Santa, e a abster-se de carne nesses dias e em todas as sextas-feiras da Quaresma.\u00a0O jejum, conforme definido pelos bispos da Espanha e do M\u00e9xico, consiste em comer uma refei\u00e7\u00e3o completa e dois lanches.<\/span><\/p>\n<p style=\"text-align: justify;\"><em><span>Este artigo \u00e9 baseado na pergunta 143 do livro Question Time: 140 Questions and Answer on the Catholic Faith, de John Flader, sacerdote do Opus Dei e ex-diretor do Centro Cat\u00f3lico de Educa\u00e7\u00e3o de Adultos em Sydney, Austr\u00e1lia.<\/span><\/em><\/p>\n","protected":false},"excerpt":{"rendered":"<p>Nem sempre foi feito o mesmo no tempo que conhecemos como Quaresma, as coisas mudaram, um padre explica o que mudou e o que permanece 1 A ORIGEM ETIMOL\u00d3GICA Nas l\u00ednguas rom\u00e2nicas, o termo para este tempo de prepara\u00e7\u00e3o para a P\u00e1scoa deriva do latim\u00a0quadragesima\u00a0.\u00a0Por exemplo, em espanhol \u00e9 Quaresma;\u00a0em portugu\u00eas\u00a0Quaresma\u00a0, em franc\u00eas\u00a0Car\u00eame\u00a0e em italiano\u00a0Quaresima\u00a0. [&hellip;]<\/p>\n","protected":false},"author":1,"featured_media":86993,"comment_status":"open","ping_status":"closed","sticky":false,"template":"","format":"standard","meta":{"footnotes":""},"categories":[4],"tags":[],"class_list":["post-86992","post","type-post","status-publish","format-standard","has-post-thumbnail","hentry","category-cotidiano"],"_links":{"self":[{"href":"https:\/\/catolicanet.net\/wp-cnet\/wp-json\/wp\/v2\/posts\/86992","targetHints":{"allow":["GET"]}}],"collection":[{"href":"https:\/\/catolicanet.net\/wp-cnet\/wp-json\/wp\/v2\/posts"}],"about":[{"href":"https:\/\/catolicanet.net\/wp-cnet\/wp-json\/wp\/v2\/types\/post"}],"author":[{"embeddable":true,"href":"https:\/\/catolicanet.net\/wp-cnet\/wp-json\/wp\/v2\/users\/1"}],"replies":[{"embeddable":true,"href":"https:\/\/catolicanet.net\/wp-cnet\/wp-json\/wp\/v2\/comments?post=86992"}],"version-history":[{"count":1,"href":"https:\/\/catolicanet.net\/wp-cnet\/wp-json\/wp\/v2\/posts\/86992\/revisions"}],"predecessor-version":[{"id":86995,"href":"https:\/\/catolicanet.net\/wp-cnet\/wp-json\/wp\/v2\/posts\/86992\/revisions\/86995"}],"wp:featuredmedia":[{"embeddable":true,"href":"https:\/\/catolicanet.net\/wp-cnet\/wp-json\/wp\/v2\/media\/86993"}],"wp:attachment":[{"href":"https:\/\/catolicanet.net\/wp-cnet\/wp-json\/wp\/v2\/media?parent=86992"}],"wp:term":[{"taxonomy":"category","embeddable":true,"href":"https:\/\/catolicanet.net\/wp-cnet\/wp-json\/wp\/v2\/categories?post=86992"},{"taxonomy":"post_tag","embeddable":true,"href":"https:\/\/catolicanet.net\/wp-cnet\/wp-json\/wp\/v2\/tags?post=86992"}],"curies":[{"name":"wp","href":"https:\/\/api.w.org\/{rel}","templated":true}]}}