{"id":86944,"date":"2024-02-07T09:44:20","date_gmt":"2024-02-07T12:44:20","guid":{"rendered":"https:\/\/catolicanet.net\/wp-cnet\/?p=86944"},"modified":"2024-02-07T15:46:10","modified_gmt":"2024-02-07T18:46:10","slug":"como-comecar-a-ler-a-biblia-com-sucesso","status":"publish","type":"post","link":"https:\/\/catolicanet.net\/wp-cnet\/como-comecar-a-ler-a-biblia-com-sucesso\/","title":{"rendered":"Como come\u00e7ar a ler a B\u00edblia com sucesso"},"content":{"rendered":"<p style=\"text-align: justify;\"><span class=\"subtitle\"><span>Se voc\u00ea n\u00e3o sabe como come\u00e7ar, mas tem interesse em come\u00e7ar, ensinamos diversas maneiras de ler a B\u00edblia para que voc\u00ea n\u00e3o desanime na primeira tentativa.<\/span><\/span><\/p>\n<p style=\"text-align: justify;\"><span>Basicamente, pode ser lido em comunidade ou sozinho.\u00a0Desta forma nos complementamos.\u00a0Al\u00e9m disso, a comunidade tamb\u00e9m \u00e9 uma ajuda para que n\u00e3o tomemos o caminho errado na interpreta\u00e7\u00e3o dos textos, seguindo o Magist\u00e9rio da Igreja.<\/span><\/p>\n<div class=\"wp-block-aleteia-heading3\" style=\"text-align: justify;\">\n<h2><span>Lectio divina<\/span><\/h2>\n<\/div>\n<p style=\"text-align: justify;\"><span>Mas a leitura pessoal da B\u00edblia tamb\u00e9m \u00e9 muito \u00fatil, porque na Palavra de Deus, Ele mesmo nos fala e nos guia no caminho da nossa vida.\u00a0Na tradi\u00e7\u00e3o da Igreja desenvolveu-se um m\u00e9todo chamado\u00a0<\/span><em><span>lectio divina<\/span><\/em><span>\u00a0.\u00a0Consiste em quatro etapas:\u00a0<\/span><em><span>lectio<\/span><\/em><span>\u00a0(leitura) \u2013\u00a0<\/span><em><span>meditatio<\/span><\/em><span>\u00a0(medita\u00e7\u00e3o) \u2013\u00a0<\/span><em><span>oratio<\/span><\/em><span>\u00a0(ora\u00e7\u00e3o) e\u00a0<\/span><em><span>contemplatio<\/span><\/em><span>\u00a0(contempla\u00e7\u00e3o, habita\u00e7\u00e3o com Deus).<\/span><\/p>\n<p style=\"text-align: justify;\"><span>Este m\u00e9todo ilustra bem que a leitura da B\u00edblia \u00e9 uma conversa entre Deus e o homem (Deus fala connosco, na ora\u00e7\u00e3o damos-lhe uma resposta) e que, em \u00faltima an\u00e1lise, \u00e9 um dom de Deus que nos seja permitido habitar na sua presen\u00e7a.<\/span><\/p>\n<div class=\"wp-block-aleteia-heading3\" style=\"text-align: justify;\">\n<h2><span>A melhor maneira de ler a B\u00edblia<\/span><\/h2>\n<\/div>\n<div class=\"block-image-copyrigth-wrap\" style=\"text-align: justify;\">\n<figure class=\"wp-block-image size-large is-resized\"><img loading=\"lazy\" decoding=\"async\" class=\"wp-image-753867\" src=\"https:\/\/wp.es.aleteia.org\/wp-content\/uploads\/sites\/7\/2023\/04\/shutterstock_33986677.jpg?w=1024\" sizes=\"auto, (max-width: 739px) 100vw, 739px\" srcset=\"https:\/\/wp.es.aleteia.org\/wp-content\/uploads\/sites\/7\/2023\/04\/shutterstock_33986677.jpg 3872w, https:\/\/wp.es.aleteia.org\/wp-content\/uploads\/sites\/7\/2023\/04\/shutterstock_33986677.jpg?resize=150,100 150w, https:\/\/wp.es.aleteia.org\/wp-content\/uploads\/sites\/7\/2023\/04\/shutterstock_33986677.jpg?resize=300,201 300w, https:\/\/wp.es.aleteia.org\/wp-content\/uploads\/sites\/7\/2023\/04\/shutterstock_33986677.jpg?resize=1024,685 1024w, https:\/\/wp.es.aleteia.org\/wp-content\/uploads\/sites\/7\/2023\/04\/shutterstock_33986677.jpg?resize=1536,1028 1536w, https:\/\/wp.es.aleteia.org\/wp-content\/uploads\/sites\/7\/2023\/04\/shutterstock_33986677.jpg?resize=2048,1371 2048w, https:\/\/wp.es.aleteia.org\/wp-content\/uploads\/sites\/7\/2023\/04\/shutterstock_33986677.jpg?resize=620,415 620w, https:\/\/wp.es.aleteia.org\/wp-content\/uploads\/sites\/7\/2023\/04\/shutterstock_33986677.jpg?resize=360,240 360w, https:\/\/wp.es.aleteia.org\/wp-content\/uploads\/sites\/7\/2023\/04\/shutterstock_33986677.jpg?resize=1140,763 1140w, https:\/\/wp.es.aleteia.org\/wp-content\/uploads\/sites\/7\/2023\/04\/shutterstock_33986677.jpg?resize=375,251 375w, https:\/\/wp.es.aleteia.org\/wp-content\/uploads\/sites\/7\/2023\/04\/shutterstock_33986677.jpg?resize=1135,760 1135w, https:\/\/wp.es.aleteia.org\/wp-content\/uploads\/sites\/7\/2023\/04\/shutterstock_33986677.jpg?resize=630,422 630w, https:\/\/wp.es.aleteia.org\/wp-content\/uploads\/sites\/7\/2023\/04\/shutterstock_33986677.jpg?resize=266,177 266w\" alt=\"pai l\u00ea a B\u00edblia\" width=\"739\" height=\"494\" \/><\/figure>\n<div class=\"copyright-text\" style=\"text-align: center;\"><span>Produ\u00e7\u00f5es JHDT\/Shutterstock<\/span><\/div>\n<\/div>\n<p style=\"text-align: justify;\"><span>A B\u00edblia n\u00e3o \u00e9 um jornal.\u00a0Resiste a uma leitura superficial.\u00a0Portanto, os mesmos princ\u00edpios se aplicam \u00e0 ora\u00e7\u00e3o.\u00a0Em primeiro lugar, precisamos nos recompor e ficar quietos.\u00a0Uma ora\u00e7\u00e3o (uma novena, uma dezena do ros\u00e1rio) pode ajudar-nos nisso, mas sobretudo um breve pedido para que o Esp\u00edrito Santo nos inspire a ler a Palavra de Deus, como fez no seu tempo atrav\u00e9s dos escritores que a escreveram. eles escreveram.<\/span><\/p>\n<p style=\"text-align: justify;\"><span>Lemos os textos lenta e cuidadosamente.\u00a0Ap\u00f3s cada leitura, meditamos.\u00a0Estas perguntas, ou perguntas semelhantes, podem ajudar-nos a fazer isso: Qual \u00e9 o significado deste texto?\u00a0O que eu entendo?\u00a0Que n\u00e3o entendo?\u00a0O que Deus est\u00e1 tentando me dizer atrav\u00e9s dele?\u00a0Que posso fazer?\u00a0Os textos b\u00edblicos devem ser lidos v\u00e1rias vezes.<\/span><\/p>\n<div class=\"wp-block-aleteia-heading3\" style=\"text-align: justify;\">\n<h2><span>Comece com o Evangelho de S\u00e3o Mateus<\/span><\/h2>\n<\/div>\n<div class=\"block-image-copyrigth-wrap\" style=\"text-align: justify;\">\n<figure class=\"wp-block-image size-large is-resized\"><img loading=\"lazy\" decoding=\"async\" class=\"wp-image-649524\" src=\"https:\/\/wp.es.aleteia.org\/wp-content\/uploads\/sites\/7\/2021\/11\/shutterstock_1903357783.jpg?w=1000\" sizes=\"auto, (max-width: 739px) 100vw, 739px\" srcset=\"https:\/\/wp.es.aleteia.org\/wp-content\/uploads\/sites\/7\/2021\/11\/shutterstock_1903357783.jpg 1000w, https:\/\/wp.es.aleteia.org\/wp-content\/uploads\/sites\/7\/2021\/11\/shutterstock_1903357783.jpg?resize=150,93 150w, https:\/\/wp.es.aleteia.org\/wp-content\/uploads\/sites\/7\/2021\/11\/shutterstock_1903357783.jpg?resize=300,185 300w, https:\/\/wp.es.aleteia.org\/wp-content\/uploads\/sites\/7\/2021\/11\/shutterstock_1903357783.jpg?resize=620,383 620w, https:\/\/wp.es.aleteia.org\/wp-content\/uploads\/sites\/7\/2021\/11\/shutterstock_1903357783.jpg?resize=375,231 375w, https:\/\/wp.es.aleteia.org\/wp-content\/uploads\/sites\/7\/2021\/11\/shutterstock_1903357783.jpg?resize=630,389 630w, https:\/\/wp.es.aleteia.org\/wp-content\/uploads\/sites\/7\/2021\/11\/shutterstock_1903357783.jpg?resize=520,320 520w\" alt=\"obturador_1903357783.jpg\" width=\"739\" height=\"455\" \/><\/figure>\n<div class=\"copyright-text\" style=\"text-align: center;\"><span>Est\u00fadio Corona Borealis |\u00a0Obturador<\/span><\/div>\n<\/div>\n<div id=\"aleteia-welcome\" style=\"text-align: justify;\"><\/div>\n<div id=\"article-native-inread\" class=\"adslot ay css-p8k4vw\" style=\"text-align: justify;\" data-ay-manager-id=\"article-native-inread\" data-google-query-id=\"CMWBnaLxmYQDFfxF3QIdEdoLew\">\n<div id=\"google_ads_iframe_64500793\/ES_NATIVE_ARTICLE_0__container__\"><\/div>\n<\/div>\n<p style=\"text-align: justify;\"><span>N\u00e3o se trata de ler o m\u00e1ximo de textos poss\u00edvel, mas de realmente aprofundar o que lemos.\u00a0Um di\u00e1rio pode nos ajudar nisso, anotando o que este ou aquele texto nos deixou.\u00a0Devemos repetir as partes importantes (frases, versos, passagens curtas) at\u00e9 que as saibamos de cor.\u00a0Assim ficar\u00e3o escritas em nossos cora\u00e7\u00f5es e nos acompanhar\u00e3o por toda a vida.<\/span><\/p>\n<p style=\"text-align: justify;\"><span>Uma sugest\u00e3o \u00e9 come\u00e7ar com um Evangelho, talvez\u00a0<\/span><a title=\"\" href=\"https:\/\/www.vatican.va\/archive\/ESL0506\/__P1.HTM\" target=\"_blank\" rel=\"noopener\"><span>S\u00e3o Mateus<\/span><\/a><span>\u00a0.\u00a0Os textos s\u00e3o-nos familiares porque os encontramos regularmente na Missa, mas como ali s\u00f3 ouvimos um fragmento, \u00e9 muito interessante conhecer o contexto mais amplo.<\/span><\/p>\n<div id=\"article-desk-content-p6-ad\" class=\"adslot ay css-p8k4vw\" style=\"text-align: justify;\" data-ay-manager-id=\"article-desk-content-p6-ad\" data-google-query-id=\"CMv6m6LxmYQDFW1U3QIdQtEDkA\">\n<div id=\"google_ads_iframe_64500793\/ES_DESK_ARTICLE_WELCOME_1X1_0__container__\"><span style=\"color: #111111; font-family: Roboto, sans-serif; font-size: 27px;\">Continuamos com G\u00eanesis, os Salmos e Isa\u00edas<\/span><\/div>\n<\/div>\n<p style=\"text-align: justify;\"><span>Depois vamos ao in\u00edcio da B\u00edblia e olhamos\u00a0<\/span><a title=\"\" href=\"https:\/\/www.vatican.va\/archive\/ESL0506\/__P2.HTM\" target=\"_blank\" rel=\"noopener\"><span>G\u00eanesis 1<\/span><\/a><span>\u00a0e 2, que descrevem os acontecimentos mais importantes da hist\u00f3ria da salva\u00e7\u00e3o no Antigo Testamento: a cria\u00e7\u00e3o do mundo, a vida dos nossos primeiros pais, a revela\u00e7\u00e3o de Deus no a sar\u00e7a ardente, o \u00eaxodo dos israelitas do Egito, os acontecimentos no Sinai, os Dez Mandamentos, etc.<\/span><\/p>\n<p style=\"text-align: justify;\"><span>Se medit\u00e1ssemos em um \u00fanico salmo (o Livro dos\u00a0<\/span><a title=\"\" href=\"https:\/\/www.vatican.va\/archive\/ESL0506\/__PG6.HTM\" target=\"_blank\" rel=\"noopener\"><span>Salmos<\/span><\/a><span>\u00a0) todos os dias, ler\u00edamos todos os salmos em meio ano.\u00a0Certamente isto tamb\u00e9m moldaria a nossa ora\u00e7\u00e3o pessoal.\u00a0Durante o Advento pudemos ler o Livro de\u00a0<\/span><a title=\"\" href=\"https:\/\/www.vatican.va\/archive\/ESL0506\/__P9L.HTM\" target=\"_blank\" rel=\"noopener\"><span>Isa\u00edas<\/span><\/a><span>\u00a0.\u00a0Os escritores do Novo Testamento referem-se repetidamente a este livro, que cont\u00e9m textos maravilhosos sobre a salva\u00e7\u00e3o de Deus.<\/span><\/p>\n<div class=\"wp-block-aleteia-heading3\" style=\"text-align: justify;\">\n<h2><span>O Evangelho de S\u00e3o Lucas, os Atos e S\u00e3o Paulo<\/span><\/h2>\n<\/div>\n<p style=\"text-align: justify;\"><span>Depois podemos passar para outro Evangelho, talvez\u00a0<\/span><a title=\"\" href=\"https:\/\/www.vatican.va\/archive\/ESL0506\/__PVJ.HTM\" target=\"_blank\" rel=\"noopener\"><span>S\u00e3o Lucas<\/span><\/a><span>\u00a0, e para\u00a0<\/span><a title=\"\" href=\"https:\/\/www.vatican.va\/archive\/ESL0506\/__PWS.HTM\" target=\"_blank\" rel=\"noopener\"><span>Atos<\/span><\/a><span>\u00a0.\u00a0Esses dois escritos devem ser lidos como um s\u00f3, pois se complementam, pois foram compostos pelo mesmo escritor.\u00a0Quem quiser voltar aos escritos de S\u00e3o Paulo deve come\u00e7ar pela primeira carta aos Cor\u00edntios.\u00a0\u00c9 muito interessante porque nos mostra o pensamento do ap\u00f3stolo sobre temas interessantes: a cruz, a\u00a0<\/span><a title=\"Eucaristia\" href=\"https:\/\/es.aleteia.org\/tag\/eucaristia\/\" target=\"_blank\" rel=\"noopener\"><span>Eucaristia<\/span><\/a><span>\u00a0, a\u00a0<\/span><a title=\"Ressurrei\u00e7\u00e3o\" href=\"https:\/\/es.aleteia.org\/tag\/resurreccion\/\" target=\"_blank\" rel=\"noopener\"><span>ressurrei\u00e7\u00e3o<\/span><\/a><span>\u00a0, etc.<\/span><\/p>\n<p style=\"text-align: justify;\"><span>Mas o cerne dos escritos de S\u00e3o Paulo \u00e9, sem d\u00favida, a Carta aos Romanos, na qual ele resume a ess\u00eancia do Evangelho que pregou.\u00a0Ele desempenhou um papel central na hist\u00f3ria da teologia.\u00a0Depois podemos olhar para os escritos de Jo\u00e3o: o Evangelho e a primeira carta de S\u00e3o Jo\u00e3o.<\/span><\/p>\n<p style=\"text-align: justify;\"><span>Que a leitura da Sagrada Escritura seja de grande benef\u00edcio espiritual para todos.<\/span><\/p>\n","protected":false},"excerpt":{"rendered":"<p>Se voc\u00ea n\u00e3o sabe como come\u00e7ar, mas tem interesse em come\u00e7ar, ensinamos diversas maneiras de ler a B\u00edblia para que voc\u00ea n\u00e3o desanime na primeira tentativa. Basicamente, pode ser lido em comunidade ou sozinho.\u00a0Desta forma nos complementamos.\u00a0Al\u00e9m disso, a comunidade tamb\u00e9m \u00e9 uma ajuda para que n\u00e3o tomemos o caminho errado na interpreta\u00e7\u00e3o dos textos, [&hellip;]<\/p>\n","protected":false},"author":1,"featured_media":86945,"comment_status":"open","ping_status":"closed","sticky":false,"template":"","format":"standard","meta":{"footnotes":""},"categories":[4,13],"tags":[],"class_list":["post-86944","post","type-post","status-publish","format-standard","has-post-thumbnail","hentry","category-cotidiano","category-featured"],"_links":{"self":[{"href":"https:\/\/catolicanet.net\/wp-cnet\/wp-json\/wp\/v2\/posts\/86944","targetHints":{"allow":["GET"]}}],"collection":[{"href":"https:\/\/catolicanet.net\/wp-cnet\/wp-json\/wp\/v2\/posts"}],"about":[{"href":"https:\/\/catolicanet.net\/wp-cnet\/wp-json\/wp\/v2\/types\/post"}],"author":[{"embeddable":true,"href":"https:\/\/catolicanet.net\/wp-cnet\/wp-json\/wp\/v2\/users\/1"}],"replies":[{"embeddable":true,"href":"https:\/\/catolicanet.net\/wp-cnet\/wp-json\/wp\/v2\/comments?post=86944"}],"version-history":[{"count":1,"href":"https:\/\/catolicanet.net\/wp-cnet\/wp-json\/wp\/v2\/posts\/86944\/revisions"}],"predecessor-version":[{"id":86947,"href":"https:\/\/catolicanet.net\/wp-cnet\/wp-json\/wp\/v2\/posts\/86944\/revisions\/86947"}],"wp:featuredmedia":[{"embeddable":true,"href":"https:\/\/catolicanet.net\/wp-cnet\/wp-json\/wp\/v2\/media\/86945"}],"wp:attachment":[{"href":"https:\/\/catolicanet.net\/wp-cnet\/wp-json\/wp\/v2\/media?parent=86944"}],"wp:term":[{"taxonomy":"category","embeddable":true,"href":"https:\/\/catolicanet.net\/wp-cnet\/wp-json\/wp\/v2\/categories?post=86944"},{"taxonomy":"post_tag","embeddable":true,"href":"https:\/\/catolicanet.net\/wp-cnet\/wp-json\/wp\/v2\/tags?post=86944"}],"curies":[{"name":"wp","href":"https:\/\/api.w.org\/{rel}","templated":true}]}}