{"id":86920,"date":"2024-02-07T09:23:22","date_gmt":"2024-02-07T12:23:22","guid":{"rendered":"https:\/\/catolicanet.net\/wp-cnet\/?p=86920"},"modified":"2024-02-07T15:24:45","modified_gmt":"2024-02-07T18:24:45","slug":"reuniao-do-conselho-dos-cardeais-5-de-fevereiro-de-2024","status":"publish","type":"post","link":"https:\/\/catolicanet.net\/wp-cnet\/reuniao-do-conselho-dos-cardeais-5-de-fevereiro-de-2024\/","title":{"rendered":"Reuni\u00e3o do Conselho dos Cardeais (5 de fevereiro de 2024)"},"content":{"rendered":"<div class=\"article__subTitle\" style=\"text-align: justify;\">Publicamos o pref\u00e1cio do Papa Francisco no livro \u00abDesmasculinizar a Igreja\u00bb? Confronto cr\u00edtico sobre os &#8220;princ\u00edpios&#8221; de Hans Urs von Balthasar (Edi\u00e7\u00f5es Paulinas) divulgado recentemente. O volume re\u00fane as colabora\u00e7\u00f5es de tr\u00eas te\u00f3logos, a religiosa salesiana Linda Pocher, Lucia Vantini e pe. Luca Castiglioni chamados a participar do Conselho de Cardeais reunido para refletir sobre o papel da mulher na Igreja.<\/div>\n<div class=\"title__separator\" style=\"text-align: justify;\"><\/div>\n<div class=\"article__text\">\n<p style=\"text-align: justify;\"><b>Papa Francisco<\/b><\/p>\n<p style=\"text-align: justify;\">A presen\u00e7a e a contribui\u00e7\u00e3o das mulheres para a vida e o crescimento das comunidades eclesiais atrav\u00e9s da ora\u00e7\u00e3o, da reflex\u00e3o e da a\u00e7\u00e3o s\u00e3o realidades que sempre enriqueceram a Igreja e, de fato, constituem sua identidade. No entanto, percebemos, especialmente durante a prepara\u00e7\u00e3o e a celebra\u00e7\u00e3o do S\u00ednodo, que n\u00e3o ouvimos o suficiente a voz das mulheres na Igreja e que a Igreja ainda tem muito o que aprender com elas.<\/p>\n<div style=\"text-align: justify;\">\n<div class=\"article__embed article__embed--unwrap article__embed--dark\">\n<div class=\"article__innerTitle\">Ou\u00e7a e compartilhe<\/div>\n<div>\n<audio class=\"wp-audio-shortcode\" id=\"audio-86920-1\" preload=\"none\" style=\"width: 100%;\" controls=\"controls\"><source type=\"audio\/mpeg\" src=\"https:\/\/media.vaticannews.va\/media\/audio\/s1\/2024\/02\/07\/16\/137683966_F137683966.mp3?_=1\" \/><a href=\"https:\/\/media.vaticannews.va\/media\/audio\/s1\/2024\/02\/07\/16\/137683966_F137683966.mp3\">https:\/\/media.vaticannews.va\/media\/audio\/s1\/2024\/02\/07\/16\/137683966_F137683966.mp3<\/a><\/audio>\n<\/div>\n<\/div>\n<\/div>\n<p style=\"text-align: justify;\">\u00c9 necess\u00e1rio ouvir-se reciprocamente para &#8220;desmasculinizar&#8221; a Igreja, porque a Igreja \u00e9 uma comunh\u00e3o de homens e mulheres que partilham a mesma f\u00e9 e a mesma dignidade batismal. Ao realmente ouvir as mulheres, n\u00f3s, homens, ouvimos algu\u00e9m que v\u00ea a realidade de uma perspectiva diferente e, assim, somos levados a rever nossos projetos, nossas prioridades. \u00c0s vezes ficamos perplexos. \u00c0s vezes, o que ouvimos \u00e9 t\u00e3o novo, t\u00e3o diferente de nossa maneira de pensar e ver, que parece absurdo e nos sentimos intimidados. Mas essa perplexidade \u00e9 saud\u00e1vel, nos faz crescer.<\/p>\n<p style=\"text-align: justify;\">\u00c9 preciso paci\u00eancia, respeito rec\u00edproco, escuta e abertura para realmente aprender uns com os outros e avan\u00e7ar como um \u00fanico Povo de Deus, rico de diferen\u00e7as, mas que caminha junto.<\/p>\n<p style=\"text-align: justify;\">Foi por isso que eu pedi a uma mulher, uma te\u00f3loga, que oferecesse ao Conselho de Cardeais um percurso de reflex\u00e3o sobre a presen\u00e7a e o papel das mulheres na Igreja. O ponto de partida para esse caminho \u00e9 a reflex\u00e3o de Hans Urs von Balthasar sobre os princ\u00edpios mariano e petrino na Igreja, reflex\u00e3o que inspirou o magist\u00e9rio dos \u00faltimos pontificados no esfor\u00e7o de compreender e valorizar a diferente presen\u00e7a eclesial de homens e mulheres.<\/p>\n<p style=\"text-align: justify;\">O ponto de chegada, por\u00e9m, est\u00e1 nas m\u00e3os de Deus. Oremos ao Esp\u00edrito para que nos ilumine e nos ajude a compreender, a encontrar uma linguagem e um pensamento eficazes para nos dirigirmos \u00e0s mulheres e aos homens de hoje, na Igreja e no mundo, para que possam crescer a consci\u00eancia da reciprocidade e a pr\u00e1tica da colabora\u00e7\u00e3o entre homens e mulheres.<\/p>\n<p style=\"text-align: justify;\">Fico feliz que, por meio desta publica\u00e7\u00e3o, as reflex\u00f5es que Lucia Vantini, Luca Castiglioni e Linda Pocher ofereceram ao Conselho de Cardeais possam estar \u00e0 disposi\u00e7\u00e3o daqueles que desejam participar do di\u00e1logo sinodal e aprofundar o tema das rela\u00e7\u00f5es eclesiais entre homens e mulheres, que \u00e9 muito importante para mim. S\u00e3o reflex\u00f5es que tendem a abrir em vez de fechar; que levam a pensar, convidam a buscar e ajudam a rezar.<\/p>\n<p style=\"text-align: justify;\">\u00c9 isso que desejo neste momento do processo sinodal: que n\u00e3o nos cansemos de caminhar juntos, porque somente quando caminhamos somos o que devemos ser, o corpo vivo do Ressuscitado em movimento, em sa\u00edda, ao encontro dos irm\u00e3os e irm\u00e3s, sem medo, pelas estradas do mundo. Que Maria, m\u00e3e da f\u00e9, nos acompanhe neste caminho!<\/p>\n<p style=\"text-align: justify;\">Cidade do Vaticano, 8 de dezembro de 2023<\/p>\n<div class=\"title__separator\" style=\"text-align: justify;\"><\/div>\n<div class=\"promotion_nl\">\n<p style=\"text-align: justify;\">Obrigado por ter lido este artigo. Se quiser se manter atualizado, assine a nossa newsletter<a title=\"newsletter-link\" href=\"https:\/\/www.vaticannews.va\/pt\/inscricao-newsletter.html\">\u00a0clicando aqui<\/a><\/p>\n<\/div>\n<\/div>\n","protected":false},"excerpt":{"rendered":"<p>Publicamos o pref\u00e1cio do Papa Francisco no livro \u00abDesmasculinizar a Igreja\u00bb? Confronto cr\u00edtico sobre os &#8220;princ\u00edpios&#8221; de Hans Urs von Balthasar (Edi\u00e7\u00f5es Paulinas) divulgado recentemente. O volume re\u00fane as colabora\u00e7\u00f5es de tr\u00eas te\u00f3logos, a religiosa salesiana Linda Pocher, Lucia Vantini e pe. Luca Castiglioni chamados a participar do Conselho de Cardeais reunido para refletir sobre [&hellip;]<\/p>\n","protected":false},"author":1,"featured_media":86921,"comment_status":"open","ping_status":"closed","sticky":false,"template":"","format":"standard","meta":{"footnotes":""},"categories":[3],"tags":[],"class_list":["post-86920","post","type-post","status-publish","format-standard","has-post-thumbnail","hentry","category-vaticano"],"_links":{"self":[{"href":"https:\/\/catolicanet.net\/wp-cnet\/wp-json\/wp\/v2\/posts\/86920","targetHints":{"allow":["GET"]}}],"collection":[{"href":"https:\/\/catolicanet.net\/wp-cnet\/wp-json\/wp\/v2\/posts"}],"about":[{"href":"https:\/\/catolicanet.net\/wp-cnet\/wp-json\/wp\/v2\/types\/post"}],"author":[{"embeddable":true,"href":"https:\/\/catolicanet.net\/wp-cnet\/wp-json\/wp\/v2\/users\/1"}],"replies":[{"embeddable":true,"href":"https:\/\/catolicanet.net\/wp-cnet\/wp-json\/wp\/v2\/comments?post=86920"}],"version-history":[{"count":1,"href":"https:\/\/catolicanet.net\/wp-cnet\/wp-json\/wp\/v2\/posts\/86920\/revisions"}],"predecessor-version":[{"id":86923,"href":"https:\/\/catolicanet.net\/wp-cnet\/wp-json\/wp\/v2\/posts\/86920\/revisions\/86923"}],"wp:featuredmedia":[{"embeddable":true,"href":"https:\/\/catolicanet.net\/wp-cnet\/wp-json\/wp\/v2\/media\/86921"}],"wp:attachment":[{"href":"https:\/\/catolicanet.net\/wp-cnet\/wp-json\/wp\/v2\/media?parent=86920"}],"wp:term":[{"taxonomy":"category","embeddable":true,"href":"https:\/\/catolicanet.net\/wp-cnet\/wp-json\/wp\/v2\/categories?post=86920"},{"taxonomy":"post_tag","embeddable":true,"href":"https:\/\/catolicanet.net\/wp-cnet\/wp-json\/wp\/v2\/tags?post=86920"}],"curies":[{"name":"wp","href":"https:\/\/api.w.org\/{rel}","templated":true}]}}