{"id":86903,"date":"2024-02-05T10:08:43","date_gmt":"2024-02-05T13:08:43","guid":{"rendered":"https:\/\/catolicanet.net\/wp-cnet\/?p=86903"},"modified":"2024-02-05T17:10:12","modified_gmt":"2024-02-05T20:10:12","slug":"o-leigo-que-se-tornou-papa-escolhido-pelo-espirito-santo","status":"publish","type":"post","link":"https:\/\/catolicanet.net\/wp-cnet\/o-leigo-que-se-tornou-papa-escolhido-pelo-espirito-santo\/","title":{"rendered":"O leigo que se tornou Papa escolhido pelo Esp\u00edrito Santo"},"content":{"rendered":"<p style=\"text-align: justify;\"><span class=\"subtitle\"><span>Eleito Papa de surpresa, o leigo Fabian foi o d\u00e9cimo nono sucessor de Pedro e revelou-se um grande pont\u00edfice, reformador e conselheiro do Imperador, embora tenha acabado decapitado, v\u00edtima da sua bravura na defesa da liberdade da Igreja.<\/span><\/span><\/p>\n<p style=\"text-align: justify;\"><span>Talvez a convic\u00e7\u00e3o de que, apesar da intriga humana e dos c\u00e1lculos mesquinhos, o Papa \u00e9 nomeado pelo Esp\u00edrito Santo remonte \u00e0 elei\u00e7\u00e3o de S\u00e3o Fabiano em 10 de janeiro de 236. A hist\u00f3ria, \u00e9 verdade, \u00e9 peculiar.<\/span><\/p>\n<p style=\"text-align: justify;\"><span>No in\u00edcio do ano 236, o Papa Ant\u00e8re morreu ap\u00f3s um pontificado de quarenta e dois dias.\u00a0Acabara de suceder a Ponciano, deportado para as minas da Sardenha.\u00a0Havia poucos candidatos no final de 235, e menos ainda em Janeiro de 236: ser eleito era uma garantia de mart\u00edrio, e nem todos se sentiam tentados por este fim sangrento&#8230; Consequentemente, a elei\u00e7\u00e3o, que era p\u00fablica porque ent\u00e3o n\u00e3o havia conclaves ou cardeais eleitores e eram os fi\u00e9is que decidiam por aclama\u00e7\u00e3o &#8211; o que \u00e0s vezes levava a brigas sangrentas entre fac\u00e7\u00f5es rivais &#8211; se arrastavam.\u00a0Isto n\u00e3o impediu os cat\u00f3licos romanos de visitarem a catacumba onde a vota\u00e7\u00e3o foi realizada para ver se as coisas estavam progredindo.<\/span><\/p>\n<div class=\"wp-block-aleteia-heading3\" style=\"text-align: justify;\">\n<h2><span>A escolha do pombo<\/span><\/h2>\n<\/div>\n<p style=\"text-align: justify;\"><span>\u00c9 por isso que Fabi\u00e1n, membro da classe alta, decidiu juntar-se \u00e0 multid\u00e3o de eleitores no dia 10 de janeiro.\u00a0Um simples leigo, espectador perdido na multid\u00e3o, percebe que nenhum candidato recebe os votos.\u00a0Ele se prepara para sair discretamente quando um pombo entra pelo \u00f3culo que ventila o ambiente.\u00a0O p\u00e1ssaro, desnorteado, vira-se e bate nas paredes.<\/span><\/p>\n<p style=\"text-align: justify;\"><span>Mesmo sendo crist\u00e3os, os romanos permaneceram sens\u00edveis a press\u00e1gios e sinais por muito tempo.\u00a0A congrega\u00e7\u00e3o ficou em sil\u00eancio;\u00a0N\u00e3o era a pomba o s\u00edmbolo do Esp\u00edrito Santo descendo sobre a cabe\u00e7a de Cristo quando Jo\u00e3o o batizou no Jord\u00e3o?<\/span><\/p>\n<p style=\"text-align: justify;\"><span>O p\u00e1ssaro deu duas ou tr\u00eas voltas e pousou no ombro de Fabi\u00e1n.\u00a0Foi tudo o que a multid\u00e3o precisou para interpretar o incidente como uma escolha do C\u00e9u para designar o seu escolhido.\u00a0Um grito jubiloso de \u201cVale a pena!\u201d\u00a0ratificou a vota\u00e7\u00e3o.\u00a0Fabi\u00e1n, sens\u00edvel a esta l\u00f3gica, aceita, leigo como \u00e9, esta nomea\u00e7\u00e3o improv\u00e1vel que o obriga a ser ordenado sacerdote com pressa de se tornar Papa.<\/span><\/p>\n<div id=\"aleteia-welcome\" style=\"text-align: justify;\"><\/div>\n<div id=\"article-native-inread\" class=\"adslot ay css-p8k4vw\" style=\"text-align: justify;\" data-ay-manager-id=\"article-native-inread\" data-google-query-id=\"CNTTtrSAlYQDFfJV3QIdPtYCMQ\">\n<div id=\"google_ads_iframe_64500793\/ES_NATIVE_ARTICLE_1__container__\"><\/div>\n<\/div>\n<p style=\"text-align: justify;\"><span>Como era sua vida antes?\u00a0N\u00e3o sabemos.\u00a0O certo \u00e9 que a hist\u00f3ria, contada por S\u00e3o Cipriano, contempor\u00e2neo do acontecimento e muito bem informado sobre os assuntos romanos, \u00e9 aut\u00eantica.\u00a0Tamb\u00e9m \u00e9 retratado em um afresco da catacumba que mostra o p\u00e1ssaro divino pairando sobre Fabian sentado no trono papal.<\/span><\/p>\n<div class=\"wp-block-aleteia-heading3\" style=\"text-align: justify;\">\n<h2><span>Um excelente administrador<\/span><\/h2>\n<\/div>\n<p style=\"text-align: justify;\"><span>Fabian teve a sorte de se tornar o d\u00e9cimo nono sucessor de Pedro num tempo de paz para a Igreja.\u00a0Ap\u00f3s d\u00e9cadas de persegui\u00e7\u00e3o, a chegada ao poder imperial de um oficial da atual Ar\u00e1bia, Filipe, proporcionou aos crist\u00e3os quinze anos de paz, a tal ponto que durante muito tempo se pensou que o novo imperador havia sido batizado.\u00a0Isso n\u00e3o era verdade, mas sua benevol\u00eancia era ineg\u00e1vel, e Fabian, membro da alta sociedade &#8211; detalhe interessante para esse ascendente Felipe, que n\u00e3o tinha entrada naquele mundo &#8211; insinuou-se na comitiva do Pr\u00edncipe e atuou como conselheiro, papel eficaz porque ele era um excelente administrador.<\/span><\/p>\n<div id=\"article-desk-content-p6-ad\" class=\"adslot ay css-p8k4vw\" style=\"text-align: justify;\" data-ay-manager-id=\"article-desk-content-p6-ad\" data-google-query-id=\"CN6lu7SAlYQDFX1U3QId_hUGQw\">\n<div id=\"google_ads_iframe_64500793\/ES_DESK_ARTICLE_WELCOME_1X1_0__container__\"><\/div>\n<\/div>\n<p style=\"text-align: justify;\"><span>A Igreja foi, naturalmente, a primeira a beneficiar deste talento.\u00a0Fabiano dotou o clero romano de estruturas inspiradas nas da administra\u00e7\u00e3o civil, nomeando sete di\u00e1conos, entre os quais normalmente seria escolhido o pr\u00f3ximo Papa, subdi\u00e1conos e not\u00e1rios, aos quais foi confiada a perigosa tarefa de recolher e preservar os registos dos m\u00e1rtires. .\u00a0Temendo que o progresso da evangeliza\u00e7\u00e3o na G\u00e1lia, uma quest\u00e3o que Roma n\u00e3o poderia acompanhar, levasse ao nascimento de comunidades her\u00e9ticas ou dissidentes, Fabian escolheu sete mission\u00e1rios entre o seu clero e ordenou-os bispos: Saturnino, Dion\u00edsio, Marcial, Gaciano, Pablo , Tr\u00f3fimo e Austrem\u00f4nio.\u00a0A sua tarefa era lan\u00e7ar bases s\u00f3lidas para as novas dioceses e continuar o trabalho de cristianiza\u00e7\u00e3o no norte e no oeste.<\/span><\/p>\n<div class=\"wp-block-aleteia-read-also read-also\" style=\"text-align: justify;\" data-category=\"Curiosidades\" data-category-english=\"best of the web\">\n<figure><img decoding=\"async\" src=\"https:\/\/wp.es.aleteia.org\/wp-content\/uploads\/sites\/7\/2023\/12\/bolsa-ecologico-1.jpg?w=300&amp;h=169&amp;crop=1\" alt=\"Papa Urbano VII.jpg\" \/><\/figure>\n<div class=\"read-also-inner\"><em><span>Voc\u00ea pode estar interessado:<\/span><\/em><a href=\"https:\/\/es.aleteia.org\/2023\/12\/15\/los-papas-con-el-pontificado-mas-corto-de-la-historia\/\" target=\"_self\" rel=\"noopener\"><span>Os Papas com o pontificado mais curto da hist\u00f3ria<\/span><\/a><\/div>\n<\/div>\n<div class=\"wp-block-aleteia-heading3\" style=\"text-align: justify;\">\n<h2><span>As coisas d\u00e3o errado<\/span><\/h2>\n<\/div>\n<p style=\"text-align: justify;\"><span>Afirmando a primazia romana e o poder petrino, Fabiano estabeleceu-se como juiz supremo e recurso das igrejas em caso de disputas.\u00a0Preocupado com a unidade cat\u00f3lica, enviou um forte sinal ao trazer da Sardenha n\u00e3o s\u00f3 o corpo do Papa Pontiano, que morreu de exaust\u00e3o na deporta\u00e7\u00e3o, mas tamb\u00e9m o do antipapa Hip\u00f3lito, que tinha sido condenado \u00e0 mesma pena no mesmo campo e que, diante da morte, reconheceu publicamente a legitimidade de Pontiano e os enterrou lado a lado nas catacumbas.\u00a0Como legislador, Fabian promulgou penas severas contra cl\u00e9rigos indignos e escandalosos, proibiu casamentos entre parentes at\u00e9 o quinto grau e for\u00e7ou os fi\u00e9is a comungar pelo menos tr\u00eas festas importantes por ano.\u00a0N\u00e3o foi uma conquista modesta.<\/span><\/p>\n<blockquote class=\"wp-block-aleteia-blockquote\"><p><span>Sem querer destruir a Igreja, quis recriar a unidade nacional, obrigando todos os habitantes do Imp\u00e9rio a sacrificar-se \u00e0 deusa Roma.<\/span><\/p><\/blockquote>\n<p style=\"text-align: justify;\"><span>As coisas pioraram no ver\u00e3o de 249, quando Filipe, v\u00edtima de um golpe militar, foi assassinado, tal como acontecera ao seu antecessor.\u00a0Produto do Senado, D\u00e9cio, que tomou o poder, era um conservador convencido de que os males que corro\u00edam o Imp\u00e9rio eram atribu\u00edveis aos crist\u00e3os, que atra\u00edram a ira dos deuses sobre Roma, dividindo-a e enfraquecendo-a moralmente.\u00a0Sem querer destruir a Igreja, como falharam os seus antecessores, quis recriar a unidade nacional, obrigando todos os habitantes do Imp\u00e9rio a sacrificar-se \u00e0 deusa Roma.<\/span><\/p>\n<p style=\"text-align: justify;\"><span>Na sua opini\u00e3o, isto nada mais era do que uma demonstra\u00e7\u00e3o de apoio patri\u00f3tico e lealdade face aos perigos do momento, recompensada com um certificado de civilidade.\u00a0D\u00e9cio percebeu tarde demais que o que pedia equivalia a apostasia para um crist\u00e3o consistente&#8230; Os recalcitrantes, que eram poucos, devem portanto ser punidos, porque mesmo no episcopado n\u00e3o conseguiram ver a mal\u00edcia involunt\u00e1ria da medida e Eles seguiu de bom grado este gesto patri\u00f3tico sem medir o seu significado espiritual.<\/span><\/p>\n<div class=\"wp-block-aleteia-heading3\" style=\"text-align: justify;\">\n<h2><span>Uma execu\u00e7\u00e3o pol\u00edtica<\/span><\/h2>\n<\/div>\n<p style=\"text-align: justify;\"><span>Como D\u00e9cio n\u00e3o queria fazer m\u00e1rtires, a Igreja foi quase aniquilada pela nega\u00e7\u00e3o de um n\u00famero impressionante de sacerdotes e fi\u00e9is, e foi isso que lhe valeu a reputa\u00e7\u00e3o demon\u00edaca de ser o pior inimigo de Cristo.\u00a0Fabi\u00e1n, por outro lado, entendeu desde o in\u00edcio que submeter-se ao edital era renunciar \u00e0 f\u00e9 e recusou-se a faz\u00ea-lo.\u00a0Em 20 de janeiro de 251, foi decapitado, medida expedita at\u00edpica de D\u00e9cio, que mostrou que a liquida\u00e7\u00e3o do Papa era uma quest\u00e3o pol\u00edtica, devido aos seus la\u00e7os com Filipe e porque, com ele fora, a Igreja, privada de um l\u00edder, eu n\u00e3o resistiria mais ao Estado.\u00a0Assim come\u00e7ou uma das piores crises do catolicismo&#8230;<\/span><\/p>\n","protected":false},"excerpt":{"rendered":"<p>Eleito Papa de surpresa, o leigo Fabian foi o d\u00e9cimo nono sucessor de Pedro e revelou-se um grande pont\u00edfice, reformador e conselheiro do Imperador, embora tenha acabado decapitado, v\u00edtima da sua bravura na defesa da liberdade da Igreja. Talvez a convic\u00e7\u00e3o de que, apesar da intriga humana e dos c\u00e1lculos mesquinhos, o Papa \u00e9 nomeado [&hellip;]<\/p>\n","protected":false},"author":1,"featured_media":86904,"comment_status":"open","ping_status":"closed","sticky":false,"template":"","format":"standard","meta":{"footnotes":""},"categories":[4],"tags":[],"class_list":["post-86903","post","type-post","status-publish","format-standard","has-post-thumbnail","hentry","category-cotidiano"],"_links":{"self":[{"href":"https:\/\/catolicanet.net\/wp-cnet\/wp-json\/wp\/v2\/posts\/86903","targetHints":{"allow":["GET"]}}],"collection":[{"href":"https:\/\/catolicanet.net\/wp-cnet\/wp-json\/wp\/v2\/posts"}],"about":[{"href":"https:\/\/catolicanet.net\/wp-cnet\/wp-json\/wp\/v2\/types\/post"}],"author":[{"embeddable":true,"href":"https:\/\/catolicanet.net\/wp-cnet\/wp-json\/wp\/v2\/users\/1"}],"replies":[{"embeddable":true,"href":"https:\/\/catolicanet.net\/wp-cnet\/wp-json\/wp\/v2\/comments?post=86903"}],"version-history":[{"count":1,"href":"https:\/\/catolicanet.net\/wp-cnet\/wp-json\/wp\/v2\/posts\/86903\/revisions"}],"predecessor-version":[{"id":86906,"href":"https:\/\/catolicanet.net\/wp-cnet\/wp-json\/wp\/v2\/posts\/86903\/revisions\/86906"}],"wp:featuredmedia":[{"embeddable":true,"href":"https:\/\/catolicanet.net\/wp-cnet\/wp-json\/wp\/v2\/media\/86904"}],"wp:attachment":[{"href":"https:\/\/catolicanet.net\/wp-cnet\/wp-json\/wp\/v2\/media?parent=86903"}],"wp:term":[{"taxonomy":"category","embeddable":true,"href":"https:\/\/catolicanet.net\/wp-cnet\/wp-json\/wp\/v2\/categories?post=86903"},{"taxonomy":"post_tag","embeddable":true,"href":"https:\/\/catolicanet.net\/wp-cnet\/wp-json\/wp\/v2\/tags?post=86903"}],"curies":[{"name":"wp","href":"https:\/\/api.w.org\/{rel}","templated":true}]}}