{"id":86840,"date":"2024-02-14T09:09:38","date_gmt":"2024-02-14T12:09:38","guid":{"rendered":"https:\/\/catolicanet.net\/wp-cnet\/?p=86840"},"modified":"2024-02-05T16:10:47","modified_gmt":"2024-02-05T19:10:47","slug":"mensagem-do-papa-francisco-para-a-quaresma-2024","status":"publish","type":"post","link":"https:\/\/catolicanet.net\/wp-cnet\/mensagem-do-papa-francisco-para-a-quaresma-2024\/","title":{"rendered":"Mensagem do Papa Francisco para a Quaresma 2024"},"content":{"rendered":"<p style=\"text-align: justify;\">Como \u00e9 de costume todos os anos o Santo Padre, o Papa Francisco, publica uma mensagem para que todos os fi\u00e9is possam viver bem o santo tempo da Quaresma. Essa mensagem ser\u00e1 o norte que nos acompanhar\u00e1 ao longo de todo o tempo quaresmal. A Quaresma \u00e9 um caminho, ou seja, devemos passar um tempo no deserto junto com Jesus e ao final da Quaresma sair do deserto e n\u00e3o ficar nele. Dessa forma, devemos sair do deserto e ser luz na vida dos outros e n\u00e3o escurid\u00e3o. A humanidade precisa sair da escurid\u00e3o do deserto e caminhar para a luz.<\/p>\n<p style=\"text-align: justify;\">O Papa Francisco inicia a mensagem com um vers\u00edculo do \u00caxodo que diz: <em>\u201cEu sou o Senhor teu Deus que te fez sair da terra do Egito, da casa da servid\u00e3o\u201d. <\/em>Esse trecho do livro do \u00caxodo retrata aquilo que foi dito no in\u00edcio, n\u00e3o podemos ficar parados no deserto, mas o Senhor nos chama a sair e anunciar aos outros a alegria de servi-lo e, ainda, que Ele nos liberta do pecado. Esse trecho retrata ainda o significado da P\u00e1scoa para o povo judeu, que \u00e9 a passagem da escravid\u00e3o para a liberdade. Esse significado tamb\u00e9m serve para n\u00f3s hoje, pois somos convidados a nos libertarmos de nossos pecados e nos sentirmos livres para amar e servir a Deus e ao pr\u00f3ximo.<\/p>\n<p style=\"text-align: justify;\">O Papa Francisco alerta, ainda, em sua mensagem que a humanidade traz reflexos do \u00eaxodo at\u00e9 os dias de hoje. Sobretudo quando os ricos e poderosos desse mundo oprimem os pobres, e quando os pobres n\u00e3o conseguem enxergar a \u201cterra prometida\u201d e sair dessa opress\u00e3o do deserto. Nos sentimos no deserto quando uma na\u00e7\u00e3o mais rica quer atacar a na\u00e7\u00e3o mais pobre, quando o \u00f3dio supera o amor, ou a guerra supera o di\u00e1logo. Com certeza a Ucr\u00e2nia quer sair do \u201cdeserto\u201d e chegar \u00e0 terra prometida. Por esses tempos vemos tamb\u00e9m a guerra na entre Israel X Ramas, infelizmente vemos aqui o \u00f3dio superando o amor e o poder superando a humildade. Infelizmente nenhum lado quer ceder e assim a guerra continua.<\/p>\n<p style=\"text-align: justify;\">Meus irm\u00e3os, rezemos para que essas duas grandes guerras cessem de uma vez por todas e os inocentes n\u00e3o paguem por aquilo que os l\u00edderes de seus pa\u00edses definiram. Infelizmente a humanidade est\u00e1 tra\u00e7ando um caminho muito ruim, e como disse o Papa a humanidade est\u00e1 presa ao deserto, a humanidade s\u00f3 ser\u00e1 melhor quando conseguir sair do deserto e ser livre para amar e dialogar com o pr\u00f3ximo.<\/p>\n<p style=\"text-align: justify;\">O deserto \u00e9 o lugar do \u201cprimeiro amor\u201d afirma o Papa, ou seja, o deserto \u00e9 o lugar do encontro com Deus. Quando realizamos um retiro espiritual, ao longo desse retiro temos o momento do deserto, ou seja, momento prop\u00edcio para o encontro com o Senhor. Do mesmo modo \u00e9 o tempo da Quaresma, \u00e9 um retiro de quarenta dias em que somos chamados a ir ao deserto para nos encontrarmos com o Senhor. Quando nos encontramos com o Senhor, Ele nos chama para sair do deserto e transmitir esse amor que Ele tem por n\u00f3s a quem encontrarmos. Na experi\u00eancia do deserto somos chamados a deixar de lado o \u201cvelho homem\u201d e ao sair do deserto somos chamados a nos tornar \u201chomens novos\u201d. A Quaresma tem essa din\u00e2mica, temos de come\u00e7\u00e1-la de uma forma na Quarta-feira de Cinzas e chegar de outra forma no Domingo de P\u00e1scoa, passar do calv\u00e1rio \u00e0 ressurrei\u00e7\u00e3o.<\/p>\n<p style=\"text-align: justify;\">O Sumo Pont\u00edfice ainda diz que a experi\u00eancia do deserto deve nos fazer ver a realidade que est\u00e1 a nossa volta, ou seja, tantos irm\u00e3os e irm\u00e3s oprimidos, passando fome, sem trabalho, vivendo nas ruas das grandes cidades, na\u00e7\u00f5es em guerra. N\u00f3s como crist\u00e3os cat\u00f3licos temos que tomar uma atitude, olhar essa situa\u00e7\u00e3o e procurar reverter isso. Primeiramente rezar pelo fim das guerras, conforme j\u00e1 dissemos, em segundo lugar ajudar os irm\u00e3os necessitados ofertando alimentos, roupas e etc. E em terceiro lugar promover junto \u00e0s autoridades pol\u00edticas p\u00fablicas para tentar reverter essa situa\u00e7\u00e3o dos moradores em situa\u00e7\u00e3o de rua e desempregados.<\/p>\n<p style=\"text-align: justify;\">De alguma forma a situa\u00e7\u00e3o que envolve o nosso planeta atualmente deve mexer conosco, cada um de n\u00f3s deve se preocupar com o rumo que est\u00e3o tomando essas guerras, o desemprego, a fome, e a situa\u00e7\u00e3o de tantos desabrigados. Al\u00e9m do aquecimento global e outras coisas que mexem com a vida de cada um de n\u00f3s. N\u00e3o podemos ficar indiferentes a isso, o que tiver ao nosso alcance deveremos fazer.<\/p>\n<p style=\"text-align: justify;\">O Romano Pont\u00edfice afirma aquilo que j\u00e1 dissemos aqui, que a Quaresma \u00e9 tempo de convers\u00e3o e mudan\u00e7a de vida. Um tempo de liberdade, Deus n\u00e3o se cansou de n\u00f3s e nem nos abandona. Esse tempo de retiro quaresmal \u00e9 um per\u00edodo para nos voltarmos ao Senhor pedir o seu perd\u00e3o, e Ele est\u00e1 sempre pronto a acolher o nosso pedido de perd\u00e3o. N\u00e3o podemos ser escravos do pecado, mas livres para amar e servir a Deus e ao pr\u00f3ximo.<\/p>\n<p style=\"text-align: justify;\">Temos que tomar cuidado com os \u00eddolos, ou seja, muitas vezes \u201cendeusamos\u201d pessoas ou coisas, mas lembremos sempre que nada e nem ningu\u00e9m deve ocupar o lugar de Deus. Ele deve ser o primeiro sempre na nossa vida. At\u00e9 mesmo a mentira, o pecado, o dinheiro, enfim, podem se tornar nosso \u00eddolo se n\u00e3o tomarmos cuidado. Ele \u00e9 nosso \u00fanico Deus e devemos ador\u00e1-lo e servi-lo.<\/p>\n<p style=\"text-align: justify;\">O Papa Francisco afirma que a quaresma \u00e9 agir, ou seja, agir por meio da ora\u00e7\u00e3o, acolhendo a Palavra de Deus dentro de n\u00f3s e dentro da nossa casa. Lembrando ainda os tr\u00eas exerc\u00edcios espirituais da Quaresma que s\u00e3o: Ora\u00e7\u00e3o, Jejum e a caridade, e segundo o Papa, os tr\u00eas est\u00e3o interligados, n\u00e3o s\u00e3o separados. O Jejum e a caridade s\u00e3o frutos de um cora\u00e7\u00e3o que orante.<\/p>\n<p style=\"text-align: justify;\">Por fim, o amado Sumo Pont\u00edfice ainda afirma que a Quaresma \u00e9 um caminho de decis\u00f5es comunit\u00e1rias, ou seja, devemos acolher o pr\u00f3ximo, sobretudo os de nossa comunidade paroquial. Se temos desaven\u00e7a com algu\u00e9m ao longo desse tempo quaresmal devemos procurar nos reconciliar com essa pessoa. Inclusive na comunidade paroquial n\u00e3o deve haver desaven\u00e7as, pois todos devem estar unidos num \u00fanico objetivo amar e servir a Deus e ao pr\u00f3ximo.<\/p>\n<p style=\"text-align: justify;\">Desejo a todos um frutuoso tempo quaresmal e que atrav\u00e9s dos exerc\u00edcios quaresmais: penit\u00eancia, ora\u00e7\u00e3o e caridade, possamos nos aproximar mais de Deus e servir melhor aos nossos irm\u00e3os. Atrav\u00e9s desse tempo quaresmal possamos fazer o caminho do deserto, mas que ao chegar a P\u00e1scoa saiamos do deserto e sejamos luz na vida de quem precisar. Que passemos do calv\u00e1rio a ressurrei\u00e7\u00e3o. Am\u00e9m.<\/p>\n","protected":false},"excerpt":{"rendered":"<p>Como \u00e9 de costume todos os anos o Santo Padre, o Papa Francisco, publica uma mensagem para que todos os fi\u00e9is possam viver bem o santo tempo da Quaresma. Essa mensagem ser\u00e1 o norte que nos acompanhar\u00e1 ao longo de todo o tempo quaresmal. A Quaresma \u00e9 um caminho, ou seja, devemos passar um tempo [&hellip;]<\/p>\n","protected":false},"author":5,"featured_media":55819,"comment_status":"open","ping_status":"closed","sticky":false,"template":"","format":"standard","meta":{"footnotes":""},"categories":[9],"tags":[],"class_list":["post-86840","post","type-post","status-publish","format-standard","has-post-thumbnail","hentry","category-artigos"],"_links":{"self":[{"href":"https:\/\/catolicanet.net\/wp-cnet\/wp-json\/wp\/v2\/posts\/86840","targetHints":{"allow":["GET"]}}],"collection":[{"href":"https:\/\/catolicanet.net\/wp-cnet\/wp-json\/wp\/v2\/posts"}],"about":[{"href":"https:\/\/catolicanet.net\/wp-cnet\/wp-json\/wp\/v2\/types\/post"}],"author":[{"embeddable":true,"href":"https:\/\/catolicanet.net\/wp-cnet\/wp-json\/wp\/v2\/users\/5"}],"replies":[{"embeddable":true,"href":"https:\/\/catolicanet.net\/wp-cnet\/wp-json\/wp\/v2\/comments?post=86840"}],"version-history":[{"count":1,"href":"https:\/\/catolicanet.net\/wp-cnet\/wp-json\/wp\/v2\/posts\/86840\/revisions"}],"predecessor-version":[{"id":86841,"href":"https:\/\/catolicanet.net\/wp-cnet\/wp-json\/wp\/v2\/posts\/86840\/revisions\/86841"}],"wp:featuredmedia":[{"embeddable":true,"href":"https:\/\/catolicanet.net\/wp-cnet\/wp-json\/wp\/v2\/media\/55819"}],"wp:attachment":[{"href":"https:\/\/catolicanet.net\/wp-cnet\/wp-json\/wp\/v2\/media?parent=86840"}],"wp:term":[{"taxonomy":"category","embeddable":true,"href":"https:\/\/catolicanet.net\/wp-cnet\/wp-json\/wp\/v2\/categories?post=86840"},{"taxonomy":"post_tag","embeddable":true,"href":"https:\/\/catolicanet.net\/wp-cnet\/wp-json\/wp\/v2\/tags?post=86840"}],"curies":[{"name":"wp","href":"https:\/\/api.w.org\/{rel}","templated":true}]}}