{"id":86826,"date":"2024-02-01T09:29:30","date_gmt":"2024-02-01T12:29:30","guid":{"rendered":"https:\/\/catolicanet.net\/wp-cnet\/?p=86826"},"modified":"2024-02-01T14:33:16","modified_gmt":"2024-02-01T17:33:16","slug":"como-neutralizar-o-vicio-da-raiva-segundo-o-papa","status":"publish","type":"post","link":"https:\/\/catolicanet.net\/wp-cnet\/como-neutralizar-o-vicio-da-raiva-segundo-o-papa\/","title":{"rendered":"Como neutralizar o v\u00edcio da raiva segundo o Papa"},"content":{"rendered":"<p style=\"text-align: justify;\"><span class=\"subtitle\"><span>Durante a audi\u00eancia geral de 31 de janeiro, o Papa Francisco lembrou que o homem n\u00e3o \u00e9 respons\u00e1vel pelo aparecimento da raiva, mas pelo seu desenvolvimento e ofereceu quatro qualidades para neutraliz\u00e1-la.<\/span><\/span><\/p>\n<p style=\"text-align: justify;\"><span>O Papa Francisco alertou contra a raiva, o \u201cterr\u00edvel v\u00edcio\u201d que destr\u00f3i as rela\u00e7\u00f5es humanas, durante a sua <\/span><span>audi\u00eancia geral em 31 de janeiro de 2024.<\/span><span>\u00a0Diante de v\u00e1rios milhares de pessoas reunidas na Sala Paulo VI do Vaticano, ele ofereceu alguns rem\u00e9dios para combater este v\u00edcio e estabeleceu uma distin\u00e7\u00e3o entre &#8220;indigna\u00e7\u00e3o santa&#8221; e raiva maligna.<\/span><\/p>\n<p style=\"text-align: justify;\"><span>Depois da gula, da lux\u00faria e da gan\u00e2ncia,\u00a0<\/span><span>o Papa Francisco<\/span><span>\u00a0continuou a sua s\u00e9rie de catequeses sobre os v\u00edcios e as virtudes, aprofundando-se no tema da raiva.<\/span><\/p>\n<p style=\"text-align: justify;\"><span>\u201c\u00c9 um v\u00edcio que destr\u00f3i as rela\u00e7\u00f5es humanas\u201d, alertou o pont\u00edfice de 87 anos, um v\u00edcio \u201ccapaz de nos privar do sono\u201d e que muitas vezes est\u00e1 na origem de guerras e viol\u00eancias. \u00c9 claro que o homem \u201cn\u00e3o \u00e9 respons\u00e1vel pelo aparecimento da raiva\u201d, reconheceu ele, \u201cmas sempre pelo seu desenvolvimento\u201d.<\/span><\/p>\n<div class=\"block-image-copyrigth-wrap\" style=\"text-align: justify;\">\n<figure class=\"wp-block-image size-large\"><img loading=\"lazy\" decoding=\"async\" class=\"wp-image-796234\" src=\"https:\/\/wp.es.aleteia.org\/wp-content\/uploads\/sites\/7\/2024\/01\/Pope-Francis-Audience-Jan-31-2024-Antoine-Mekary-ALETEIA-AM_2734.jpg?w=1024\" sizes=\"auto, (max-width: 3000px) 100vw, 3000px\" srcset=\"https:\/\/wp.es.aleteia.org\/wp-content\/uploads\/sites\/7\/2024\/01\/Pope-Francis-Audience-Jan-31-2024-Antoine-Mekary-ALETEIA-AM_2734.jpg 3000w, https:\/\/wp.es.aleteia.org\/wp-content\/uploads\/sites\/7\/2024\/01\/Pope-Francis-Audience-Jan-31-2024-Antoine-Mekary-ALETEIA-AM_2734.jpg?resize=150,100 150w, https:\/\/wp.es.aleteia.org\/wp-content\/uploads\/sites\/7\/2024\/01\/Pope-Francis-Audience-Jan-31-2024-Antoine-Mekary-ALETEIA-AM_2734.jpg?resize=300,200 300w, https:\/\/wp.es.aleteia.org\/wp-content\/uploads\/sites\/7\/2024\/01\/Pope-Francis-Audience-Jan-31-2024-Antoine-Mekary-ALETEIA-AM_2734.jpg?resize=1024,683 1024w, https:\/\/wp.es.aleteia.org\/wp-content\/uploads\/sites\/7\/2024\/01\/Pope-Francis-Audience-Jan-31-2024-Antoine-Mekary-ALETEIA-AM_2734.jpg?resize=1536,1024 1536w, https:\/\/wp.es.aleteia.org\/wp-content\/uploads\/sites\/7\/2024\/01\/Pope-Francis-Audience-Jan-31-2024-Antoine-Mekary-ALETEIA-AM_2734.jpg?resize=2048,1365 2048w, https:\/\/wp.es.aleteia.org\/wp-content\/uploads\/sites\/7\/2024\/01\/Pope-Francis-Audience-Jan-31-2024-Antoine-Mekary-ALETEIA-AM_2734.jpg?resize=620,413 620w, https:\/\/wp.es.aleteia.org\/wp-content\/uploads\/sites\/7\/2024\/01\/Pope-Francis-Audience-Jan-31-2024-Antoine-Mekary-ALETEIA-AM_2734.jpg?resize=360,240 360w, https:\/\/wp.es.aleteia.org\/wp-content\/uploads\/sites\/7\/2024\/01\/Pope-Francis-Audience-Jan-31-2024-Antoine-Mekary-ALETEIA-AM_2734.jpg?resize=1140,760 1140w, https:\/\/wp.es.aleteia.org\/wp-content\/uploads\/sites\/7\/2024\/01\/Pope-Francis-Audience-Jan-31-2024-Antoine-Mekary-ALETEIA-AM_2734.jpg?resize=375,250 375w, https:\/\/wp.es.aleteia.org\/wp-content\/uploads\/sites\/7\/2024\/01\/Pope-Francis-Audience-Jan-31-2024-Antoine-Mekary-ALETEIA-AM_2734.jpg?resize=630,420 630w, https:\/\/wp.es.aleteia.org\/wp-content\/uploads\/sites\/7\/2024\/01\/Pope-Francis-Audience-Jan-31-2024-Antoine-Mekary-ALETEIA-AM_2734.jpg?resize=266,177 266w\" alt=\"Papa Francisco aben\u00e7oa fi\u00e9is no final de sua audi\u00eancia geral semanal na Sala Paulo VI do Vaticano\" width=\"3000\" height=\"2000\" \/><\/figure>\n<div class=\"copyright-text\" style=\"text-align: center;\"><span>Antoine Mekary | ALETEIA<\/span><\/div>\n<\/div>\n<p style=\"text-align: justify;\"><span>O Papa falou de situa\u00e7\u00f5es em que \u201ccome\u00e7amos a odiar o tom de voz\u201d de outra pessoa que n\u00e3o pensa da mesma forma, ou daqueles momentos em que a raiva n\u00e3o \u00e9 desencadeada contra o culpado, \u201cmas contra o primeiro infeliz. Tal \u00e9 o caso dos homens que cont\u00eam a sua raiva no trabalho \u201cmas que, uma vez em casa, se tornam insuport\u00e1veis \u200b\u200bpara as suas esposas e filhos\u201d.<\/span><\/p>\n<p style=\"text-align: justify;\"><span>\u201cUma das caracter\u00edsticas da raiva \u00e9 que nem sempre se acalma com o tempo\u201d, continuou o Papa, convidando todos a resolver \u201cimediatamente\u201d os mal-entendidos e os erros que causam a raiva, porque podem fazer com que as pessoas \u201cperdam a cabe\u00e7a\u201d. lucidez&#8221;. \u201cPortanto, todos devemos aprender a perdoar\u201d, insistiu o chefe da Igreja Cat\u00f3lica.<\/span><\/p>\n<p style=\"text-align: justify;\"><span>Oferecendo alguns rem\u00e9dios para as pessoas iradas, o Papa listou\u00a0<\/span><strong><span>as coisas que podem \u201ccontrabalan\u00e7ar\u201d este v\u00edcio:<\/span><\/strong><span> \u201c\u00e9 a benevol\u00eancia, a abertura do cora\u00e7\u00e3o, a gentileza, a paci\u00eancia\u201d.<\/span><\/p>\n<div class=\"wp-block-aleteia-heading3\" style=\"text-align: justify;\">\n<h2><span>A raiva pode ser saud\u00e1vel<\/span><\/h2>\n<\/div>\n<p style=\"text-align: justify;\"><span>No final da sua catequese, o Papa distinguiu entre \u201csanta indigna\u00e7\u00e3o\u201d e \u201cm\u00e1\u201d raiva. \u201cSe uma pessoa nunca se irrita, se n\u00e3o se indigna com a justi\u00e7a, se n\u00e3o sente uma agita\u00e7\u00e3o nas entranhas pela opress\u00e3o de uma pessoa fraca, isso significaria que ela n\u00e3o \u00e9 humana e muito menos crist\u00e3\u201d, alertou. o Bispo de Roma.<\/span><\/p>\n<div id=\"article-desk-content-p6-ad\" class=\"adslot ay css-p8k4vw\" style=\"text-align: justify;\" data-ay-manager-id=\"article-desk-content-p6-ad\" data-google-query-id=\"CIvi1K_VioQDFaZY3QIdO2IHlQ\">\n<div id=\"google_ads_iframe_64500793\/ES_DESK_ARTICLE_WELCOME_1X1_1__container__\"><\/div>\n<\/div>\n<p style=\"text-align: justify;\"><span>Finalmente, o Papa encorajou todos a encontrarem a \u201cjusta medida das paix\u00f5es\u201d e a \u201ceduc\u00e1-los\u201d para que \u201cse orientem para o bem\u201d.<\/span><\/p>\n<div class=\"wp-block-aleteia-heading3\" style=\"text-align: justify;\">\n<h2><span>Confira as imagens do p\u00fablico:<\/span><\/h2>\n<\/div>\n<div class=\"wp-block-aleteia-slideshow\" style=\"text-align: justify;\"><img loading=\"lazy\" decoding=\"async\" src=\"https:\/\/wp.es.aleteia.org\/wp-content\/uploads\/sites\/7\/2024\/01\/Pope-Francis-Audience-Jan-31-2024-Antoine-Mekary-ALETEIA-AM_3154.jpg?w=620&amp;h=310&amp;crop=1\" alt=\"Como neutralizar o v\u00edcio da raiva segundo o Papa Francisco\" width=\"620\" height=\"310\" \/><\/div>\n<div><img decoding=\"async\" src=\"https:\/\/wp.es.aleteia.org\/wp-content\/uploads\/sites\/7\/2024\/01\/Pope-Francis-Audience-Jan-31-2024-Antoine-Mekary-ALETEIA-AM_2951.jpg?w=1920\" \/><\/div>\n<div><img decoding=\"async\" src=\"https:\/\/wp.es.aleteia.org\/wp-content\/uploads\/sites\/7\/2024\/01\/Pope-Francis-Audience-Jan-31-2024-Antoine-Mekary-ALETEIA-AM_2998.jpg?w=1920\" \/><\/div>\n<div><img decoding=\"async\" src=\"https:\/\/wp.es.aleteia.org\/wp-content\/uploads\/sites\/7\/2024\/01\/Pope-Francis-Audience-Jan-31-2024-Antoine-Mekary-ALETEIA-AM_2806.jpg?w=1920\" \/><\/div>\n<div><img decoding=\"async\" src=\"https:\/\/wp.es.aleteia.org\/wp-content\/uploads\/sites\/7\/2024\/01\/Pope-Francis-Audience-Jan-31-2024-Antoine-Mekary-ALETEIA-AM_2788.jpg?w=1920\" \/><\/div>\n<div><img decoding=\"async\" src=\"https:\/\/wp.es.aleteia.org\/wp-content\/uploads\/sites\/7\/2024\/01\/Pope-Francis-Audience-Jan-31-2024-Antoine-Mekary-ALETEIA-AM_2901.jpg?w=1920\" \/><\/div>\n<div><img decoding=\"async\" src=\"https:\/\/wp.es.aleteia.org\/wp-content\/uploads\/sites\/7\/2024\/01\/Pope-Francis-Audience-Jan-31-2024-Antoine-Mekary-ALETEIA-AM_2729.jpg?w=1920\" \/><\/div>\n<div><img decoding=\"async\" src=\"https:\/\/wp.es.aleteia.org\/wp-content\/uploads\/sites\/7\/2024\/01\/Pope-Francis-Audience-Jan-31-2024-Antoine-Mekary-ALETEIA-AM_2669.jpg?w=1920\" \/><\/div>\n<div><img decoding=\"async\" src=\"https:\/\/wp.es.aleteia.org\/wp-content\/uploads\/sites\/7\/2024\/01\/Pope-Francis-Audience-Jan-31-2024-Antoine-Mekary-ALETEIA-AM_2674.jpg?w=1920\" \/><\/div>\n<div><img decoding=\"async\" src=\"https:\/\/wp.es.aleteia.org\/wp-content\/uploads\/sites\/7\/2024\/01\/Pope-Francis-Audience-Jan-31-2024-Antoine-Mekary-ALETEIA-AM_2612.jpg?w=1920\" \/><\/div>\n<div><img decoding=\"async\" src=\"https:\/\/wp.es.aleteia.org\/wp-content\/uploads\/sites\/7\/2024\/01\/Pope-Francis-Audience-Jan-31-2024-Antoine-Mekary-ALETEIA-AM_2596.jpg?w=1920\" \/><\/div>\n<div><\/div>\n","protected":false},"excerpt":{"rendered":"<p>Durante a audi\u00eancia geral de 31 de janeiro, o Papa Francisco lembrou que o homem n\u00e3o \u00e9 respons\u00e1vel pelo aparecimento da raiva, mas pelo seu desenvolvimento e ofereceu quatro qualidades para neutraliz\u00e1-la. O Papa Francisco alertou contra a raiva, o \u201cterr\u00edvel v\u00edcio\u201d que destr\u00f3i as rela\u00e7\u00f5es humanas, durante a sua audi\u00eancia geral em 31 de [&hellip;]<\/p>\n","protected":false},"author":1,"featured_media":86827,"comment_status":"open","ping_status":"closed","sticky":false,"template":"","format":"standard","meta":{"footnotes":""},"categories":[4],"tags":[],"class_list":["post-86826","post","type-post","status-publish","format-standard","has-post-thumbnail","hentry","category-cotidiano"],"_links":{"self":[{"href":"https:\/\/catolicanet.net\/wp-cnet\/wp-json\/wp\/v2\/posts\/86826","targetHints":{"allow":["GET"]}}],"collection":[{"href":"https:\/\/catolicanet.net\/wp-cnet\/wp-json\/wp\/v2\/posts"}],"about":[{"href":"https:\/\/catolicanet.net\/wp-cnet\/wp-json\/wp\/v2\/types\/post"}],"author":[{"embeddable":true,"href":"https:\/\/catolicanet.net\/wp-cnet\/wp-json\/wp\/v2\/users\/1"}],"replies":[{"embeddable":true,"href":"https:\/\/catolicanet.net\/wp-cnet\/wp-json\/wp\/v2\/comments?post=86826"}],"version-history":[{"count":1,"href":"https:\/\/catolicanet.net\/wp-cnet\/wp-json\/wp\/v2\/posts\/86826\/revisions"}],"predecessor-version":[{"id":86829,"href":"https:\/\/catolicanet.net\/wp-cnet\/wp-json\/wp\/v2\/posts\/86826\/revisions\/86829"}],"wp:featuredmedia":[{"embeddable":true,"href":"https:\/\/catolicanet.net\/wp-cnet\/wp-json\/wp\/v2\/media\/86827"}],"wp:attachment":[{"href":"https:\/\/catolicanet.net\/wp-cnet\/wp-json\/wp\/v2\/media?parent=86826"}],"wp:term":[{"taxonomy":"category","embeddable":true,"href":"https:\/\/catolicanet.net\/wp-cnet\/wp-json\/wp\/v2\/categories?post=86826"},{"taxonomy":"post_tag","embeddable":true,"href":"https:\/\/catolicanet.net\/wp-cnet\/wp-json\/wp\/v2\/tags?post=86826"}],"curies":[{"name":"wp","href":"https:\/\/api.w.org\/{rel}","templated":true}]}}