{"id":86814,"date":"2024-02-01T09:19:04","date_gmt":"2024-02-01T12:19:04","guid":{"rendered":"https:\/\/catolicanet.net\/wp-cnet\/?p=86814"},"modified":"2024-02-01T14:20:57","modified_gmt":"2024-02-01T17:20:57","slug":"papa-educacao-catolica-nao-significa-fechamento-e-preciso-expandir-o-coracao","status":"publish","type":"post","link":"https:\/\/catolicanet.net\/wp-cnet\/papa-educacao-catolica-nao-significa-fechamento-e-preciso-expandir-o-coracao\/","title":{"rendered":"Papa: educa\u00e7\u00e3o cat\u00f3lica n\u00e3o significa fechamento, \u00e9 preciso expandir o cora\u00e7\u00e3o"},"content":{"rendered":"<figure class=\"article__image\" style=\"text-align: justify;\"><span class=\"didascalia_img\">O Papa recebe uma delega\u00e7\u00e3o da Universidade de Notre Dame\u00a0 (Vatican Media)<\/span><\/figure>\n<div class=\"article__meta audioInside\" data-mediatype=\"\">\n<div class=\"article__subTitle\" style=\"text-align: justify;\">Na manh\u00e3 desta quinta-feira (01\/02), Francisco recebeu em audi\u00eancia uma delega\u00e7\u00e3o da Universidade de Notre Dame. Em seu discurso, o Pont\u00edfice incentivou os esfor\u00e7os para promover entre os estudantes &#8220;um compromisso com as necessidades das comunidades desfavorecidas&#8221; e pediu aos educadores que ajudem os jovens a &#8220;sonhar&#8221; e &#8220;cultivar uma abertura para tudo o que \u00e9 verdadeiro, bom e belo&#8221;.<\/div>\n<div class=\"title__separator\" style=\"text-align: justify;\"><\/div>\n<div class=\"article__text\">\n<p style=\"text-align: justify;\"><b>Thulio Fonseca &#8211; Vatican News\u00a0<\/b><\/p>\n<div style=\"text-align: justify;\">\n<div class=\"article__embed article__embed--unwrap article__embed--dark\">\n<div class=\"article__innerTitle\">Ou\u00e7a com a voz do Papa e compartilhe<\/div>\n<div>\n<!--[if lt IE 9]><script>document.createElement('audio');<\/script><![endif]-->\n<audio class=\"wp-audio-shortcode\" id=\"audio-86814-1\" preload=\"none\" style=\"width: 100%;\" controls=\"controls\"><source type=\"audio\/mpeg\" src=\"https:\/\/media.vaticannews.va\/media\/audio\/s1\/2024\/02\/01\/11\/137667209_F137667209.mp3?_=1\" \/><a href=\"https:\/\/media.vaticannews.va\/media\/audio\/s1\/2024\/02\/01\/11\/137667209_F137667209.mp3\">https:\/\/media.vaticannews.va\/media\/audio\/s1\/2024\/02\/01\/11\/137667209_F137667209.mp3<\/a><\/audio>\n<\/div>\n<\/div>\n<\/div>\n<p style=\"text-align: justify;\">Na manh\u00e3 desta quinta-feira, 1\u00ba de fevereiro, o Papa Francisco recebeu em audi\u00eancia no Vaticano, uma delega\u00e7\u00e3o da Universidade de Notre Dame, localizada em South Bend, Indiana, nos Estados Unidos. Durante o encontro, o Pont\u00edfice proferiu um discurso e enalteceu a miss\u00e3o da institui\u00e7\u00e3o cat\u00f3lica em promover a educa\u00e7\u00e3o integral da juventude.<\/p>\n<p style=\"text-align: justify;\">\u201cDesde sua funda\u00e7\u00e3o, a Universidade de Notre Dame tem se dedicado a promover a miss\u00e3o da Igreja de proclamar o Evangelho por meio da forma\u00e7\u00e3o de cada pessoa em todas as suas dimens\u00f5es.&#8221;, afirmou o Pont\u00edfice, ao recordar uma frase do fundador da Congrega\u00e7\u00e3o de Santa Cruz, que mant\u00e9m a universidade:<\/p>\n<p style=\"text-align: justify;\"><i>\u201cDe fato, como disse o Beato Basil Moreau, &#8220;a educa\u00e7\u00e3o crist\u00e3 \u00e9 a arte de conduzir os jovens \u00e0 plenitude&#8221;. E n\u00e3o apenas com a cabe\u00e7a, mas com as tr\u00eas linguagens: cabe\u00e7a, cora\u00e7\u00e3o e m\u00e3os. Este \u00e9 o segredo da educa\u00e7\u00e3o: que pense no que sente e no que faz, que sinta o que pensa e o que faz, e que fa\u00e7a o que sente e o que pensa. Esse \u00e9 o n\u00facleo, n\u00e3o se esque\u00e7a. E sobre esse assunto de conduzir \u00e0 maturidade, gostaria de refletir com voc\u00eas por um momento sobre tr\u00eas linguagens: a da cabe\u00e7a, a do cora\u00e7\u00e3o e a das m\u00e3os. Juntas, elas formam um horizonte dentro do qual as comunidades acad\u00eamicas cat\u00f3licas podem se esfor\u00e7ar para formar personalidades s\u00f3lidas e bem integradas, cuja vis\u00e3o da vida \u00e9 animada pelos ensinamentos de Cristo.\u201d<\/i><\/p>\n<h2 style=\"text-align: justify;\">Harmonia entre f\u00e9 e raz\u00e3o<\/h2>\n<p style=\"text-align: justify;\">Ao falar sobre a educa\u00e7\u00e3o da \u201ccabe\u00e7a\u201d, Francisco destacou a necessidade de buscar o conhecimento por meio do estudo e da pesquisa acad\u00eamica, e destacou a import\u00e2ncia da harmonia entre f\u00e9 e raz\u00e3o:<\/p>\n<p style=\"text-align: justify;\"><i>\u201cOs esfor\u00e7os educacionais empreendidos pelas institui\u00e7\u00f5es cat\u00f3licas, de fato, baseiam-se na firme convic\u00e7\u00e3o da harmonia intr\u00ednseca entre f\u00e9 e raz\u00e3o da qual decorre a relev\u00e2ncia da mensagem crist\u00e3 para todas as esferas da vida, pessoal e social. Consequentemente, tanto os educadores quanto os alunos s\u00e3o chamados a apreciar cada vez mais, al\u00e9m do valor do aprendizado em geral, a riqueza da tradi\u00e7\u00e3o intelectual cat\u00f3lica em particular. A tradi\u00e7\u00e3o intelectual existe, o que n\u00e3o significa fechamento, n\u00e3o, \u00e9 abertura; existe uma tradi\u00e7\u00e3o intelectual que devemos preservar e sempre cultivar\u201d.<\/i><\/p>\n<h2 style=\"text-align: justify;\">O papel essencial da religi\u00e3o<\/h2>\n<p style=\"text-align: justify;\">Sobre a educa\u00e7\u00e3o do \u201ccora\u00e7\u00e3o\u201d, o Santo Padre instou a comunidade universit\u00e1ria a acompanhar os jovens com sabedoria e respeito, ajudando-os a cultivar uma abertura para a verdade, o bem e o belo. Ao enfatizar a import\u00e2ncia de promover o di\u00e1logo e a cultura do encontro para construir relacionamentos genu\u00ednos e fraternos, Francisco questionou os educadores:<\/p>\n<p style=\"text-align: justify;\"><i>\u201cVoc\u00eas ajudam os jovens a sonhar? Isso tamb\u00e9m significa promover o di\u00e1logo e a cultura do encontro, para que todos possam aprender a reconhecer, apreciar e amar a todos como irm\u00e3os e irm\u00e3s e, acima de tudo, como filhos amados de Deus. Nesse sentido, n\u00e3o podemos ignorar o papel essencial da religi\u00e3o na educa\u00e7\u00e3o do cora\u00e7\u00e3o das pessoas.\u201d<\/i><\/p>\n<h2 style=\"text-align: justify;\">Construir um mundo melhor<\/h2>\n<p style=\"text-align: justify;\">O \u00faltimo ponto que o Papa sublinhou foi a educa\u00e7\u00e3o que acontece tamb\u00e9m atrav\u00e9s das \u201cm\u00e3os\u201d, e encorajou a universidade a ir al\u00e9m dos muros acad\u00eamicos, incentivando seus alunos a se comprometerem com a constru\u00e7\u00e3o de um mundo melhor:<\/p>\n<p style=\"text-align: justify;\"><i>\u201cN\u00e3o podemos permanecer fechados dentro dos muros ou limites de nossas institui\u00e7\u00f5es, mas devemos nos esfor\u00e7ar para ir \u00e0s periferias, para encontrar e servir a Cristo em nosso pr\u00f3ximo. Nesse sentido, incentivo os esfor\u00e7os cont\u00ednuos da Universidade para promover em seus alunos o compromisso de solidariedade com as necessidades das comunidades mais desfavorecidas.\u201d<\/i><\/p>\n<p style=\"text-align: justify;\">Ao concluir, Francisco pediu aos presentes na audi\u00eancia a permanecer consistentemente fiel ao car\u00e1ter e identidade como uma institui\u00e7\u00e3o cat\u00f3lica de ensino superior: \u201cespero que vossas contribui\u00e7\u00f5es continuem a aprimorar o legado da s\u00f3lida educa\u00e7\u00e3o cat\u00f3lica e permitam que ela seja na sociedade, como desejava seu fundador, padre Edward Sorin, \u2018um poderoso meio para o bem\u2019.\u201d<\/p>\n<h2 style=\"text-align: justify;\">Universidade de Notre Dame<\/h2>\n<p style=\"text-align: justify;\">A Universidade de Notre Dame, fundada em 1842 pelo padre franc\u00eas Edward Sorin, religioso da\u00a0 Congrega\u00e7\u00e3o de Santa Cruz, \u00e9 uma das institui\u00e7\u00f5es mais respeitadas dos Estados Unidos e do mundo, conhecida por sua excel\u00eancia acad\u00eamica e seu compromisso com os valores crist\u00e3os. Com aproximadamente 8 mil alunos, a universidade continua a inspirar gera\u00e7\u00f5es com sua busca pela verdade, bondade e beleza, mantendo vivo o legado de uma educa\u00e7\u00e3o integral.<\/p>\n<div class=\"promotion_nl\">\n<p style=\"text-align: justify;\">\n<\/div>\n<\/div>\n<\/div>\n","protected":false},"excerpt":{"rendered":"<p>O Papa recebe uma delega\u00e7\u00e3o da Universidade de Notre Dame\u00a0 (Vatican Media) Na manh\u00e3 desta quinta-feira (01\/02), Francisco recebeu em audi\u00eancia uma delega\u00e7\u00e3o da Universidade de Notre Dame. Em seu discurso, o Pont\u00edfice incentivou os esfor\u00e7os para promover entre os estudantes &#8220;um compromisso com as necessidades das comunidades desfavorecidas&#8221; e pediu aos educadores que ajudem [&hellip;]<\/p>\n","protected":false},"author":1,"featured_media":86815,"comment_status":"open","ping_status":"closed","sticky":false,"template":"","format":"standard","meta":{"footnotes":""},"categories":[3],"tags":[],"class_list":["post-86814","post","type-post","status-publish","format-standard","has-post-thumbnail","hentry","category-vaticano"],"_links":{"self":[{"href":"https:\/\/catolicanet.net\/wp-cnet\/wp-json\/wp\/v2\/posts\/86814","targetHints":{"allow":["GET"]}}],"collection":[{"href":"https:\/\/catolicanet.net\/wp-cnet\/wp-json\/wp\/v2\/posts"}],"about":[{"href":"https:\/\/catolicanet.net\/wp-cnet\/wp-json\/wp\/v2\/types\/post"}],"author":[{"embeddable":true,"href":"https:\/\/catolicanet.net\/wp-cnet\/wp-json\/wp\/v2\/users\/1"}],"replies":[{"embeddable":true,"href":"https:\/\/catolicanet.net\/wp-cnet\/wp-json\/wp\/v2\/comments?post=86814"}],"version-history":[{"count":1,"href":"https:\/\/catolicanet.net\/wp-cnet\/wp-json\/wp\/v2\/posts\/86814\/revisions"}],"predecessor-version":[{"id":86817,"href":"https:\/\/catolicanet.net\/wp-cnet\/wp-json\/wp\/v2\/posts\/86814\/revisions\/86817"}],"wp:featuredmedia":[{"embeddable":true,"href":"https:\/\/catolicanet.net\/wp-cnet\/wp-json\/wp\/v2\/media\/86815"}],"wp:attachment":[{"href":"https:\/\/catolicanet.net\/wp-cnet\/wp-json\/wp\/v2\/media?parent=86814"}],"wp:term":[{"taxonomy":"category","embeddable":true,"href":"https:\/\/catolicanet.net\/wp-cnet\/wp-json\/wp\/v2\/categories?post=86814"},{"taxonomy":"post_tag","embeddable":true,"href":"https:\/\/catolicanet.net\/wp-cnet\/wp-json\/wp\/v2\/tags?post=86814"}],"curies":[{"name":"wp","href":"https:\/\/api.w.org\/{rel}","templated":true}]}}