{"id":86781,"date":"2024-01-31T10:15:50","date_gmt":"2024-01-31T13:15:50","guid":{"rendered":"https:\/\/catolicanet.net\/wp-cnet\/?p=86781"},"modified":"2024-01-31T15:17:03","modified_gmt":"2024-01-31T18:17:03","slug":"dom-geraldo-de-souza-rodrigues-e-ordenado-bispo-em-porto-firme","status":"publish","type":"post","link":"https:\/\/catolicanet.net\/wp-cnet\/dom-geraldo-de-souza-rodrigues-e-ordenado-bispo-em-porto-firme\/","title":{"rendered":"DOM GERALDO DE SOUZA RODRIGUES \u00c9 ORDENADO BISPO EM PORTO FIRME"},"content":{"rendered":"<p style=\"text-align: justify;\">A cidade de Porto Firme (MG) recebeu fi\u00e9is, padres, di\u00e1conos e religiosos da arquidiocese de Mariana e da diocese de Janu\u00e1ria para a ordena\u00e7\u00e3o episcopal de monsenhor Geraldo de Souza Rodrigues, no \u00faltimo s\u00e1bado, 27 de janeiro.\u00a0Ele foi nomeado bispo da diocese de Janu\u00e1ria no dia 25 de outubro de 2023.<\/p>\n<p style=\"text-align: justify;\">Presidiu a celebra\u00e7\u00e3o o arcebispo metropolitano de Mariana, dom Airton Jos\u00e9 dos Santos. Na homilia, dom Airton destacou o chamado ao episcopado no clero marianense. Seis bispos oriundos da Igreja particular participaram da cerim\u00f4nia.<\/p>\n<p style=\"text-align: justify;\"><a href=\"https:\/\/cnbbleste2.org\/2024\/01\/dom-geraldo-de-souza-rodrigues-e-ordenado-bispo-em-porto-firme\/\" target=\"_blank\" rel=\"noopener\">Confira a not\u00edcia na \u00edntegra.<\/a><\/p>\n<p style=\"text-align: justify;\">\n<pre>Foto: Caio Amora\/Arquidiocese de Mariana<\/pre>\n","protected":false},"excerpt":{"rendered":"<p>A cidade de Porto Firme (MG) recebeu fi\u00e9is, padres, di\u00e1conos e religiosos da arquidiocese de Mariana e da diocese de Janu\u00e1ria para a ordena\u00e7\u00e3o episcopal de monsenhor Geraldo de Souza Rodrigues, no \u00faltimo s\u00e1bado, 27 de janeiro.\u00a0Ele foi nomeado bispo da diocese de Janu\u00e1ria no dia 25 de outubro de 2023. Presidiu a celebra\u00e7\u00e3o o [&hellip;]<\/p>\n","protected":false},"author":1,"featured_media":86782,"comment_status":"open","ping_status":"closed","sticky":false,"template":"","format":"standard","meta":{"footnotes":""},"categories":[7],"tags":[],"class_list":["post-86781","post","type-post","status-publish","format-standard","has-post-thumbnail","hentry","category-cnbb"],"_links":{"self":[{"href":"https:\/\/catolicanet.net\/wp-cnet\/wp-json\/wp\/v2\/posts\/86781","targetHints":{"allow":["GET"]}}],"collection":[{"href":"https:\/\/catolicanet.net\/wp-cnet\/wp-json\/wp\/v2\/posts"}],"about":[{"href":"https:\/\/catolicanet.net\/wp-cnet\/wp-json\/wp\/v2\/types\/post"}],"author":[{"embeddable":true,"href":"https:\/\/catolicanet.net\/wp-cnet\/wp-json\/wp\/v2\/users\/1"}],"replies":[{"embeddable":true,"href":"https:\/\/catolicanet.net\/wp-cnet\/wp-json\/wp\/v2\/comments?post=86781"}],"version-history":[{"count":1,"href":"https:\/\/catolicanet.net\/wp-cnet\/wp-json\/wp\/v2\/posts\/86781\/revisions"}],"predecessor-version":[{"id":86784,"href":"https:\/\/catolicanet.net\/wp-cnet\/wp-json\/wp\/v2\/posts\/86781\/revisions\/86784"}],"wp:featuredmedia":[{"embeddable":true,"href":"https:\/\/catolicanet.net\/wp-cnet\/wp-json\/wp\/v2\/media\/86782"}],"wp:attachment":[{"href":"https:\/\/catolicanet.net\/wp-cnet\/wp-json\/wp\/v2\/media?parent=86781"}],"wp:term":[{"taxonomy":"category","embeddable":true,"href":"https:\/\/catolicanet.net\/wp-cnet\/wp-json\/wp\/v2\/categories?post=86781"},{"taxonomy":"post_tag","embeddable":true,"href":"https:\/\/catolicanet.net\/wp-cnet\/wp-json\/wp\/v2\/tags?post=86781"}],"curies":[{"name":"wp","href":"https:\/\/api.w.org\/{rel}","templated":true}]}}