{"id":86769,"date":"2024-01-31T10:11:50","date_gmt":"2024-01-31T13:11:50","guid":{"rendered":"https:\/\/catolicanet.net\/wp-cnet\/?p=86769"},"modified":"2024-01-31T15:12:48","modified_gmt":"2024-01-31T18:12:48","slug":"live-na-quinta-feira-1-2-recupera-experiencias-e-da-indicacoes-sobre-o-sinodo-2024","status":"publish","type":"post","link":"https:\/\/catolicanet.net\/wp-cnet\/live-na-quinta-feira-1-2-recupera-experiencias-e-da-indicacoes-sobre-o-sinodo-2024\/","title":{"rendered":"LIVE NA QUINTA-FEIRA, 1\/2, RECUPERA EXPERI\u00caNCIAS E D\u00c1 INDICA\u00c7\u00d5ES SOBRE O S\u00cdNODO 2024"},"content":{"rendered":"<p style=\"text-align: justify;\">A Equipe Nacional de Anima\u00e7\u00e3o do S\u00ednodo dos Bispos far\u00e1 uma live amanh\u00e3, quinta-feira, 1\u00ba de fevereiro, \u00e0s 20h. O objetivo do evento on-line \u00e9 recuperar experi\u00eancias e aprendizados da primeira etapa da Assembleia Ordin\u00e1ria do S\u00ednodo dos Bispos, realizada em outubro de 2023, no Vaticano, e orientar as equipes diocesanas de anima\u00e7\u00e3o do s\u00ednodo sobre a nova etapa de escuta. Ser\u00e1 poss\u00edvel acompanhar no canal da CNBB no Youtube.<\/p>\n<div class=\"ast-oembed-container\" style=\"text-align: justify;\"><iframe loading=\"lazy\" title=\"#Live #Sinodo2024 Experi\u00eancias e Aprendizados da primeira etapa\" src=\"https:\/\/www.youtube.com\/embed\/pFV8434BNC0?feature=oembed\" width=\"1200\" height=\"675\" frameborder=\"0\" allowfullscreen=\"allowfullscreen\" data-mce-fragment=\"1\"><\/iframe><\/div>\n<p style=\"text-align: justify;\">O foco principal da live ser\u00e1 na orienta\u00e7\u00e3o sobre a nova etapa de escuta das Igrejas Particulares que est\u00e1 em curso com a condu\u00e7\u00e3o da Secretaria Geral do S\u00ednodo. As dioceses ter\u00e3o at\u00e9 15 de mar\u00e7o para fazer a devolutiva das quest\u00f5es \u00e0 equipe nacional para assim ser feita a s\u00edntese que ser\u00e1 enviada \u00e0 Secretaria Geral do S\u00ednodo.<\/p>\n<p style=\"text-align: justify;\">Durante a transmiss\u00e3o ao vivo, os membros da Equipe Nacional de Anima\u00e7\u00e3o do S\u00ednodo recebem representantes brasileiros (leigos e bispos) que participaram da primeira sess\u00e3o em Roma para partilhar as experi\u00eancias.<\/p>\n<h3 style=\"text-align: justify;\"><strong>Roteiros de ora\u00e7\u00e3o em comunidades\u00a0<\/strong><\/h3>\n<p style=\"text-align: justify;\">A Equipe de Nacional de Anima\u00e7\u00e3o do S\u00ednodo dos Bispos no Brasil est\u00e1 preparando, ainda, roteiros de ora\u00e7\u00e3o em comunidade para a novena de Pentecostes deste ano. Segundo Mariana Ven\u00e2ncio, membro da Equipe, a a\u00e7\u00e3o tamb\u00e9m visa envolver as comunidades na ora\u00e7\u00e3o para o bom andamento do processo do S\u00ednodo.<\/p>\n","protected":false},"excerpt":{"rendered":"<p>A Equipe Nacional de Anima\u00e7\u00e3o do S\u00ednodo dos Bispos far\u00e1 uma live amanh\u00e3, quinta-feira, 1\u00ba de fevereiro, \u00e0s 20h. O objetivo do evento on-line \u00e9 recuperar experi\u00eancias e aprendizados da primeira etapa da Assembleia Ordin\u00e1ria do S\u00ednodo dos Bispos, realizada em outubro de 2023, no Vaticano, e orientar as equipes diocesanas de anima\u00e7\u00e3o do s\u00ednodo [&hellip;]<\/p>\n","protected":false},"author":1,"featured_media":86770,"comment_status":"open","ping_status":"closed","sticky":false,"template":"","format":"standard","meta":{"footnotes":""},"categories":[7],"tags":[],"class_list":["post-86769","post","type-post","status-publish","format-standard","has-post-thumbnail","hentry","category-cnbb"],"_links":{"self":[{"href":"https:\/\/catolicanet.net\/wp-cnet\/wp-json\/wp\/v2\/posts\/86769","targetHints":{"allow":["GET"]}}],"collection":[{"href":"https:\/\/catolicanet.net\/wp-cnet\/wp-json\/wp\/v2\/posts"}],"about":[{"href":"https:\/\/catolicanet.net\/wp-cnet\/wp-json\/wp\/v2\/types\/post"}],"author":[{"embeddable":true,"href":"https:\/\/catolicanet.net\/wp-cnet\/wp-json\/wp\/v2\/users\/1"}],"replies":[{"embeddable":true,"href":"https:\/\/catolicanet.net\/wp-cnet\/wp-json\/wp\/v2\/comments?post=86769"}],"version-history":[{"count":1,"href":"https:\/\/catolicanet.net\/wp-cnet\/wp-json\/wp\/v2\/posts\/86769\/revisions"}],"predecessor-version":[{"id":86772,"href":"https:\/\/catolicanet.net\/wp-cnet\/wp-json\/wp\/v2\/posts\/86769\/revisions\/86772"}],"wp:featuredmedia":[{"embeddable":true,"href":"https:\/\/catolicanet.net\/wp-cnet\/wp-json\/wp\/v2\/media\/86770"}],"wp:attachment":[{"href":"https:\/\/catolicanet.net\/wp-cnet\/wp-json\/wp\/v2\/media?parent=86769"}],"wp:term":[{"taxonomy":"category","embeddable":true,"href":"https:\/\/catolicanet.net\/wp-cnet\/wp-json\/wp\/v2\/categories?post=86769"},{"taxonomy":"post_tag","embeddable":true,"href":"https:\/\/catolicanet.net\/wp-cnet\/wp-json\/wp\/v2\/tags?post=86769"}],"curies":[{"name":"wp","href":"https:\/\/api.w.org\/{rel}","templated":true}]}}