{"id":86759,"date":"2024-01-31T10:07:15","date_gmt":"2024-01-31T13:07:15","guid":{"rendered":"https:\/\/catolicanet.net\/wp-cnet\/?p=86759"},"modified":"2024-01-31T15:08:55","modified_gmt":"2024-01-31T18:08:55","slug":"o-papa-rezar-pelos-doentes-terminais-e-suas-familias","status":"publish","type":"post","link":"https:\/\/catolicanet.net\/wp-cnet\/o-papa-rezar-pelos-doentes-terminais-e-suas-familias\/","title":{"rendered":"O Papa: rezar pelos doentes terminais e suas fam\u00edlias"},"content":{"rendered":"<div class=\"article__subTitle\" style=\"text-align: justify;\">Francisco lembra que &#8220;h\u00e1 duas palavras que, quando alguns falam de doen\u00e7as terminais, as confundem: incur\u00e1vel e in-cuid\u00e1vel. E n\u00e3o s\u00e3o a mesma coisa&#8221;. &#8220;S\u00e3o Jo\u00e3o Paulo II dizia que &#8216;curar se \u00e9 poss\u00edvel, cuidar sempre&#8217;, diz ainda o Papa.<\/div>\n<div class=\"title__separator\" style=\"text-align: justify;\"><\/div>\n<div class=\"article__text\">\n<p style=\"text-align: justify;\"><b>Vatican News<\/b><\/p>\n<p><iframe loading=\"lazy\" title=\"FEVEREIRO: PELOS DOENTES TERMINAIS\" width=\"696\" height=\"392\" src=\"https:\/\/www.youtube.com\/embed\/KvBbhYq_N_Y?feature=oembed\" frameborder=\"0\" allow=\"accelerometer; autoplay; clipboard-write; encrypted-media; gyroscope; picture-in-picture; web-share\" allowfullscreen><\/iframe><\/p>\n<p style=\"text-align: justify;\">O Papa Francisco convida a rezar pelos doentes terminais e seus familiares na inten\u00e7\u00e3o de ora\u00e7\u00e3o para o m\u00eas de fevereiro, divulgada nesta ter\u00e7a-feira (30\/01).<\/p>\n<div style=\"text-align: justify;\">\n<div class=\"article__embed article__embed--unwrap article__embed--dark\">\n<div class=\"article__innerTitle\">Ou\u00e7a e compartilhe<\/div>\n<div>\n<!--[if lt IE 9]><script>document.createElement('audio');<\/script><![endif]-->\n<audio class=\"wp-audio-shortcode\" id=\"audio-86759-1\" preload=\"none\" style=\"width: 100%;\" controls=\"controls\"><source type=\"audio\/mpeg\" src=\"https:\/\/media.vaticannews.va\/media\/audio\/s1\/2024\/01\/30\/14\/137661998_F137661998.mp3?_=1\" \/><a href=\"https:\/\/media.vaticannews.va\/media\/audio\/s1\/2024\/01\/30\/14\/137661998_F137661998.mp3\">https:\/\/media.vaticannews.va\/media\/audio\/s1\/2024\/01\/30\/14\/137661998_F137661998.mp3<\/a><\/audio>\n<\/div>\n<\/div>\n<\/div>\n<p style=\"text-align: justify;\">O Santo Padre compartilha sua inten\u00e7\u00e3o de ora\u00e7\u00e3o neste m\u00eas em que a Igreja celebra o Dia Mundial do Enfermo, convocado desde 1992 por S\u00e3o Jo\u00e3o Paulo II, no dia 11 de fevereiro, mem\u00f3ria lit\u00fargica de Nossa Senhora de Lourdes.<\/p>\n<p style=\"text-align: justify;\">Francisco lembra que &#8220;h\u00e1 duas palavras que, quando alguns falam de doen\u00e7as terminais, as confundem: incur\u00e1vel e in-cuid\u00e1vel. E n\u00e3o s\u00e3o a mesma coisa&#8221;. &#8220;S\u00e3o Jo\u00e3o Paulo II dizia que &#8216;curar se \u00e9 poss\u00edvel, cuidar sempre&#8217;, diz ainda o Papa.<\/p>\n<p style=\"text-align: justify;\">A mensagem de v\u00eddeo de fevereiro, mostra um casal, sentando na areia que contempla o mar. Uma menina que abra\u00e7a o seu av\u00f4 no leito do hospital. Um homem que est\u00e1 junto ao leito de seu pai, com uma B\u00edblia no colo e um Ros\u00e1rio nas m\u00e3os. Uma enfermeira que leva ao jardim um paciente que j\u00e1 n\u00e3o pode caminhar. Um m\u00e9dico que explica a uma fam\u00edlia o dif\u00edcil caminho que v\u00e3o ter que percorrer com seu parente a partir de agora.<\/p>\n<h2 style=\"text-align: justify;\">Cuidar sempre<\/h2>\n<p style=\"text-align: justify;\">Conforme as olhamos, as imagens do v\u00eddeo do Papa de fevereiro nos falam de uma s\u00e9rie de fracassos ou \u00eaxitos: fracassos, se o \u00fanico resultado aceit\u00e1vel \u00e9 a cura; \u00eaxitos, se o objetivo \u00e9 o cuidado.<\/p>\n<p style=\"text-align: justify;\"><i>Mesmo quando existam muito poucas possibilidades de cura, todos os enfermos t\u00eam direito ao acompanhamento m\u00e9dico, ao acompanhamento psicol\u00f3gico, ao acompanhamento espiritual, ao acompanhamento humano.<\/i><\/p>\n<p style=\"text-align: justify;\">O Papa acrescenta:<i>\u00a0Nem sempre se alcan\u00e7a a cura. Por\u00e9m sempre podemos cuidar do doente, acariciar o enfermo.<\/i><\/p>\n<h2 style=\"text-align: justify;\">Olhar o doente com amor<\/h2>\n<p style=\"text-align: justify;\">Em nossa cultura do descarte n\u00e3o h\u00e1 lugar para os doentes terminais. E n\u00e3o \u00e9 por acaso que, nas \u00faltimas d\u00e9cadas, a tenta\u00e7\u00e3o da eutan\u00e1sia tenha ganhado terreno em muitos pa\u00edses. Contrariamente a isso, o Papa Francisco nos convida a olhar o doente com amor &#8211; a compreender, por exemplo, que o contato f\u00edsico pode ajudar muito, inclusive a quem j\u00e1 n\u00e3o \u00e9 capaz de falar e parece j\u00e1 n\u00e3o reconhecer seus pr\u00f3prios familiares &#8211; e a acompanh\u00e1-lo do melhor modo poss\u00edvel, durante todo o tempo que necessite.<\/p>\n<p style=\"text-align: justify;\"><i>E \u00e9 aqui onde entram os cuidados paliativos, que garantem ao paciente n\u00e3o somente a aten\u00e7\u00e3o m\u00e9dica, mas tamb\u00e9m um acompanhamento humano e pr\u00f3ximo.<\/i><\/p>\n<h2 style=\"text-align: justify;\">N\u00e3o deixar as fam\u00edlias sozinhas<\/h2>\n<p style=\"text-align: justify;\">Ao falar sobre o papel das fam\u00edlias, o Papa lembra que elas \u201cn\u00e3o podem ficar sozinhas nesses momentos dif\u00edceis\u201d, pois \u201cseu papel \u00e9 decisivo e devem ter os meios adequados para desempenhar o apoio f\u00edsico, o apoio espiritual, o apoio social\u201d.<\/p>\n<p style=\"text-align: justify;\"><i>Rezemos para que os doentes terminais e suas fam\u00edlias recebam sempre os cuidados e o acompanhamento necess\u00e1rios, tanto do ponto de vista m\u00e9dico quanto humano.<\/i><\/p>\n<\/div>\n","protected":false},"excerpt":{"rendered":"<p>Francisco lembra que &#8220;h\u00e1 duas palavras que, quando alguns falam de doen\u00e7as terminais, as confundem: incur\u00e1vel e in-cuid\u00e1vel. E n\u00e3o s\u00e3o a mesma coisa&#8221;. &#8220;S\u00e3o Jo\u00e3o Paulo II dizia que &#8216;curar se \u00e9 poss\u00edvel, cuidar sempre&#8217;, diz ainda o Papa. Vatican News O Papa Francisco convida a rezar pelos doentes terminais e seus familiares na [&hellip;]<\/p>\n","protected":false},"author":1,"featured_media":86761,"comment_status":"open","ping_status":"closed","sticky":false,"template":"","format":"standard","meta":{"footnotes":""},"categories":[3],"tags":[],"class_list":["post-86759","post","type-post","status-publish","format-standard","has-post-thumbnail","hentry","category-vaticano"],"_links":{"self":[{"href":"https:\/\/catolicanet.net\/wp-cnet\/wp-json\/wp\/v2\/posts\/86759","targetHints":{"allow":["GET"]}}],"collection":[{"href":"https:\/\/catolicanet.net\/wp-cnet\/wp-json\/wp\/v2\/posts"}],"about":[{"href":"https:\/\/catolicanet.net\/wp-cnet\/wp-json\/wp\/v2\/types\/post"}],"author":[{"embeddable":true,"href":"https:\/\/catolicanet.net\/wp-cnet\/wp-json\/wp\/v2\/users\/1"}],"replies":[{"embeddable":true,"href":"https:\/\/catolicanet.net\/wp-cnet\/wp-json\/wp\/v2\/comments?post=86759"}],"version-history":[{"count":1,"href":"https:\/\/catolicanet.net\/wp-cnet\/wp-json\/wp\/v2\/posts\/86759\/revisions"}],"predecessor-version":[{"id":86763,"href":"https:\/\/catolicanet.net\/wp-cnet\/wp-json\/wp\/v2\/posts\/86759\/revisions\/86763"}],"wp:featuredmedia":[{"embeddable":true,"href":"https:\/\/catolicanet.net\/wp-cnet\/wp-json\/wp\/v2\/media\/86761"}],"wp:attachment":[{"href":"https:\/\/catolicanet.net\/wp-cnet\/wp-json\/wp\/v2\/media?parent=86759"}],"wp:term":[{"taxonomy":"category","embeddable":true,"href":"https:\/\/catolicanet.net\/wp-cnet\/wp-json\/wp\/v2\/categories?post=86759"},{"taxonomy":"post_tag","embeddable":true,"href":"https:\/\/catolicanet.net\/wp-cnet\/wp-json\/wp\/v2\/tags?post=86759"}],"curies":[{"name":"wp","href":"https:\/\/api.w.org\/{rel}","templated":true}]}}