{"id":86705,"date":"2024-02-04T09:45:27","date_gmt":"2024-02-04T12:45:27","guid":{"rendered":"https:\/\/catolicanet.net\/wp-cnet\/?p=86705"},"modified":"2024-01-29T11:47:25","modified_gmt":"2024-01-29T14:47:25","slug":"5o-domingo-do-tempo-comum","status":"publish","type":"post","link":"https:\/\/catolicanet.net\/wp-cnet\/5o-domingo-do-tempo-comum\/","title":{"rendered":"5\u00ba Domingo do Tempo Comum"},"content":{"rendered":"<p style=\"text-align: center;\"><em>\u201cLouvai o Senhor Deus porque Ele \u00e9 bom, ele conforta os cora\u00e7\u00f5es despeda\u00e7ados\u201d (146-147)<\/em><\/p>\n<p style=\"text-align: justify;\">Celebramos neste Domingo o quinto desse Tempo Comum, \u00e9 o pen\u00faltimo antes da Quaresma, na semana que vem celebraremos o sexto Domingo desse tempo e na quarta-feira, dia 13 de fevereiro, iniciaremos o tempo quaresmal. A Quaresma nos convida a uma mudan\u00e7a de vida, e a uma convers\u00e3o, mas essa mudan\u00e7a pode e deve come\u00e7ar desde j\u00e1, ao longo do Tempo Comum.<\/p>\n<p style=\"text-align: justify;\">Ao longo deste Tempo Comum somos chamados a anunciar o Reino de Deus e desde j\u00e1 convidar as outras pessoas para que se convertam e mudem de vida. O centro do ano lit\u00fargico \u00e9 mist\u00e9rio pascal de Cristo. N\u00e3o deixemos para buscar o Senhor somente na Quaresma ou Semana Santa, mas o busquemos desde j\u00e1. Ou ainda, n\u00e3o deixemos para buscar o Senhor somente nos momentos ruins, mas o busquemos tamb\u00e9m nos bons.<\/p>\n<p style=\"text-align: justify;\">Observamos no Evangelho de hoje, o in\u00edcio dos milagres de Jesus e Ele dizendo que a sua miss\u00e3o n\u00e3o deve ser em apenas um local, mas em todo Israel. O caminho de Jesus ao longo do Tempo Comum \u00e9 uma subida, ou seja, uma subida at\u00e9 entrar em Jerusal\u00e9m para sofrer a paix\u00e3o. E ainda, Jesus faz um alerta que n\u00e3o devemos procur\u00e1-lo somente por conta dos milagres que Ele realiza, mas devemos procur\u00e1-lo por causa da pessoa D\u2019Ele.<\/p>\n<p style=\"text-align: justify;\">Estamos iniciando mais um m\u00eas de 2024, fa\u00e7amos o prop\u00f3sito de, neste ano que se inicia, estarmos mais pr\u00f3ximos do Senhor, sobretudo, participando das missas Dominicais. Neste ano de 2024 estamos no ano da Ora\u00e7\u00e3o promulgado pelo Papa Francisco, que nos prepara para o grande jubileu da Esperan\u00e7a do ano que vem, marcando os 60 anos de encerramento do Conc\u00edlio Ecum\u00eanico Vaticano II. Portanto, al\u00e9m das missas dominicais, que possamos fazer os nossos momentos de ora\u00e7\u00e3o em casa, meditando a Palavra de Deus.<\/p>\n<p style=\"text-align: justify;\">A primeira leitura deste domingo \u00e9 do livro de J\u00f3 <em>(J\u00f3 7,1-4.6-7), <\/em>esse trecho \u00e9 de lamentos de J\u00f3 por sua atual situa\u00e7\u00e3o de vida. Ap\u00f3s ter perdido tudo o que tinha, Ele se questiona se ainda era necess\u00e1rio viver e o porqu\u00ea de tanto sofrimento. Muitas vezes n\u00f3s tamb\u00e9m temos a mesma atitude de J\u00f3 diante da dor e do sofrimento e nos perguntamos o porqu\u00ea disso ou daquilo. Mas, por vezes, o sofrimento \u00e9 necess\u00e1rio para que saiamos mais fortalecidos daquele momento de dificuldade e depois possamos glorificar a Deus.<\/p>\n<p style=\"text-align: justify;\">De fato, a nossa vida nem sempre s\u00e3o flores, em algum momento podemos ter tudo e em outro momento podemos n\u00e3o ter nada. O que importa \u00e9 que no tudo ou no nada, Deus deve estar em primeiro lugar.<\/p>\n<p style=\"text-align: justify;\">O salmo responsorial \u00e9 o <em>146 (147),<\/em> que diz em seu refr\u00e3o: <em>\u201cLouvai o Senhor Deus porque Ele \u00e9 bom, ele conforta os cora\u00e7\u00f5es despeda\u00e7ados\u201d. <\/em>O refr\u00e3o desse salmo vai de encontro com o que ouvimos na primeira leitura, ou seja, mesmo nos momentos dif\u00edceis o Senhor nos conforta e n\u00e3o nos deixa ficar para sempre em dificuldade, mas se confiarmos N\u2019Ele logo viveremos momentos de felicidade.<\/p>\n<p style=\"text-align: justify;\">A segunda leitura desta missa \u00e9 da Primeira Carta de S\u00e3o Paulo aos Cor\u00edntios <em>(1Cor 9,16-19.22-23), <\/em>Paulo vai dizer que ele prega o Evangelho de maneira gratuita, ningu\u00e9m imp\u00f5e para que ele pregue, mas ele cumpre a vontade do Senhor. Por meio da prega\u00e7\u00e3o do Evangelho ele ter\u00e1 como heran\u00e7a a vida eterna. Do mesmo modo, todos n\u00f3s, por meio do nosso batismo, somos chamados a ser disc\u00edpulos e mission\u00e1rios do Senhor, anunciando o Evangelho de forma gratuita a todos. Somos chamados a ser sal na terra e luz no mundo e iluminar a vida de quem encontrarmos, com certeza receberemos como heran\u00e7a a vida eterna.<\/p>\n<p style=\"text-align: justify;\">O Evangelho deste Domingo \u00e9 de Marcos (<em>Mc 1,29-39),<\/em> nesse trecho do Evangelho, Marcos diz que Jesus ap\u00f3s sair da Sinagoga, foi para a casa de Sim\u00e3o e Andr\u00e9, com Tiago e Jo\u00e3o. Como vimos nos \u00faltimos Domingos, Jesus chamou os primeiros disc\u00edpulos para o acompanhar em sua vida p\u00fablica. Primeiramente ele chama dois, depois se tornam quatro, depois doze, al\u00e9m daqueles setenta e dois que o seguiam, mas n\u00e3o conviviam diretamente com Ele como os ap\u00f3stolos.<\/p>\n<p style=\"text-align: justify;\">Neste Evangelho acompanhamos Jesus no in\u00edcio de sua vida p\u00fablica e realizando aquilo ao qual Ele se prop\u00f4s, anunciar o Reino de Deus. Esse Reino de Deus \u00e9 justamente paz, amor, miseric\u00f3rdia e perd\u00e3o, Jesus convida a viver o Reino de Deus aqui na terra para contempl\u00e1-lo de maneira definitiva no c\u00e9u.<\/p>\n<p style=\"text-align: justify;\">Primeiro vemos Jesus indo at\u00e9 a casa de Sim\u00e3o e curando a sua sogra que estava de cama com febre, Ele toca nela ajuda-lhe a levantar, e a febre logo passa e ela ent\u00e3o come\u00e7a a servi-los. \u00c0 tarde, ap\u00f3s o p\u00f4r do sol, levaram a Jesus todos os doentes e os possu\u00eddos pelo dem\u00f4nio, a cidade inteira se reuniu em frente da casa e Jesus curou muitos doentes e expulsou muitos dem\u00f4nios. Ele n\u00e3o deixava que os esp\u00edritos maus falassem, pois sabiam quem Ele era.<\/p>\n<p style=\"text-align: justify;\">De madrugada quando ainda estava escuro Jesus vai rezar num lugar deserto, Sim\u00e3o e seus companheiros foram ao seu encontro e disseram que todos estavam lhe procurando e Jesus responde dizendo que deveria ir as aldeias da redondeza, deveria pregar ali tamb\u00e9m, pois foi para isso que Ele veio. E andava por toda a Galileia pregando o Reino de Deus e expulsando muitos dem\u00f4nios.<\/p>\n<p style=\"text-align: justify;\">Nesse Evangelho acompanhamos Jesus curando muitas pessoas de diversas doen\u00e7as e expulsando muitos dem\u00f4nios, Ele est\u00e1 cumprindo a sua miss\u00e3o de anunciar o Reino de Deus. Jesus ao curar uma pessoa busca a cura integral, ou seja, f\u00edsica e espiritual, quando cura uma pessoa Ele traz essa pessoa de volta ao conv\u00edvio social. Jesus prega a inclus\u00e3o e busca curar a todos, por isso fala de ir a outros povoados.<\/p>\n<p style=\"text-align: justify;\">Celebremos com alegria este quinto Domingo do Tempo Comum e deixemos com que Jesus nos cure de nossas doen\u00e7as f\u00edsicas e espirituais. Sirvamos de cora\u00e7\u00e3o e com alegria aos nossos irm\u00e3os de comunidade e aos nossos familiares em casa. Sejamos anunciadores do Reino de Deus, deixemos com que esse reino comece aqui, para depois contempl\u00e1-lo de maneira plena no c\u00e9u.<\/p>\n","protected":false},"excerpt":{"rendered":"<p>\u201cLouvai o Senhor Deus porque Ele \u00e9 bom, ele conforta os cora\u00e7\u00f5es despeda\u00e7ados\u201d (146-147) Celebramos neste Domingo o quinto desse Tempo Comum, \u00e9 o pen\u00faltimo antes da Quaresma, na semana que vem celebraremos o sexto Domingo desse tempo e na quarta-feira, dia 13 de fevereiro, iniciaremos o tempo quaresmal. A Quaresma nos convida a uma [&hellip;]<\/p>\n","protected":false},"author":5,"featured_media":55819,"comment_status":"open","ping_status":"closed","sticky":false,"template":"","format":"standard","meta":{"footnotes":""},"categories":[9],"tags":[],"class_list":["post-86705","post","type-post","status-publish","format-standard","has-post-thumbnail","hentry","category-artigos"],"_links":{"self":[{"href":"https:\/\/catolicanet.net\/wp-cnet\/wp-json\/wp\/v2\/posts\/86705","targetHints":{"allow":["GET"]}}],"collection":[{"href":"https:\/\/catolicanet.net\/wp-cnet\/wp-json\/wp\/v2\/posts"}],"about":[{"href":"https:\/\/catolicanet.net\/wp-cnet\/wp-json\/wp\/v2\/types\/post"}],"author":[{"embeddable":true,"href":"https:\/\/catolicanet.net\/wp-cnet\/wp-json\/wp\/v2\/users\/5"}],"replies":[{"embeddable":true,"href":"https:\/\/catolicanet.net\/wp-cnet\/wp-json\/wp\/v2\/comments?post=86705"}],"version-history":[{"count":1,"href":"https:\/\/catolicanet.net\/wp-cnet\/wp-json\/wp\/v2\/posts\/86705\/revisions"}],"predecessor-version":[{"id":86706,"href":"https:\/\/catolicanet.net\/wp-cnet\/wp-json\/wp\/v2\/posts\/86705\/revisions\/86706"}],"wp:featuredmedia":[{"embeddable":true,"href":"https:\/\/catolicanet.net\/wp-cnet\/wp-json\/wp\/v2\/media\/55819"}],"wp:attachment":[{"href":"https:\/\/catolicanet.net\/wp-cnet\/wp-json\/wp\/v2\/media?parent=86705"}],"wp:term":[{"taxonomy":"category","embeddable":true,"href":"https:\/\/catolicanet.net\/wp-cnet\/wp-json\/wp\/v2\/categories?post=86705"},{"taxonomy":"post_tag","embeddable":true,"href":"https:\/\/catolicanet.net\/wp-cnet\/wp-json\/wp\/v2\/tags?post=86705"}],"curies":[{"name":"wp","href":"https:\/\/api.w.org\/{rel}","templated":true}]}}