{"id":86680,"date":"2024-01-24T10:30:59","date_gmt":"2024-01-24T13:30:59","guid":{"rendered":"https:\/\/catolicanet.net\/wp-cnet\/?p=86680"},"modified":"2024-01-24T13:32:17","modified_gmt":"2024-01-24T16:32:17","slug":"sao-francisco-de-sales-viu-um-padre-recem-ordenado-discutindo-com-seu-anjo-da-guarda","status":"publish","type":"post","link":"https:\/\/catolicanet.net\/wp-cnet\/sao-francisco-de-sales-viu-um-padre-recem-ordenado-discutindo-com-seu-anjo-da-guarda\/","title":{"rendered":"S\u00e3o Francisco de Sales viu um padre rec\u00e9m-ordenado discutindo com seu anjo da guarda"},"content":{"rendered":"<p style=\"text-align: justify;\">Hoje (24) \u00e9 a festa de s\u00e3o Francisco de Sales, doutor da Igreja e padroeiro dos jornalistas e escritores cat\u00f3licos. Este santo viu um padre rec\u00e9m-ordenado discutindo com seu pr\u00f3prio anjo da guarda por uma raz\u00e3o particular.<\/p>\n<p style=\"text-align: justify;\">O livro \u201cVida de S\u00e3o Francisco de Sales, Bispo e Pr\u00edncipe de Genebra\u201d narra que o doutor da Igreja ordenou sacerdote uma pessoa que tinha um dom especial do Senhor: o novo padre podia ver seu pr\u00f3prio anjo da guarda.<\/p>\n<p style=\"text-align: justify;\">Depois de sua ordena\u00e7\u00e3o sacerdotal, o padre ficou na porta da igreja, gesticulando para que algu\u00e9m passasse na frente dele. S\u00e3o Francisco de Sales o observou e suspeitou do que estava acontecendo. Ent\u00e3o, ele o chamou de lado e perguntou ao padre rec\u00e9m-ordenado o que estava acontecendo.<\/p>\n<p style=\"text-align: justify;\">O padre, com total normalidade, disse que estava discutindo com seu anjo da guarda e explicou: &#8220;Antes de eu ser ordenado padre, ele costumava andar na minha frente, mas agora insiste em me dar prioridade&#8221;.<\/p>\n<p style=\"text-align: justify;\">O livro destaca que s\u00e3o Francisco de Sales ficou muito impressionado e se lembrou de s\u00e3o Francisco de Assis, que dizia ter o h\u00e1bito de cumprimentar primeiro um padre e depois seu anjo da guarda.<\/p>\n<p style=\"text-align: justify;\">O texto diz que o doutor da Igreja sempre se lembrava desse fato e o mencionava aos candidatos \u00e0 ordena\u00e7\u00e3o para que compreendessem a grande dignidade e responsabilidade de ser padre.<\/p>\n","protected":false},"excerpt":{"rendered":"<p>Hoje (24) \u00e9 a festa de s\u00e3o Francisco de Sales, doutor da Igreja e padroeiro dos jornalistas e escritores cat\u00f3licos. Este santo viu um padre rec\u00e9m-ordenado discutindo com seu pr\u00f3prio anjo da guarda por uma raz\u00e3o particular. O livro \u201cVida de S\u00e3o Francisco de Sales, Bispo e Pr\u00edncipe de Genebra\u201d narra que o doutor da [&hellip;]<\/p>\n","protected":false},"author":1,"featured_media":86681,"comment_status":"open","ping_status":"closed","sticky":false,"template":"","format":"standard","meta":{"footnotes":""},"categories":[4,13],"tags":[],"class_list":["post-86680","post","type-post","status-publish","format-standard","has-post-thumbnail","hentry","category-cotidiano","category-featured"],"_links":{"self":[{"href":"https:\/\/catolicanet.net\/wp-cnet\/wp-json\/wp\/v2\/posts\/86680","targetHints":{"allow":["GET"]}}],"collection":[{"href":"https:\/\/catolicanet.net\/wp-cnet\/wp-json\/wp\/v2\/posts"}],"about":[{"href":"https:\/\/catolicanet.net\/wp-cnet\/wp-json\/wp\/v2\/types\/post"}],"author":[{"embeddable":true,"href":"https:\/\/catolicanet.net\/wp-cnet\/wp-json\/wp\/v2\/users\/1"}],"replies":[{"embeddable":true,"href":"https:\/\/catolicanet.net\/wp-cnet\/wp-json\/wp\/v2\/comments?post=86680"}],"version-history":[{"count":1,"href":"https:\/\/catolicanet.net\/wp-cnet\/wp-json\/wp\/v2\/posts\/86680\/revisions"}],"predecessor-version":[{"id":86683,"href":"https:\/\/catolicanet.net\/wp-cnet\/wp-json\/wp\/v2\/posts\/86680\/revisions\/86683"}],"wp:featuredmedia":[{"embeddable":true,"href":"https:\/\/catolicanet.net\/wp-cnet\/wp-json\/wp\/v2\/media\/86681"}],"wp:attachment":[{"href":"https:\/\/catolicanet.net\/wp-cnet\/wp-json\/wp\/v2\/media?parent=86680"}],"wp:term":[{"taxonomy":"category","embeddable":true,"href":"https:\/\/catolicanet.net\/wp-cnet\/wp-json\/wp\/v2\/categories?post=86680"},{"taxonomy":"post_tag","embeddable":true,"href":"https:\/\/catolicanet.net\/wp-cnet\/wp-json\/wp\/v2\/tags?post=86680"}],"curies":[{"name":"wp","href":"https:\/\/api.w.org\/{rel}","templated":true}]}}