{"id":86626,"date":"2024-01-22T09:22:57","date_gmt":"2024-01-22T12:22:57","guid":{"rendered":"https:\/\/catolicanet.net\/wp-cnet\/?p=86626"},"modified":"2024-01-22T13:23:55","modified_gmt":"2024-01-22T16:23:55","slug":"uma-prova-irrefutavel-do-amor-de-cristo-pelos-homens","status":"publish","type":"post","link":"https:\/\/catolicanet.net\/wp-cnet\/uma-prova-irrefutavel-do-amor-de-cristo-pelos-homens\/","title":{"rendered":"Uma prova irrefut\u00e1vel do amor de Cristo pelos homens"},"content":{"rendered":"<p style=\"text-align: justify;\"><span class=\"subtitle\"><span>Mesmo que voc\u00ea esteja imerso na culpa e na vergonha do pecado, voc\u00ea deve lembrar constantemente que o amor de Jesus n\u00e3o o abandona<\/span><\/span><\/p>\n<p style=\"text-align: justify;\"><span>No Evangelho, Jesus diz: \u00abAssim como o Pai me amou, eu tamb\u00e9m vos amei\u00bb (\u00a0<\/span><a title=\"\" href=\"https:\/\/www.vatican.va\/archive\/ESL0506\/__PWL.HTM\" target=\"_blank\" rel=\"noopener\"><span>Jo 15,9<\/span><\/a><span>\u00a0).\u00a0O Filho de Deus tem amor infinito por todos.\u00a0Para estar convencido disso, basta ver as in\u00fameras aten\u00e7\u00f5es que prestou a cada pessoa durante a sua vida terrena: os numerosos milagres e curas, a sua miseric\u00f3rdia para com os pecadores, a sua ternura para com os pobres, a sua compaix\u00e3o pelos aflitos&#8230;<\/span><\/p>\n<p style=\"text-align: justify;\"><span>Para continuar a demonstrar o seu amor aos homens, Cristo deu ao mundo a\u00a0<\/span><a title=\"\" href=\"https:\/\/www.vatican.va\/archive\/catechism_sp\/p2s2c1a3_sp.html#:~:text=1360%20La%20Eucarist%C3%ADa%20es%20un,la%20redenci%C3%B3n%20y%20la%20santificaci%C3%B3n.\" target=\"_blank\" rel=\"noopener\"><span>Eucaristia<\/span><\/a><span>\u00a0.\u00a0Ele quer que voc\u00ea esteja com Ele. Ele o convida para a \u00daltima Ceia porque quer que voc\u00ea seja seu amigo.\u00a0Tamb\u00e9m hoje, na Eucaristia, ele repete no cora\u00e7\u00e3o de todos os crentes: \u00abN\u00e3o me escolhestes v\u00f3s, eu vos escolhi\u00bb (\u00a0<\/span><a title=\"\" href=\"https:\/\/www.vatican.va\/archive\/ESL0506\/__PWL.HTM\" target=\"_blank\" rel=\"noopener\"><span>Jo 15,16<\/span><\/a><span>\u00a0).<\/span><\/p>\n<p style=\"text-align: justify;\"><span>Aceitar este amor \u00e9 tamb\u00e9m reconhecer a nossa pr\u00f3pria indignidade e as nossas in\u00fameras fraquezas.\u00a0Contudo, Jesus exorta-nos a voltar-nos para Ele, como se dissesse a cada um de n\u00f3s: Vem sentar-te ao meu lado.\u00a0Venha com todo o seu cansa\u00e7o e descanse a cabe\u00e7a no meu peito.\u00a0\u00c9 assim que o batimento card\u00edaco de Deus embala o cora\u00e7\u00e3o do homem.<\/span><\/p>\n<div class=\"block-image-copyrigth-wrap\" style=\"text-align: justify;\">\n<figure class=\"wp-block-image size-large is-resized\"><img loading=\"lazy\" decoding=\"async\" class=\"wp-image-764141\" src=\"https:\/\/wp.es.aleteia.org\/wp-content\/uploads\/sites\/7\/2023\/06\/shutterstock_201220169.jpg?w=1024\" sizes=\"auto, (max-width: 738px) 100vw, 738px\" srcset=\"https:\/\/wp.es.aleteia.org\/wp-content\/uploads\/sites\/7\/2023\/06\/shutterstock_201220169.jpg 5208w, https:\/\/wp.es.aleteia.org\/wp-content\/uploads\/sites\/7\/2023\/06\/shutterstock_201220169.jpg?resize=150,100 150w, https:\/\/wp.es.aleteia.org\/wp-content\/uploads\/sites\/7\/2023\/06\/shutterstock_201220169.jpg?resize=300,200 300w, https:\/\/wp.es.aleteia.org\/wp-content\/uploads\/sites\/7\/2023\/06\/shutterstock_201220169.jpg?resize=1024,683 1024w, https:\/\/wp.es.aleteia.org\/wp-content\/uploads\/sites\/7\/2023\/06\/shutterstock_201220169.jpg?resize=1536,1024 1536w, https:\/\/wp.es.aleteia.org\/wp-content\/uploads\/sites\/7\/2023\/06\/shutterstock_201220169.jpg?resize=2048,1365 2048w, https:\/\/wp.es.aleteia.org\/wp-content\/uploads\/sites\/7\/2023\/06\/shutterstock_201220169.jpg?resize=620,413 620w, https:\/\/wp.es.aleteia.org\/wp-content\/uploads\/sites\/7\/2023\/06\/shutterstock_201220169.jpg?resize=360,240 360w, https:\/\/wp.es.aleteia.org\/wp-content\/uploads\/sites\/7\/2023\/06\/shutterstock_201220169.jpg?resize=1140,760 1140w, https:\/\/wp.es.aleteia.org\/wp-content\/uploads\/sites\/7\/2023\/06\/shutterstock_201220169.jpg?resize=375,250 375w, https:\/\/wp.es.aleteia.org\/wp-content\/uploads\/sites\/7\/2023\/06\/shutterstock_201220169.jpg?resize=630,420 630w, https:\/\/wp.es.aleteia.org\/wp-content\/uploads\/sites\/7\/2023\/06\/shutterstock_201220169.jpg?resize=266,177 266w\" alt=\"obturador_201220169.jpg\" width=\"738\" height=\"491\" \/><figcaption class=\"wp-element-caption\"><span>A Eucaristia nas m\u00e3os de um sacerdote<\/span><\/figcaption><\/figure>\n<div class=\"copyright-text\"><span>Obturador<\/span><\/div>\n<\/div>\n<div class=\"wp-block-aleteia-heading3\" style=\"text-align: justify;\">\n<h2><span>O amor de Cristo na Eucaristia<\/span><\/h2>\n<\/div>\n<p style=\"text-align: justify;\"><span>A alma anseia ser amada infinitamente, e nenhum sentimento humano pode satisfazer esse desejo.\u00a0Esta fome e sede de amor s\u00f3 podem ser satisfeitas pelo amor de Cristo.\u00a0Este amor \u00e9 dado como alimento, atrav\u00e9s do P\u00e3o da vida, que enche verdadeiramente o cora\u00e7\u00e3o humano.\u00a0Atrav\u00e9s da Eucaristia, o amor de Jesus chega a todos, e \u00e9 um amor que nutre constantemente.<\/span><\/p>\n<p style=\"text-align: justify;\"><span>O amor de Cristo na Eucaristia exprime-se de modo especial no seu Corpo doado e no seu Sangue derramado por cada ser humano.\u00a0\u00c9 um amor sacrificial.\u00a0Este sacrif\u00edcio, por sua vez, volta a alma para Deus porque, como escreve o Cardeal Ratzinger: \u201cO sacrif\u00edcio consiste em tornar-se totalmente receptivo a Deus e deixar-se ser completamente invadido por Ele\u201d.<\/span><\/p>\n<div id=\"aleteia-welcome\" style=\"text-align: justify;\">Ao receber o amor sacrificial de Jesus na Eucaristia, cada um de n\u00f3s, por sua vez, participa pessoalmente do seu sacrif\u00edcio. Ao sacrificar-se, o Senhor garantiu a cada ser humano a sua Presen\u00e7a, no centro das suas m\u00faltiplas preocupa\u00e7\u00f5es. Embora o pecado torne o homem culpado e envergonhado, o amor de Jesus n\u00e3o o abandonar\u00e1.\u00a0A oferta sacrificial de si mesmo na Eucaristia \u00e9 precisamente \u201cpara o perd\u00e3o dos pecados\u201d.<\/div>\n","protected":false},"excerpt":{"rendered":"<p>Mesmo que voc\u00ea esteja imerso na culpa e na vergonha do pecado, voc\u00ea deve lembrar constantemente que o amor de Jesus n\u00e3o o abandona No Evangelho, Jesus diz: \u00abAssim como o Pai me amou, eu tamb\u00e9m vos amei\u00bb (\u00a0Jo 15,9\u00a0).\u00a0O Filho de Deus tem amor infinito por todos.\u00a0Para estar convencido disso, basta ver as in\u00fameras [&hellip;]<\/p>\n","protected":false},"author":1,"featured_media":86627,"comment_status":"open","ping_status":"closed","sticky":false,"template":"","format":"standard","meta":{"footnotes":""},"categories":[4,13],"tags":[],"class_list":["post-86626","post","type-post","status-publish","format-standard","has-post-thumbnail","hentry","category-cotidiano","category-featured"],"_links":{"self":[{"href":"https:\/\/catolicanet.net\/wp-cnet\/wp-json\/wp\/v2\/posts\/86626","targetHints":{"allow":["GET"]}}],"collection":[{"href":"https:\/\/catolicanet.net\/wp-cnet\/wp-json\/wp\/v2\/posts"}],"about":[{"href":"https:\/\/catolicanet.net\/wp-cnet\/wp-json\/wp\/v2\/types\/post"}],"author":[{"embeddable":true,"href":"https:\/\/catolicanet.net\/wp-cnet\/wp-json\/wp\/v2\/users\/1"}],"replies":[{"embeddable":true,"href":"https:\/\/catolicanet.net\/wp-cnet\/wp-json\/wp\/v2\/comments?post=86626"}],"version-history":[{"count":1,"href":"https:\/\/catolicanet.net\/wp-cnet\/wp-json\/wp\/v2\/posts\/86626\/revisions"}],"predecessor-version":[{"id":86629,"href":"https:\/\/catolicanet.net\/wp-cnet\/wp-json\/wp\/v2\/posts\/86626\/revisions\/86629"}],"wp:featuredmedia":[{"embeddable":true,"href":"https:\/\/catolicanet.net\/wp-cnet\/wp-json\/wp\/v2\/media\/86627"}],"wp:attachment":[{"href":"https:\/\/catolicanet.net\/wp-cnet\/wp-json\/wp\/v2\/media?parent=86626"}],"wp:term":[{"taxonomy":"category","embeddable":true,"href":"https:\/\/catolicanet.net\/wp-cnet\/wp-json\/wp\/v2\/categories?post=86626"},{"taxonomy":"post_tag","embeddable":true,"href":"https:\/\/catolicanet.net\/wp-cnet\/wp-json\/wp\/v2\/tags?post=86626"}],"curies":[{"name":"wp","href":"https:\/\/api.w.org\/{rel}","templated":true}]}}