{"id":86521,"date":"2024-01-14T09:11:16","date_gmt":"2024-01-14T12:11:16","guid":{"rendered":"https:\/\/catolicanet.net\/wp-cnet\/?p=86521"},"modified":"2024-01-15T11:12:41","modified_gmt":"2024-01-15T14:12:41","slug":"2-domingo-do-tempo-comum-jo-1-35-42","status":"publish","type":"post","link":"https:\/\/catolicanet.net\/wp-cnet\/2-domingo-do-tempo-comum-jo-1-35-42\/","title":{"rendered":"2\u00b0 Domingo do Tempo Comum: (Jo 1, 35-42)."},"content":{"rendered":"<p>Tem\u00e1tica: A voca\u00e7\u00e3o dos primeiros disc\u00edpulos, segundo S\u00e3o Jo\u00e3o.<\/p>\n<p style=\"text-align: center;\"><em>Texto referencial: \u201cJesus, voltando-se para eles, vendo que O estavam seguindo, perguntou: \u201co que estais procurando?\u201d Eles disseram: \u201cRabi (mestre), onde moras?\u201d Ele respondeu: \u201cvinde e vede.\u201d E eles foram&#8230; e permaneceram com Ele.\u201d (Jo1, 38-39).<\/em><\/p>\n<p style=\"text-align: justify;\">Jo\u00e3o evangelista n\u00e3o \u00e9 historiador, mas um disc\u00edpulo, um ap\u00f3stolo; seus escritos t\u00eam pormenores interessantes e muito ricos. \u00c9 preciso descobri-los. No caso ele, o precursor de Jesus, j\u00e1 estava saindo de cena e Jesus entrando, para come\u00e7ar sua miss\u00e3o. O Batista sabe que deve \u201cdiminuir\u201d e o Mestre \u201ccrescer\u201d. Por isso, vai colaborar, propiciando a disc\u00edpulos seus, de se tornar seguidores de Jesus, no texto chamado de Messias, Cordeiro de Deus e Mestre. Por isso, o Batista exclama, vendo Jesus: \u201ceis o Cordeiro de Deus\u201d (Jo 1, 36). E eles ouvindo isso, seguiram-No. Mais tarde, Jesus vai falar da grandeza moral e religiosa de seu precursor.<\/p>\n<p style=\"text-align: justify;\">A voca\u00e7\u00e3o \u00e9 dial\u00f3gica e n\u00e3o monol\u00f3gica. Ela prov\u00e9m de Deus. No caso, perguntou Jesus, \u201co que estais procurando?\u201d (Jo 1, 38). Eles responderam, perguntando: \u201cMestre, onde moras?\u201d Respondendo Ele, disse: \u201cvinde e vede\u201d (Jo 1, 39). \u00c9 preciso ir ao encontro de Jesus, para ouvi-Lo e n\u00e3o apenas para v\u00ea-Lo. Para, ent\u00e3o, segui-Lo. Cabe, portanto, a cada um, tamb\u00e9m, hoje, fazer sua experiencia de f\u00e9. Para isso, \u00e9 preciso conhec\u00ea-Lo. Aproximar-se, ent\u00e3o, pela ora\u00e7\u00e3o, f\u00e9 e amor. Mais: escutar sua Palavra e, assim, aprofundar sua mensagem, exig\u00eancias e nossa responsabilidade. Tamb\u00e9m, hoje em dia, Jesus continua a dizer-nos: \u201cVinde e vede. Fazei experi\u00eancia de mim, do meu amor\u201d. Jo\u00e3o nunca esqueceu aquele encontro: era por volta das 4 horas.<\/p>\n<p style=\"text-align: justify;\">Aqueles que foram chamados, n\u00e3o puderam calar-se. Jo\u00e3o (evangelista) foi chamar seu irm\u00e3o Tiago, Andr\u00e9 fez o mesmo com Sim\u00e3o e Felipe foi questionar a Natanael. Jesus, mudando o nome de Sim\u00e3o para Pedro, n\u00e3o quis, apenas, trocar-lhe o nome, mas sinalizou para a nova voca\u00e7\u00e3o e miss\u00e3o. O chamar e ser chamado, continua na Igreja. Jesus, atrav\u00e9s do Esp\u00edrito Santo, vai chamando novos disc\u00edpulos. N\u00e3o somos um tanto surdos? Tamb\u00e9m, o mundo chama e parece ser bem-sucedido&#8230; E eu? Sinto-me, tamb\u00e9m, chamado? E voc\u00ea? E n\u00f3s? Ouvir \u00e9 quest\u00e3o de audi\u00e7\u00e3o, mas corresponder \u00e9 a\u00e7\u00e3o da gra\u00e7a, ou seja, \u00e9 dom e corresponsabilidade. Como, fica tudo isso na Igreja sinodal? Ou, porventura, n\u00e3o faltam oper\u00e1rios? Pergunto, ent\u00e3o: n\u00e3o seria nossa pouca sensibilidade eclesial ou por nossa apatia, diante da grandeza do Reino de Deus?<\/p>\n","protected":false},"excerpt":{"rendered":"<p>Tem\u00e1tica: A voca\u00e7\u00e3o dos primeiros disc\u00edpulos, segundo S\u00e3o Jo\u00e3o. Texto referencial: \u201cJesus, voltando-se para eles, vendo que O estavam seguindo, perguntou: \u201co que estais procurando?\u201d Eles disseram: \u201cRabi (mestre), onde moras?\u201d Ele respondeu: \u201cvinde e vede.\u201d E eles foram&#8230; e permaneceram com Ele.\u201d (Jo1, 38-39). Jo\u00e3o evangelista n\u00e3o \u00e9 historiador, mas um disc\u00edpulo, um ap\u00f3stolo; [&hellip;]<\/p>\n","protected":false},"author":119,"featured_media":77698,"comment_status":"open","ping_status":"closed","sticky":false,"template":"","format":"standard","meta":{"footnotes":""},"categories":[9],"tags":[],"class_list":["post-86521","post","type-post","status-publish","format-standard","has-post-thumbnail","hentry","category-artigos"],"_links":{"self":[{"href":"https:\/\/catolicanet.net\/wp-cnet\/wp-json\/wp\/v2\/posts\/86521","targetHints":{"allow":["GET"]}}],"collection":[{"href":"https:\/\/catolicanet.net\/wp-cnet\/wp-json\/wp\/v2\/posts"}],"about":[{"href":"https:\/\/catolicanet.net\/wp-cnet\/wp-json\/wp\/v2\/types\/post"}],"author":[{"embeddable":true,"href":"https:\/\/catolicanet.net\/wp-cnet\/wp-json\/wp\/v2\/users\/119"}],"replies":[{"embeddable":true,"href":"https:\/\/catolicanet.net\/wp-cnet\/wp-json\/wp\/v2\/comments?post=86521"}],"version-history":[{"count":1,"href":"https:\/\/catolicanet.net\/wp-cnet\/wp-json\/wp\/v2\/posts\/86521\/revisions"}],"predecessor-version":[{"id":86523,"href":"https:\/\/catolicanet.net\/wp-cnet\/wp-json\/wp\/v2\/posts\/86521\/revisions\/86523"}],"wp:featuredmedia":[{"embeddable":true,"href":"https:\/\/catolicanet.net\/wp-cnet\/wp-json\/wp\/v2\/media\/77698"}],"wp:attachment":[{"href":"https:\/\/catolicanet.net\/wp-cnet\/wp-json\/wp\/v2\/media?parent=86521"}],"wp:term":[{"taxonomy":"category","embeddable":true,"href":"https:\/\/catolicanet.net\/wp-cnet\/wp-json\/wp\/v2\/categories?post=86521"},{"taxonomy":"post_tag","embeddable":true,"href":"https:\/\/catolicanet.net\/wp-cnet\/wp-json\/wp\/v2\/tags?post=86521"}],"curies":[{"name":"wp","href":"https:\/\/api.w.org\/{rel}","templated":true}]}}