{"id":86506,"date":"2024-01-14T09:01:12","date_gmt":"2024-01-14T12:01:12","guid":{"rendered":"https:\/\/catolicanet.net\/wp-cnet\/?p=86506"},"modified":"2024-01-15T11:02:42","modified_gmt":"2024-01-15T14:02:42","slug":"eis-o-cordeiro-de-deus-6","status":"publish","type":"post","link":"https:\/\/catolicanet.net\/wp-cnet\/eis-o-cordeiro-de-deus-6\/","title":{"rendered":"Eis o Cordeiro de Deus!"},"content":{"rendered":"<p style=\"text-align: justify;\">Queridos irm\u00e3os e irm\u00e3s, que a paz do Senhor esteja com todos voc\u00eas. Hoje, reunimo-nos no Segundo Domingo do Tempo Comum para contemplar a grandiosidade do Cordeiro de Deus, Jesus Cristo, que veio ao mundo para tirar o pecado e nos conduzir \u00e0 luz da reden\u00e7\u00e3o.<\/p>\n<p style=\"text-align: justify;\">Neste sagrado encontro, vamos revisitar a cena em que Jo\u00e3o Batista, cheio de revela\u00e7\u00e3o divina, aponta para Jesus com estas palavras significativas: <em>\u201cEis o Cordeiro de Deus, que tira o pecado do mundo! Este \u00e9 aquele de quem eu falei: \u2018Depois de mim vem um homem que \u00e9 superior a mim, porque j\u00e1 existia antes de mim.\u2019\u201d<\/em> (Jo\u00e3o 1, 29-30)<\/p>\n<p style=\"text-align: justify;\">O gesto de Jo\u00e3o Batista n\u00e3o \u00e9 apenas uma proclama\u00e7\u00e3o, mas um convite ao entendimento mais profundo. Ele reconhece a divindade de Jesus, o Cordeiro de Deus, que existia antes dele e cuja miss\u00e3o transcendia qualquer expectativa humana. Neste epis\u00f3dio, somos convocados a compreender o prop\u00f3sito singular de Cristo: redimir a humanidade e trazer luz aos cora\u00e7\u00f5es obscuros.<\/p>\n<p style=\"text-align: justify;\">Ao meditarmos sobre a proclama\u00e7\u00e3o de Jo\u00e3o, somos chamados a refletir sobre a magnitude dessa declara\u00e7\u00e3o. O Cordeiro de Deus, cuja presen\u00e7a ilumina o universo, n\u00e3o s\u00f3 redime, mas tamb\u00e9m nos chama \u00e0 reconcilia\u00e7\u00e3o com o Pai Celestial. Essa revela\u00e7\u00e3o ecoa atrav\u00e9s dos tempos, um convite constante para nos voltarmos para o Cordeiro e encontrarmos a verdadeira liberta\u00e7\u00e3o do pecado.<\/p>\n<p style=\"text-align: justify;\">\u00c9 enriquecedor, tamb\u00e9m, examinarmos outras passagens que ressoam com o tema do Cordeiro de Deus. Em Isa\u00edas 53,7, o profeta nos fala sobre o Servo Sofredor, o Cordeiro que foi levado ao matadouro, levando sobre Si nossas transgress\u00f5es. Essa imagem se entrela\u00e7a com a narrativa de Jo\u00e3o Batista, fortalecendo a compreens\u00e3o de que Jesus \u00e9, de fato, o Cordeiro previamente anunciado.<\/p>\n<p style=\"text-align: justify;\">No contexto deste Segundo Domingo do Tempo Comum, somos desafiados a n\u00e3o apenas reconhecer, mas tamb\u00e9m seguir o Cordeiro de Deus. Ele n\u00e3o \u00e9 um l\u00edder meramente terreno; Ele \u00e9 a encarna\u00e7\u00e3o do amor divino que oferece reden\u00e7\u00e3o e nos chama a trilhar Seus passos. Ao aceitarmos esse desafio, nossos cora\u00e7\u00f5es s\u00e3o renovados, e somos capacitados a abandonar o peso de nossos pecados.<\/p>\n<p style=\"text-align: justify;\">Que a mensagem do Segundo Domingo do Tempo Comum nos acompanhe ao longo desta semana e sempre. Ao refletirmos sobre a import\u00e2ncia de reconhecer Jesus como o Cordeiro de Deus em nossa vida di\u00e1ria, permitamos que Sua luz n\u00e3o apenas nos guie, mas tamb\u00e9m transforme nossos cora\u00e7\u00f5es. Que, ao seguirmos o Cordeiro, possamos encontrar a verdadeira paz e alegria em Seu amor redentor. Am\u00e9m.<\/p>\n<p><strong>\u00a0<\/strong><\/p>\n<p style=\"text-align: center;\"><strong>+Anuar Battisti<\/strong><br \/>\n<strong>Arcebispo Em\u00e9rito de Maring\u00e1 (PR)<\/strong><\/p>\n","protected":false},"excerpt":{"rendered":"<p>Queridos irm\u00e3os e irm\u00e3s, que a paz do Senhor esteja com todos voc\u00eas. Hoje, reunimo-nos no Segundo Domingo do Tempo Comum para contemplar a grandiosidade do Cordeiro de Deus, Jesus Cristo, que veio ao mundo para tirar o pecado e nos conduzir \u00e0 luz da reden\u00e7\u00e3o. Neste sagrado encontro, vamos revisitar a cena em que [&hellip;]<\/p>\n","protected":false},"author":1,"featured_media":55814,"comment_status":"open","ping_status":"closed","sticky":false,"template":"","format":"standard","meta":{"footnotes":""},"categories":[9],"tags":[],"class_list":["post-86506","post","type-post","status-publish","format-standard","has-post-thumbnail","hentry","category-artigos"],"_links":{"self":[{"href":"https:\/\/catolicanet.net\/wp-cnet\/wp-json\/wp\/v2\/posts\/86506","targetHints":{"allow":["GET"]}}],"collection":[{"href":"https:\/\/catolicanet.net\/wp-cnet\/wp-json\/wp\/v2\/posts"}],"about":[{"href":"https:\/\/catolicanet.net\/wp-cnet\/wp-json\/wp\/v2\/types\/post"}],"author":[{"embeddable":true,"href":"https:\/\/catolicanet.net\/wp-cnet\/wp-json\/wp\/v2\/users\/1"}],"replies":[{"embeddable":true,"href":"https:\/\/catolicanet.net\/wp-cnet\/wp-json\/wp\/v2\/comments?post=86506"}],"version-history":[{"count":1,"href":"https:\/\/catolicanet.net\/wp-cnet\/wp-json\/wp\/v2\/posts\/86506\/revisions"}],"predecessor-version":[{"id":86508,"href":"https:\/\/catolicanet.net\/wp-cnet\/wp-json\/wp\/v2\/posts\/86506\/revisions\/86508"}],"wp:featuredmedia":[{"embeddable":true,"href":"https:\/\/catolicanet.net\/wp-cnet\/wp-json\/wp\/v2\/media\/55814"}],"wp:attachment":[{"href":"https:\/\/catolicanet.net\/wp-cnet\/wp-json\/wp\/v2\/media?parent=86506"}],"wp:term":[{"taxonomy":"category","embeddable":true,"href":"https:\/\/catolicanet.net\/wp-cnet\/wp-json\/wp\/v2\/categories?post=86506"},{"taxonomy":"post_tag","embeddable":true,"href":"https:\/\/catolicanet.net\/wp-cnet\/wp-json\/wp\/v2\/tags?post=86506"}],"curies":[{"name":"wp","href":"https:\/\/api.w.org\/{rel}","templated":true}]}}