{"id":86502,"date":"2024-01-13T10:59:41","date_gmt":"2024-01-13T13:59:41","guid":{"rendered":"https:\/\/catolicanet.net\/wp-cnet\/?p=86502"},"modified":"2024-01-15T11:00:54","modified_gmt":"2024-01-15T14:00:54","slug":"2o-domingo-do-tempo-comum-2","status":"publish","type":"post","link":"https:\/\/catolicanet.net\/wp-cnet\/2o-domingo-do-tempo-comum-2\/","title":{"rendered":"2\u00ba Domingo do tempo comum"},"content":{"rendered":"<p style=\"text-align: center;\"><em>\u201cTu \u00e9s Sim\u00e3o, filho de Jo\u00e3o; tu ser\u00e1s chamado Cefas\u201d (que quer dizer: Pedra) (Jo 1,42).<\/em><\/p>\n<p style=\"text-align: justify;\">Ap\u00f3s o ciclo do Natal iniciamos na \u00faltima ter\u00e7a-feira o Tempo Comum \u201cdurante o ano\u201d. O Tempo Comum \u00e9 o per\u00edodo lit\u00fargico mais extenso de todo o ano lit\u00fargico. Esse tempo \u00e9 dividido em duas partes, a primeira parte iniciada na \u00faltima ter\u00e7a-feira vai at\u00e9 a ter\u00e7a-feira, v\u00e9spera da Quarta-feira de Cinzas. A segunda parte inicia-se na Segunda-Feira ap\u00f3s a solenidade de Pentecostes e vai at\u00e9 a solenidade de Cristo Rei.<\/p>\n<p style=\"text-align: justify;\">A cor lit\u00fargica predominante no tempo comum \u00e9 a verde, a cor verde para nossa cultura significa esperan\u00e7a. Ao longo do tempo comum acompanhamos Jesus em sua vida p\u00fablica, anunciando o Reino de Deus, ensinando os disc\u00edpulos e o povo, e realizando os milagres. Durante o tempo comum percorremos toda a Judeia junto com Jesus at\u00e9 Ele entrar triunfante em Jerusal\u00e9m na festa de Cristo Rei.<\/p>\n<p style=\"text-align: justify;\">O ano lit\u00fargico aos domingos \u00e9 dividido em A, B e C, e em cada ano lit\u00fargico acompanhamos aos Domingos o evangelho de autor sin\u00f3tico correspondente ao ano, ou seja, S\u00e3o Mateus, Marcos ou Lucas. Esse ano que \u00e9 o \u201cB\u201d, escutaremos mais aos Domingos o evangelho de Marcos. O quarto evangelho, que \u00e9 o de Jo\u00e3o acompanharemos mais em solenidades, festas e durante o tempo pascal. Ele ocorre tamb\u00e9m em alguns domingos durante o ano, inclusive o evangelho deste Domingo \u00e9 de Jo\u00e3o.<\/p>\n<p style=\"text-align: justify;\">Convido a vivenciarem com profundidade o ano lit\u00fargico e participar de todas as missas, sobretudo as dominicais, para ouvir o que o Senhor tem a nos falar. Re\u00fana a sua fam\u00edlia, tire uma hora de seu Domingo para reservar para Deus e participe da celebra\u00e7\u00e3o Eucar\u00edstica. \u00c9 muito importante ver a fam\u00edlia reunida na assembleia participando da celebra\u00e7\u00e3o, lembrando sempre, fam\u00edlia que \u201creza unida permanece unida\u201d. Percorramos esse caminho com Jesus e ou\u00e7amos o que Ele tem a nos dizer.<\/p>\n<p style=\"text-align: justify;\">A liturgia deste domingo nos fala do chamado, ou seja, Deus nos chama para a miss\u00e3o e a edificar o Reino de Deus. Na primeira leitura vemos a figura de Samuel que escuta Deus lhe chamando, e no evangelho Jo\u00e3o aponta Jesus como o cordeiro de Deus e alguns de seus disc\u00edpulos come\u00e7am a seguir Jesus. Que possamos tamb\u00e9m escutar o Senhor nos chamando e edificar o Reino de Deus nos dias de hoje.<\/p>\n<p style=\"text-align: justify;\">A primeira leitura da missa desse Domingo \u00e9 do primeiro livro de Samuel <em>(1Sm 3, 3b -10.19), <\/em>essa leitura retrata o chamado de Samuel, e a resposta que ele d\u00e1 ao Senhor. Ao longo dessa narrativa observamos que Samuel demora um pouco para entender que era o Senhor que lhe chamava, o Senhor lhe chamou por tr\u00eas vezes at\u00e9 que o anjo lhe apareceu e lhe diz que ele deveria dizer: \u201ceis-me aqui\u201d.<\/p>\n<p style=\"text-align: justify;\">O que aconteceu com Samuel pode tamb\u00e9m acontecer conosco, o Senhor pode nos chamar muitas vezes e de diversos modos e nem sempre compreenderemos que \u00e9 Ele que est\u00e1 nos chamando. Somente atrav\u00e9s de uma maneira descobriremos que \u00e9 o Senhor que est\u00e1 nos chamando, que \u00e9 atrav\u00e9s da ora\u00e7\u00e3o e medita\u00e7\u00e3o di\u00e1ria da Palavra de Deus. Que possamos cultivar diariamente uma vida de ora\u00e7\u00e3o e dessa forma responder ao chamado do Senhor. \u00c9 no sil\u00eancio da ora\u00e7\u00e3o que escutaremos o Senhor.<\/p>\n<p style=\"text-align: justify;\">O salmo responsorial \u00e9 o <em>39 (40), <\/em>que diz em seu refr\u00e3o: <em>Eu disse: \u201cEis que venho, Senhor\u201d, com prazer fa\u00e7o a vossa vontade! <\/em>Essa deve ser a nossa miss\u00e3o aqui na terra, fazer a vontade do Senhor. A resposta da nossa ora\u00e7\u00e3o deve ser essa, devemos estar prontos para fazer a vontade do Senhor, anunciando o Reino de Deus.<\/p>\n<p style=\"text-align: justify;\">A segunda leitura \u00e9 da carta de S\u00e3o Paulo aos Cor\u00edntios (<em>1Cor 6,13c;15a.17-20), <\/em>nessa leitura Paulo faz um alerta dizendo que devemos cuidar de nosso corpo. O nosso corpo \u00e9 templo do Senhor e devemos guard\u00e1-lo para a eternidade. Temos que buscar viver a nossa vida segundo o Esp\u00edrito Santo que habita em n\u00f3s, ouvir a voz do Esp\u00edrito Santo, pois se ouvirmos a vez da carne certamente cairemos no pecado. Portanto, cuidemos de nosso corpo at\u00e9 o nosso encontro com o Senhor.<\/p>\n<p style=\"text-align: justify;\">O Evangelho \u00e9 de Jo\u00e3o (<em>Jo 1, 35-42): <\/em>esse trecho do Evangelho narra quando Jo\u00e3o Batista estava com dois de seus disc\u00edpulos e ao ver Jesus passar ele aponta e diz: <em>\u201cEis o cordeiro de Deus, aquele que tira o pecado do mundo\u201d, <\/em>e a partir daquele momento os dois come\u00e7aram a seguir Jesus. Depois, Andr\u00e9 irm\u00e3o de Sim\u00e3o, que era um desses dois disc\u00edpulos vai anunciar ao irm\u00e3o que encontraram o Messias, (que quer dizer Cristo). Andr\u00e9 leva Sim\u00e3o ao encontro de Jesus, e Jesus lhe diz: <em>\u201cTu \u00e9s Sim\u00e3o, filho de Jo\u00e3o; tu ser\u00e1s chamado Cefas\u201d (que quer dizer: Pedra) (Jo 1,42). <\/em>A partir daqui come\u00e7a a miss\u00e3o de Sim\u00e3o Pedro.<\/p>\n<p style=\"text-align: justify;\">Isso tamb\u00e9m pode ter acontecido conosco, algu\u00e9m pode nos ter apresentado Jesus e n\u00f3s come\u00e7amos a segui-lo, ou ainda, como disc\u00edpulos do Senhor podemos falar de Jesus para outras pessoas e essas pessoas aderirem a f\u00e9.<\/p>\n<p style=\"text-align: justify;\">Nos dias de hoje o Senhor continua a chamar novos disc\u00edpulos e cada um de n\u00f3s, basta a cada dia renovarmos o \u201cSim\u201d desse chamado. N\u00f3s renovaremos esse chamado atrav\u00e9s da vida de ora\u00e7\u00e3o.<\/p>\n<p style=\"text-align: justify;\">O Senhor nos chama a caminhar com Ele ao longo dessas 34 semanas do tempo comum que iniciamos, e, que a cada Domingo possamos ouvir o que o Senhor tem a nos dizer, e que possamos colocar em pr\u00e1tica tudo aquilo que ouvimos.<\/p>\n","protected":false},"excerpt":{"rendered":"<p>\u201cTu \u00e9s Sim\u00e3o, filho de Jo\u00e3o; tu ser\u00e1s chamado Cefas\u201d (que quer dizer: Pedra) (Jo 1,42). Ap\u00f3s o ciclo do Natal iniciamos na \u00faltima ter\u00e7a-feira o Tempo Comum \u201cdurante o ano\u201d. O Tempo Comum \u00e9 o per\u00edodo lit\u00fargico mais extenso de todo o ano lit\u00fargico. Esse tempo \u00e9 dividido em duas partes, a primeira parte [&hellip;]<\/p>\n","protected":false},"author":5,"featured_media":55819,"comment_status":"open","ping_status":"closed","sticky":false,"template":"","format":"standard","meta":{"footnotes":""},"categories":[9],"tags":[],"class_list":["post-86502","post","type-post","status-publish","format-standard","has-post-thumbnail","hentry","category-artigos"],"_links":{"self":[{"href":"https:\/\/catolicanet.net\/wp-cnet\/wp-json\/wp\/v2\/posts\/86502","targetHints":{"allow":["GET"]}}],"collection":[{"href":"https:\/\/catolicanet.net\/wp-cnet\/wp-json\/wp\/v2\/posts"}],"about":[{"href":"https:\/\/catolicanet.net\/wp-cnet\/wp-json\/wp\/v2\/types\/post"}],"author":[{"embeddable":true,"href":"https:\/\/catolicanet.net\/wp-cnet\/wp-json\/wp\/v2\/users\/5"}],"replies":[{"embeddable":true,"href":"https:\/\/catolicanet.net\/wp-cnet\/wp-json\/wp\/v2\/comments?post=86502"}],"version-history":[{"count":2,"href":"https:\/\/catolicanet.net\/wp-cnet\/wp-json\/wp\/v2\/posts\/86502\/revisions"}],"predecessor-version":[{"id":86505,"href":"https:\/\/catolicanet.net\/wp-cnet\/wp-json\/wp\/v2\/posts\/86502\/revisions\/86505"}],"wp:featuredmedia":[{"embeddable":true,"href":"https:\/\/catolicanet.net\/wp-cnet\/wp-json\/wp\/v2\/media\/55819"}],"wp:attachment":[{"href":"https:\/\/catolicanet.net\/wp-cnet\/wp-json\/wp\/v2\/media?parent=86502"}],"wp:term":[{"taxonomy":"category","embeddable":true,"href":"https:\/\/catolicanet.net\/wp-cnet\/wp-json\/wp\/v2\/categories?post=86502"},{"taxonomy":"post_tag","embeddable":true,"href":"https:\/\/catolicanet.net\/wp-cnet\/wp-json\/wp\/v2\/tags?post=86502"}],"curies":[{"name":"wp","href":"https:\/\/api.w.org\/{rel}","templated":true}]}}