{"id":86483,"date":"2024-01-09T10:02:20","date_gmt":"2024-01-09T13:02:20","guid":{"rendered":"https:\/\/catolicanet.net\/wp-cnet\/?p=86483"},"modified":"2024-01-09T10:02:20","modified_gmt":"2024-01-09T13:02:20","slug":"presidencia-da-cnbb-inicia-visitas-aos-dicasterios-da-curia-romana-no-vaticano-e-ao-papa-francisco","status":"publish","type":"post","link":"https:\/\/catolicanet.net\/wp-cnet\/presidencia-da-cnbb-inicia-visitas-aos-dicasterios-da-curia-romana-no-vaticano-e-ao-papa-francisco\/","title":{"rendered":"PRESID\u00caNCIA DA CNBB INICIA VISITAS AOS DICAST\u00c9RIOS DA C\u00daRIA ROMANA, NO VATICANO, E AO PAPA FRANCISCO"},"content":{"rendered":"<p style=\"text-align: justify;\"><span data-contrast=\"auto\">Nessa semana, de 8 a 12 de janeiro, a presid\u00eancia da Confer\u00eancia Nacional dos Bispos do Brasil (CNBB) cumpre a miss\u00e3o anual de visitar diferentes Dicast\u00e9rios da C\u00faria Romana, no Vaticano. Esta \u00e9 a primeira vez que a atual presid\u00eancia participa dessa agenda.<\/span><\/p>\n<p style=\"text-align: justify;\"><span data-contrast=\"auto\">Integram a comitiva o arcebispo de porto alegre e presidente da CNBB, dom Jaime Spengler; o arcebispo de Goi\u00e2nia e primeiro vice-presidente da CNBB, dom Jo\u00e3o Justino de Medeiros Silva; o segundo vice-presidente da CNBB e arcebispo de Olinda e Recife, dom Paulo Jackson N\u00f3brega de Sousa; e o bispo auxiliar de Bras\u00edlia e secret\u00e1rio-geral da CNBB, dom Ricardo Hoepers.<\/span><\/p>\n<p style=\"text-align: justify;\">Segundo o presidente da CNBB, dom Jaime Spengler, o momento \u00e9 de \u201cpartilha, comunh\u00e3o e tamb\u00e9m de solidariedade entre a igreja do Brasil e a igreja de Roma, especificamente a Santa S\u00e9\u201d.\u00a0<span data-contrast=\"auto\">At\u00e9 o presente momento, nessa segunda-feira, 8 de janeiro, os membros da presid\u00eancia j\u00e1 visitaram e conheceram o<\/span>\u00a0Dicast\u00e9rio para a Cultura e a Educa\u00e7\u00e3o e o Dicast\u00e9rio para o Culto Divino e a Disciplina dos Sacramentos.<\/p>\n<blockquote><p>\u201cAqui viemos viver em profunda comunh\u00e3o com o Santo Padre, o Papa, mas estamos ao mesmo tempo em profunda comunh\u00e3o com todos os batizados e batizadas do nosso pa\u00eds, porque a nossa \u00fanica miss\u00e3o como igreja \u00e9 fazer presente, vis\u00edvel e expl\u00edcito o reino de Deus, que por um lado \u00e9 dom, mas por outro \u00e9 tarefa nossa torn\u00e1-lo vis\u00edvel para que cada ser humano possa experimentar. Participe tamb\u00e9m dessa grande miss\u00e3o de experimentar o Reino e de explicit\u00e1-lo nos processos de evangeliza\u00e7\u00e3o\u201d, exortou dom Paulo Jackson, segundo vice-presidente da CNBB.<\/p><\/blockquote>\n<p style=\"text-align: justify;\"><em>Visita ao Dicast\u00e9rio para a Cultura e a Educa\u00e7\u00e3o<\/em><\/p>\n<div id=\"gallery-1\" class=\"gallery galleryid-956937 gallery-columns-4 gallery-size-medium\" style=\"text-align: justify;\">\n<figure class=\"gallery-item\">\n<div class=\"gallery-icon landscape\"><a class=\"rl-gallery-link\" title=\"\" href=\"https:\/\/www.cnbb.org.br\/wp-content\/uploads\/2024\/01\/IMG_9272-scaled.jpg\" data-rl_title=\"\" data-rl_caption=\"\" data-rel=\"lightbox-gallery-1\"><img loading=\"lazy\" decoding=\"async\" class=\"attachment-medium size-medium\" src=\"https:\/\/www.cnbb.org.br\/wp-content\/uploads\/2024\/01\/IMG_9272-300x169.jpg\" sizes=\"auto, (max-width: 300px) 100vw, 300px\" srcset=\"https:\/\/www.cnbb.org.br\/wp-content\/uploads\/2024\/01\/IMG_9272-300x169.jpg 300w, https:\/\/www.cnbb.org.br\/wp-content\/uploads\/2024\/01\/IMG_9272-1024x576.jpg 1024w, https:\/\/www.cnbb.org.br\/wp-content\/uploads\/2024\/01\/IMG_9272-768x432.jpg 768w, https:\/\/www.cnbb.org.br\/wp-content\/uploads\/2024\/01\/IMG_9272-1536x864.jpg 1536w, https:\/\/www.cnbb.org.br\/wp-content\/uploads\/2024\/01\/IMG_9272-2048x1152.jpg 2048w, https:\/\/www.cnbb.org.br\/wp-content\/uploads\/2024\/01\/IMG_9272-500x281.jpg 500w\" alt=\"\" width=\"300\" height=\"169\" \/><\/a><\/div>\n<\/figure>\n<figure class=\"gallery-item\">\n<div class=\"gallery-icon landscape\"><a class=\"rl-gallery-link\" title=\"\" href=\"https:\/\/www.cnbb.org.br\/wp-content\/uploads\/2024\/01\/IMG_9335-scaled.jpg\" data-rl_title=\"\" data-rl_caption=\"\" data-rel=\"lightbox-gallery-1\"><img loading=\"lazy\" decoding=\"async\" class=\"attachment-medium size-medium\" src=\"https:\/\/www.cnbb.org.br\/wp-content\/uploads\/2024\/01\/IMG_9335-300x169.jpg\" sizes=\"auto, (max-width: 300px) 100vw, 300px\" srcset=\"https:\/\/www.cnbb.org.br\/wp-content\/uploads\/2024\/01\/IMG_9335-300x169.jpg 300w, https:\/\/www.cnbb.org.br\/wp-content\/uploads\/2024\/01\/IMG_9335-1024x576.jpg 1024w, https:\/\/www.cnbb.org.br\/wp-content\/uploads\/2024\/01\/IMG_9335-768x432.jpg 768w, https:\/\/www.cnbb.org.br\/wp-content\/uploads\/2024\/01\/IMG_9335-1536x864.jpg 1536w, https:\/\/www.cnbb.org.br\/wp-content\/uploads\/2024\/01\/IMG_9335-2048x1152.jpg 2048w, https:\/\/www.cnbb.org.br\/wp-content\/uploads\/2024\/01\/IMG_9335-500x281.jpg 500w\" alt=\"\" width=\"300\" height=\"169\" \/><\/a><\/div>\n<\/figure>\n<figure class=\"gallery-item\">\n<div class=\"gallery-icon landscape\"><a class=\"rl-gallery-link\" title=\"\" href=\"https:\/\/www.cnbb.org.br\/wp-content\/uploads\/2024\/01\/IMG_9300-scaled.jpg\" data-rl_title=\"\" data-rl_caption=\"\" data-rel=\"lightbox-gallery-1\"><img loading=\"lazy\" decoding=\"async\" class=\"attachment-medium size-medium\" src=\"https:\/\/www.cnbb.org.br\/wp-content\/uploads\/2024\/01\/IMG_9300-300x169.jpg\" sizes=\"auto, (max-width: 300px) 100vw, 300px\" srcset=\"https:\/\/www.cnbb.org.br\/wp-content\/uploads\/2024\/01\/IMG_9300-300x169.jpg 300w, https:\/\/www.cnbb.org.br\/wp-content\/uploads\/2024\/01\/IMG_9300-1024x576.jpg 1024w, https:\/\/www.cnbb.org.br\/wp-content\/uploads\/2024\/01\/IMG_9300-768x432.jpg 768w, https:\/\/www.cnbb.org.br\/wp-content\/uploads\/2024\/01\/IMG_9300-1536x864.jpg 1536w, https:\/\/www.cnbb.org.br\/wp-content\/uploads\/2024\/01\/IMG_9300-2048x1152.jpg 2048w, https:\/\/www.cnbb.org.br\/wp-content\/uploads\/2024\/01\/IMG_9300-500x281.jpg 500w\" alt=\"\" width=\"300\" height=\"169\" \/><\/a><\/div>\n<\/figure>\n<figure class=\"gallery-item\">\n<div class=\"gallery-icon landscape\"><a class=\"rl-gallery-link\" title=\"\" href=\"https:\/\/www.cnbb.org.br\/wp-content\/uploads\/2024\/01\/IMG_9245-scaled.jpg\" data-rl_title=\"\" data-rl_caption=\"\" data-rel=\"lightbox-gallery-1\"><img loading=\"lazy\" decoding=\"async\" class=\"attachment-medium size-medium\" src=\"https:\/\/www.cnbb.org.br\/wp-content\/uploads\/2024\/01\/IMG_9245-300x225.jpg\" sizes=\"auto, (max-width: 300px) 100vw, 300px\" srcset=\"https:\/\/www.cnbb.org.br\/wp-content\/uploads\/2024\/01\/IMG_9245-300x225.jpg 300w, https:\/\/www.cnbb.org.br\/wp-content\/uploads\/2024\/01\/IMG_9245-1024x768.jpg 1024w, https:\/\/www.cnbb.org.br\/wp-content\/uploads\/2024\/01\/IMG_9245-768x576.jpg 768w, https:\/\/www.cnbb.org.br\/wp-content\/uploads\/2024\/01\/IMG_9245-1536x1152.jpg 1536w, https:\/\/www.cnbb.org.br\/wp-content\/uploads\/2024\/01\/IMG_9245-2048x1536.jpg 2048w, https:\/\/www.cnbb.org.br\/wp-content\/uploads\/2024\/01\/IMG_9245-500x375.jpg 500w, https:\/\/www.cnbb.org.br\/wp-content\/uploads\/2024\/01\/IMG_9245-800x600.jpg 800w\" alt=\"\" width=\"300\" height=\"225\" \/><\/a><\/div>\n<\/figure>\n<\/div>\n<p style=\"text-align: justify;\">Ao longo da semana est\u00e3o previstas visitas, ainda, a<span data-contrast=\"auto\">os Dicast\u00e9rios para a Doutrina da F\u00e9; para os Bispos; para os Leigos, a Fam\u00edlia e a Vida. J\u00e1 o tradicional encontro com o Papa Francisco est\u00e1 agendado para a pr\u00f3xima quinta-feira, dia 11 de janeiro.<\/span><\/p>\n<p style=\"text-align: justify;\"><em>Visita ao Dicast\u00e9rio para o Culto Divino e a Disciplina dos Sacramentos<\/em><\/p>\n<div id=\"gallery-2\" class=\"gallery galleryid-956937 gallery-columns-3 gallery-size-medium\" style=\"text-align: justify;\">\n<figure class=\"gallery-item\">\n<div class=\"gallery-icon landscape\"><a class=\"rl-gallery-link\" title=\"\" href=\"https:\/\/www.cnbb.org.br\/wp-content\/uploads\/2024\/01\/IMG_9349-scaled-e1704741701821.jpg\" data-rl_title=\"\" data-rl_caption=\"\" data-rel=\"lightbox-gallery-2\"><img loading=\"lazy\" decoding=\"async\" class=\"attachment-medium size-medium\" src=\"https:\/\/www.cnbb.org.br\/wp-content\/uploads\/2024\/01\/IMG_9349-scaled-e1704741701821-300x193.jpg\" sizes=\"auto, (max-width: 300px) 100vw, 300px\" srcset=\"https:\/\/www.cnbb.org.br\/wp-content\/uploads\/2024\/01\/IMG_9349-scaled-e1704741701821-300x193.jpg 300w, https:\/\/www.cnbb.org.br\/wp-content\/uploads\/2024\/01\/IMG_9349-scaled-e1704741701821-1024x659.jpg 1024w, https:\/\/www.cnbb.org.br\/wp-content\/uploads\/2024\/01\/IMG_9349-scaled-e1704741701821-768x495.jpg 768w, https:\/\/www.cnbb.org.br\/wp-content\/uploads\/2024\/01\/IMG_9349-scaled-e1704741701821-1536x989.jpg 1536w, https:\/\/www.cnbb.org.br\/wp-content\/uploads\/2024\/01\/IMG_9349-scaled-e1704741701821-2048x1319.jpg 2048w, https:\/\/www.cnbb.org.br\/wp-content\/uploads\/2024\/01\/IMG_9349-scaled-e1704741701821-500x322.jpg 500w\" alt=\"\" width=\"300\" height=\"193\" \/><\/a><\/div>\n<\/figure>\n<figure class=\"gallery-item\">\n<div class=\"gallery-icon landscape\"><a class=\"rl-gallery-link\" title=\"\" href=\"https:\/\/www.cnbb.org.br\/wp-content\/uploads\/2024\/01\/IMG_9410-scaled.jpg\" data-rl_title=\"\" data-rl_caption=\"\" data-rel=\"lightbox-gallery-2\"><img loading=\"lazy\" decoding=\"async\" class=\"attachment-medium size-medium\" src=\"https:\/\/www.cnbb.org.br\/wp-content\/uploads\/2024\/01\/IMG_9410-300x169.jpg\" sizes=\"auto, (max-width: 300px) 100vw, 300px\" srcset=\"https:\/\/www.cnbb.org.br\/wp-content\/uploads\/2024\/01\/IMG_9410-300x169.jpg 300w, https:\/\/www.cnbb.org.br\/wp-content\/uploads\/2024\/01\/IMG_9410-1024x576.jpg 1024w, https:\/\/www.cnbb.org.br\/wp-content\/uploads\/2024\/01\/IMG_9410-768x432.jpg 768w, https:\/\/www.cnbb.org.br\/wp-content\/uploads\/2024\/01\/IMG_9410-1536x864.jpg 1536w, https:\/\/www.cnbb.org.br\/wp-content\/uploads\/2024\/01\/IMG_9410-2048x1152.jpg 2048w, https:\/\/www.cnbb.org.br\/wp-content\/uploads\/2024\/01\/IMG_9410-500x281.jpg 500w\" alt=\"\" width=\"300\" height=\"169\" \/><\/a><\/div>\n<\/figure>\n<figure class=\"gallery-item\">\n<div class=\"gallery-icon landscape\"><a class=\"rl-gallery-link\" title=\"\" href=\"https:\/\/www.cnbb.org.br\/wp-content\/uploads\/2024\/01\/IMG_9375-scaled.jpg\" data-rl_title=\"\" data-rl_caption=\"\" data-rel=\"lightbox-gallery-2\"><img loading=\"lazy\" decoding=\"async\" class=\"attachment-medium size-medium\" src=\"https:\/\/www.cnbb.org.br\/wp-content\/uploads\/2024\/01\/IMG_9375-300x169.jpg\" sizes=\"auto, (max-width: 300px) 100vw, 300px\" srcset=\"https:\/\/www.cnbb.org.br\/wp-content\/uploads\/2024\/01\/IMG_9375-300x169.jpg 300w, https:\/\/www.cnbb.org.br\/wp-content\/uploads\/2024\/01\/IMG_9375-1024x576.jpg 1024w, https:\/\/www.cnbb.org.br\/wp-content\/uploads\/2024\/01\/IMG_9375-768x432.jpg 768w, https:\/\/www.cnbb.org.br\/wp-content\/uploads\/2024\/01\/IMG_9375-1536x864.jpg 1536w, https:\/\/www.cnbb.org.br\/wp-content\/uploads\/2024\/01\/IMG_9375-2048x1152.jpg 2048w, https:\/\/www.cnbb.org.br\/wp-content\/uploads\/2024\/01\/IMG_9375-500x281.jpg 500w\" alt=\"\" width=\"300\" height=\"169\" \/><\/a><\/div>\n<\/figure>\n<\/div>\n<p style=\"text-align: justify;\">\n<p style=\"text-align: justify;\">\n<pre>Fotos: Sistema Can\u00e7\u00e3o Nova de Comunica\u00e7\u00e3o\/ Leonardo Vieira Leite<\/pre>\n","protected":false},"excerpt":{"rendered":"<p>Nessa semana, de 8 a 12 de janeiro, a presid\u00eancia da Confer\u00eancia Nacional dos Bispos do Brasil (CNBB) cumpre a miss\u00e3o anual de visitar diferentes Dicast\u00e9rios da C\u00faria Romana, no Vaticano. Esta \u00e9 a primeira vez que a atual presid\u00eancia participa dessa agenda. Integram a comitiva o arcebispo de porto alegre e presidente da CNBB, [&hellip;]<\/p>\n","protected":false},"author":1,"featured_media":86484,"comment_status":"open","ping_status":"closed","sticky":false,"template":"","format":"standard","meta":{"footnotes":""},"categories":[7],"tags":[],"class_list":["post-86483","post","type-post","status-publish","format-standard","has-post-thumbnail","hentry","category-cnbb"],"_links":{"self":[{"href":"https:\/\/catolicanet.net\/wp-cnet\/wp-json\/wp\/v2\/posts\/86483","targetHints":{"allow":["GET"]}}],"collection":[{"href":"https:\/\/catolicanet.net\/wp-cnet\/wp-json\/wp\/v2\/posts"}],"about":[{"href":"https:\/\/catolicanet.net\/wp-cnet\/wp-json\/wp\/v2\/types\/post"}],"author":[{"embeddable":true,"href":"https:\/\/catolicanet.net\/wp-cnet\/wp-json\/wp\/v2\/users\/1"}],"replies":[{"embeddable":true,"href":"https:\/\/catolicanet.net\/wp-cnet\/wp-json\/wp\/v2\/comments?post=86483"}],"version-history":[{"count":1,"href":"https:\/\/catolicanet.net\/wp-cnet\/wp-json\/wp\/v2\/posts\/86483\/revisions"}],"predecessor-version":[{"id":86486,"href":"https:\/\/catolicanet.net\/wp-cnet\/wp-json\/wp\/v2\/posts\/86483\/revisions\/86486"}],"wp:featuredmedia":[{"embeddable":true,"href":"https:\/\/catolicanet.net\/wp-cnet\/wp-json\/wp\/v2\/media\/86484"}],"wp:attachment":[{"href":"https:\/\/catolicanet.net\/wp-cnet\/wp-json\/wp\/v2\/media?parent=86483"}],"wp:term":[{"taxonomy":"category","embeddable":true,"href":"https:\/\/catolicanet.net\/wp-cnet\/wp-json\/wp\/v2\/categories?post=86483"},{"taxonomy":"post_tag","embeddable":true,"href":"https:\/\/catolicanet.net\/wp-cnet\/wp-json\/wp\/v2\/tags?post=86483"}],"curies":[{"name":"wp","href":"https:\/\/api.w.org\/{rel}","templated":true}]}}