{"id":86446,"date":"2024-01-08T09:19:56","date_gmt":"2024-01-08T12:19:56","guid":{"rendered":"https:\/\/catolicanet.net\/wp-cnet\/?p=86446"},"modified":"2024-01-08T11:21:28","modified_gmt":"2024-01-08T14:21:28","slug":"cinco-coisas-que-talvez-nao-saiba-sobre-o-batismo-catolico","status":"publish","type":"post","link":"https:\/\/catolicanet.net\/wp-cnet\/cinco-coisas-que-talvez-nao-saiba-sobre-o-batismo-catolico\/","title":{"rendered":"Cinco coisas que talvez n\u00e3o saiba sobre o Batismo cat\u00f3lico"},"content":{"rendered":"<p style=\"text-align: justify;\">\u201cPelo Batismo, somos libertos do pecado e regenerados como filhos de Deus: tornamo-nos membros de Cristo e somos incorporados na Igreja e tornados participantes na sua miss\u00e3o\u201d, diz o Catecismo da Igreja Cat\u00f3lica (CCI 1213). A seguir, confira cinco coisas que talvez n\u00e3o saiba sobre este sacramento, porta para os outros sacramentos.<\/p>\n<p style=\"text-align: justify;\"><strong>1. Iniciou-se com os Ap\u00f3stolos<\/strong><\/p>\n<p style=\"text-align: justify;\">\u201cDesde o dia de Pentecostes que a Igreja vem celebrando e administrando o santo Batismo. Com efeito, S\u00e3o Pedro declara \u00e0 multid\u00e3o, abalada pela sua prega\u00e7\u00e3o: \u2018convertei-vos (&#8230;) e pe\u00e7a cada um de v\u00f3s o Batismo em nome de Jesus Cristo, para vos serem perdoados os pecados. Recebereis ent\u00e3o o dom do Esp\u00edrito Santo\u2019 (Atos dos ap\u00f3stolos 2,38)\u201d (CCI 1226).<\/p>\n<p style=\"text-align: justify;\">Santo Higino, papa aproximadamente entre os anos 138 e 142, instituiu o padrinho e a madrinha no batismo dos rec\u00e9m-nascidos, para que guiassem os pequenos na vida crist\u00e3.<\/p>\n<p style=\"text-align: justify;\"><strong>2. Tem v\u00e1rios nomes<\/strong><\/p>\n<p style=\"text-align: justify;\">Batizar, do grego \u201cbaptizein\u201d, significa \u201cmergulhar\u201d ou \u201cimergir dentro da \u00e1gua\u201d. Esta imers\u00e3o simboliza \u201ca sepultura do catec\u00fameno na morte de Cristo, de onde sai pela ressurrei\u00e7\u00e3o com Ele\u201d (CCI 1214).<\/p>\n<p style=\"text-align: justify;\">Este Sacramento tamb\u00e9m \u00e9 chamado \u201cbanho da regenera\u00e7\u00e3o e de renova\u00e7\u00e3o no Esp\u00edrito Santo\u201d, assim como \u201cilumina\u00e7\u00e3o\u201d porque o batizado se converte em \u201cfilhos da luz\u201d.<\/p>\n<p style=\"text-align: justify;\">S\u00e3o Greg\u00f3rio Nazianzeno dizia que o batismo \u00e9 um \u201cdom, porque \u00e9 concedido aos que nada t\u00eam; gra\u00e7a, porque \u00e9 dado tamb\u00e9m aos culpados; batismo, porque o pecado \u00e9 sepultado na \u00e1gua; un\u00e7\u00e3o, porque \u00e9 sagrado e r\u00e9gio (assim se tornam os que s\u00e3o ungidos); ilumina\u00e7\u00e3o, porque \u00e9 luz resplendente; veste, porque cobre a nossa vergonha; banho, porque nos lava; selo, porque nos preserva e \u00e9 sinal do poder de Deus\u201d.<\/p>\n<p style=\"text-align: justify;\"><strong>3. Renova-se a cada ano<\/strong><\/p>\n<p style=\"text-align: justify;\">\u201cEm todos os batizados, crian\u00e7as ou adultos, a f\u00e9 deve crescer depois do Batismo. \u00c9 por isso que a Igreja celebra todos os anos, na Vig\u00edlia Pascal, a renova\u00e7\u00e3o das promessas do Batismo. A prepara\u00e7\u00e3o para o Batismo conduz apenas ao umbral da vida nova. O Batismo \u00e9 a fonte da vida nova em Cristo, donde jorra toda a vida crist\u00e3\u201d (CCI 1254).<\/p>\n<p style=\"text-align: justify;\"><strong>4. Um n\u00e3o batizado pode batizar<\/strong><\/p>\n<p style=\"text-align: justify;\">Diz o Catecismo da Igreja Cat\u00f3lica (1256) que \u201cs\u00e3o ministros ordin\u00e1rios do Batismo o bispo e o presb\u00edtero e, na Igreja latina, tamb\u00e9m o di\u00e1cono (cf CIC, can. 861,1; CCEO, can. 677,1). Em caso de real necessidade, qualquer pessoa, mesmo n\u00e3o batizada, pode batizar (cf CIC, can 861, \u00a7 2) se tiver a inten\u00e7\u00e3o requerida e utiliza a f\u00f3rmula batismal trinit\u00e1ria\u201d.<\/p>\n<p style=\"text-align: justify;\">\u201cA inten\u00e7\u00e3o requerida consiste em querer fazer o que a Igreja faz ao batizar. A Igreja v\u00ea a raz\u00e3o desta possibilidade na vontade salv\u00edfica universal de Deus (cf 1 Tm 2,4) e na necessidade que o Batismo tem para a salva\u00e7\u00e3o (cf Mc 16,16)\u201d.<\/p>\n<p style=\"text-align: justify;\"><strong>5. Selo \u00fanico e permanente<\/strong><\/p>\n<p style=\"text-align: justify;\">\u201cO Batismo marca o crist\u00e3o com um selo espiritual indel\u00e9vel (<em>charactere<\/em>) da sua perten\u00e7a a Cristo. Esta marca n\u00e3o \u00e9 apagada por nenhum pecado, embora o pecado impe\u00e7a o Batismo de produzir frutos de salva\u00e7\u00e3o (cf DS 1609-1619). Ministrado uma vez por todas, o Batismo n\u00e3o pode ser repetido\u201d (CCI 1272).<\/p>\n","protected":false},"excerpt":{"rendered":"<p>\u201cPelo Batismo, somos libertos do pecado e regenerados como filhos de Deus: tornamo-nos membros de Cristo e somos incorporados na Igreja e tornados participantes na sua miss\u00e3o\u201d, diz o Catecismo da Igreja Cat\u00f3lica (CCI 1213). A seguir, confira cinco coisas que talvez n\u00e3o saiba sobre este sacramento, porta para os outros sacramentos. 1. Iniciou-se com [&hellip;]<\/p>\n","protected":false},"author":1,"featured_media":86447,"comment_status":"open","ping_status":"closed","sticky":false,"template":"","format":"standard","meta":{"footnotes":""},"categories":[4,13],"tags":[],"class_list":["post-86446","post","type-post","status-publish","format-standard","has-post-thumbnail","hentry","category-cotidiano","category-featured"],"_links":{"self":[{"href":"https:\/\/catolicanet.net\/wp-cnet\/wp-json\/wp\/v2\/posts\/86446","targetHints":{"allow":["GET"]}}],"collection":[{"href":"https:\/\/catolicanet.net\/wp-cnet\/wp-json\/wp\/v2\/posts"}],"about":[{"href":"https:\/\/catolicanet.net\/wp-cnet\/wp-json\/wp\/v2\/types\/post"}],"author":[{"embeddable":true,"href":"https:\/\/catolicanet.net\/wp-cnet\/wp-json\/wp\/v2\/users\/1"}],"replies":[{"embeddable":true,"href":"https:\/\/catolicanet.net\/wp-cnet\/wp-json\/wp\/v2\/comments?post=86446"}],"version-history":[{"count":1,"href":"https:\/\/catolicanet.net\/wp-cnet\/wp-json\/wp\/v2\/posts\/86446\/revisions"}],"predecessor-version":[{"id":86449,"href":"https:\/\/catolicanet.net\/wp-cnet\/wp-json\/wp\/v2\/posts\/86446\/revisions\/86449"}],"wp:featuredmedia":[{"embeddable":true,"href":"https:\/\/catolicanet.net\/wp-cnet\/wp-json\/wp\/v2\/media\/86447"}],"wp:attachment":[{"href":"https:\/\/catolicanet.net\/wp-cnet\/wp-json\/wp\/v2\/media?parent=86446"}],"wp:term":[{"taxonomy":"category","embeddable":true,"href":"https:\/\/catolicanet.net\/wp-cnet\/wp-json\/wp\/v2\/categories?post=86446"},{"taxonomy":"post_tag","embeddable":true,"href":"https:\/\/catolicanet.net\/wp-cnet\/wp-json\/wp\/v2\/tags?post=86446"}],"curies":[{"name":"wp","href":"https:\/\/api.w.org\/{rel}","templated":true}]}}