{"id":86434,"date":"2024-01-07T11:12:19","date_gmt":"2024-01-07T14:12:19","guid":{"rendered":"https:\/\/catolicanet.net\/wp-cnet\/?p=86434"},"modified":"2024-01-08T11:13:30","modified_gmt":"2024-01-08T14:13:30","slug":"comece-sua-preparacao-para-a-campanha-da-fraternidade-2024-cujo-tema-e-amizade-social-com-os-subsidios-da-edicoes-cnbb","status":"publish","type":"post","link":"https:\/\/catolicanet.net\/wp-cnet\/comece-sua-preparacao-para-a-campanha-da-fraternidade-2024-cujo-tema-e-amizade-social-com-os-subsidios-da-edicoes-cnbb\/","title":{"rendered":"COMECE SUA PREPARA\u00c7\u00c3O PARA A CAMPANHA DA FRATERNIDADE 2024, CUJO TEMA \u00c9 \u201cAMIZADE SOCIAL\u201d, COM OS SUBS\u00cdDIOS DA EDI\u00c7\u00d5ES CNBB"},"content":{"rendered":"<p style=\"text-align: justify;\">Encontram-se dispon\u00edveis para aquisi\u00e7\u00e3o os materiais da Campanha da Fraternidade (CF) 2024, sobre a Amizade Social. Al\u00e9m do texto-base, s\u00e3o oferecidos diversos subs\u00eddios para aprofundamento e medita\u00e7\u00e3o do tema proposto para a Quaresma do pr\u00f3ximo ano. O ano de 2024 marca os 60 anos de mobiliza\u00e7\u00e3o da Campanha da Fraternidade em todo o Brasil. O tema escolhido para a ocasi\u00e3o \u00e9 \u201cFraternidade e amizade social\u201d e o lema \u201cV\u00f3s sois todos irm\u00e3os e irm\u00e3s\u201d (Mt 23,8).<\/p>\n<p style=\"text-align: justify;\">O texto base \u00e9 o principal material da campanha, a reflex\u00e3o fundamental que sustenta o caminho da CF. De acordo com a editora, \u201cele prop\u00f5e despertar, de acordo com o tema e o lema, a beleza da fraternidade humana aberta a todos, para al\u00e9m dos nossos gostos, afetos e prefer\u00eancias, em um caminho de verdadeira penit\u00eancia e convers\u00e3o\u201d.<\/p>\n<p style=\"text-align: justify;\">O\u00a0<a href=\"https:\/\/www.edicoescnbb.com.br\/cnbb-e-pastoral\/campanha-da-fraternidade\" target=\"_blank\" rel=\"noopener\">conjunto de lan\u00e7amentos sobre a CF<\/a>\u00a0conta com subs\u00eddios que j\u00e1 fazem parte tradicionalmente das publica\u00e7\u00f5es oferecidas, como roteiros para c\u00edrculos b\u00edblicos, CF na Catequese e CF na Escola. Tamb\u00e9m s\u00e3o apresentadas novidades, como o roteiro com as medita\u00e7\u00f5es da Via Sacra e da\u00a0<em>Via Lucis<\/em>, o Ter\u00e7o da Amizade Social e o subs\u00eddio com roteiros para Adora\u00e7\u00e3o Eucar\u00edstica, Celebra\u00e7\u00e3o Penitencial e Celebra\u00e7\u00e3o Ecum\u00eanica.\u00a0A editora tamb\u00e9m oferta impressos de divulga\u00e7\u00e3o como o cartaz, cart\u00e3o-postal, banners e adesivos.<\/p>\n<p style=\"text-align: justify;\"><strong>Saiba quais s\u00e3o os materiais oferecidos neste ano:<\/strong><\/p>\n<p style=\"text-align: justify;\">\n<h5 style=\"text-align: justify;\"><img loading=\"lazy\" decoding=\"async\" class=\"alignleft\" src=\"https:\/\/images.tcdn.com.br\/img\/img_prod\/1076813\/cf_2024_texto_base_1951_1_7abc8da6cf75367d470e727a6d3400d8.png\" width=\"134\" height=\"140\" \/><strong>Texto-base da CF 2024<\/strong><\/h5>\n<p style=\"text-align: justify;\">O Texto-Base da Campanha da Fraternidade 2024 \u00e9 a reflex\u00e3o fundamental que sustenta o caminho da CF.<\/p>\n<p style=\"text-align: justify;\">\n<h5 style=\"text-align: justify;\"><\/h5>\n<h5 style=\"text-align: justify;\"><img loading=\"lazy\" decoding=\"async\" class=\"alignleft\" src=\"https:\/\/images.tcdn.com.br\/img\/img_prod\/1076813\/cf_2024_cf_na_escola_ensino_medio_1939_1_0210e68f871881d05562a92f981cca64.png\" alt=\"CF 2024 - CF na Escola - Ensino M\u00e9dio\" width=\"134\" height=\"140\" \/><strong>CF na Escola<\/strong><\/h5>\n<p style=\"text-align: justify;\">S\u00e3o tr\u00eas subs\u00eddios voltados para os educadores cat\u00f3licos que querem semear em seus alunos o esp\u00edrito da CF 2024 com o tema \u201cFraternidade e amizade social\u201d. Sendo um para cada etapa do ensino (Fundamental I e II e Ensino M\u00e9dio), o material oferece cinco planos de aula sobre a CF contendo atividades a serem desenvolvidas nas aulas de ensino religioso ou outras.<\/p>\n<p style=\"text-align: justify;\">\n<h5 style=\"text-align: justify;\"><img loading=\"lazy\" decoding=\"async\" class=\"alignleft\" src=\"https:\/\/images.tcdn.com.br\/img\/img_prod\/1076813\/cf_2024_circulos_biblicos_1941_1_dc093774d7cf3c08fb1857580529c2c3.png\" alt=\"CF 2024 - C\u00edrculos B\u00edblicos\" width=\"134\" height=\"140\" \/><strong>C\u00edrculos B\u00edblicos<\/strong><\/h5>\n<p style=\"text-align: justify;\">O subs\u00eddio C\u00edrculos B\u00edblicos \u00e9 ideal para que as pessoas possam se reunir em pequenos grupos e, assim, inspiradas nas Sagradas Escrituras, fazerem estudos e reflex\u00f5es quaresmais sobre a Campanha da Fraternidade 2024, por meio de cinco roteiros.<\/p>\n<p style=\"text-align: justify;\">\n<h5 style=\"text-align: justify;\"><\/h5>\n<h5 style=\"text-align: justify;\"><img loading=\"lazy\" decoding=\"async\" class=\"alignleft\" src=\"https:\/\/images.tcdn.com.br\/img\/img_prod\/1076813\/cf_2024_cf_na_catequese_com_criancas_e_as_dores_de_maria_1949_1_56a93574cc72122cf767b28704686d92.png\" alt=\"CF 2024 - CF na Catequese com Crian\u00e7as e as Dores de Maria\" width=\"133\" height=\"140\" \/><strong>CF na Catequese com Crian\u00e7as e as Dores de Maria<\/strong><\/h5>\n<p style=\"text-align: justify;\">Este subs\u00eddio oferece 3 roteiros catequ\u00e9ticos para desenvolver o tema da CF 2024 \u201cFraternidade e amizade social\u201d com crian\u00e7as e uma celebra\u00e7\u00e3o adaptada das 7 Dores de Maria em sua participa\u00e7\u00e3o na Paix\u00e3o de Jesus. Tamb\u00e9m \u00e9 oferecido o material para catequese com adolescentes.<\/p>\n<p style=\"text-align: justify;\">\n<h5 style=\"text-align: justify;\"><img loading=\"lazy\" decoding=\"async\" class=\"alignleft\" src=\"https:\/\/images.tcdn.com.br\/img\/img_prod\/1076813\/cf_2024_adoracao_eucaristica_celebracao_penitencial_e_celebracao_ecumenica_1917_1_6b277af4f610276e7ce9f316615eec54.png\" alt=\"CF 2024 - Adora\u00e7\u00e3o Eucar\u00edstica, Celebra\u00e7\u00e3o Penitencial e Celebra\u00e7\u00e3o Ecum\u00eanica\" width=\"134\" height=\"140\" \/><strong>Adora\u00e7\u00e3o Eucar\u00edstica, Celebra\u00e7\u00e3o Penitencial e Celebra\u00e7\u00e3o Ecum\u00eanica<\/strong><\/h5>\n<p style=\"text-align: justify;\">Novo subs\u00eddio para a CF 2024! S\u00e3o tr\u00eas roteiros em um \u00fanico volume. O roteiro para a Adora\u00e7\u00e3o Eucar\u00edstica visa oferecer a todas as pessoas e grupos que desejam passar uma hora em adora\u00e7\u00e3o ao Sant\u00edssimo Sacramento. O roteiro para a Celebra\u00e7\u00e3o Penitencial oferece uma celebra\u00e7\u00e3o que pode ser realizada como celebra\u00e7\u00e3o da penit\u00eancia presidida por ministro leigo em qualquer comunidade urbana ou rural, em um dia da Quaresma; pode ser presidida por um presb\u00edtero tornando-se oportunamente um ato penitencial com absolvi\u00e7\u00e3o geral ou pode ser uma celebra\u00e7\u00e3o que precede e prepara para o in\u00edcio do mutir\u00e3o, com diversos padres dispostos a atender confiss\u00f5es individuais. O roteiro para a Celebra\u00e7\u00e3o Ecum\u00eanica, por sua vez, pode ser utilizado quando duas ou mais comunidades crist\u00e3s de distintas confiss\u00f5es desejam rezar juntas ou mesmo para um tempo de ora\u00e7\u00e3o em uma escola, empresa, ou grupo de amigos em que nem todos professam a f\u00e9 crist\u00e3 da mesma forma.<\/p>\n<p style=\"text-align: justify;\">\n<h5 style=\"text-align: justify;\"><img loading=\"lazy\" decoding=\"async\" class=\"alignleft\" src=\"https:\/\/images.tcdn.com.br\/img\/img_prod\/1076813\/cf_2024_terco_da_amizade_social_1911_1_a7f9a281c70b183eaf69127663100d61.jpeg\" alt=\"CF 2024 - Ter\u00e7o da Amizade Social\" width=\"134\" height=\"140\" \/><strong>Ter\u00e7o da Amizade Social<\/strong><\/h5>\n<p style=\"text-align: justify;\">Novo subs\u00eddio para a CF 2024. Trata-se de um roteiro de medita\u00e7\u00f5es para os Mist\u00e9rios do Ros\u00e1rio baseadas no tema da CF, a fim de subsidiar os grupos que se unem para rezar o ter\u00e7o.<\/p>\n<p style=\"text-align: justify;\">\n<h5 style=\"text-align: justify;\"><strong><img loading=\"lazy\" decoding=\"async\" class=\" wp-image-956823 alignleft\" src=\"https:\/\/www.cnbb.org.br\/wp-content\/uploads\/2024\/01\/Via-Sacra-e-Via-Lucis-300x292.png\" sizes=\"auto, (max-width: 138px) 100vw, 138px\" srcset=\"https:\/\/www.cnbb.org.br\/wp-content\/uploads\/2024\/01\/Via-Sacra-e-Via-Lucis-300x292.png 300w, https:\/\/www.cnbb.org.br\/wp-content\/uploads\/2024\/01\/Via-Sacra-e-Via-Lucis.png 428w\" alt=\"\" width=\"138\" height=\"135\" \/>Via-Sacra e Via Lucis<\/strong><\/h5>\n<p style=\"text-align: justify;\">Novo subs\u00eddio para a CF 2024. Este subs\u00eddio apresenta um roteiro com a medita\u00e7\u00e3o das 14 esta\u00e7\u00f5es da Via-Sacra para a Quaresma e das 14 esta\u00e7\u00f5es da Via-Lucis para o Tempo Pascal, a partir do tema da CF 2024: \u201cFraternidade e Amizade Social\u201d, que deseja ajudar as comunidades na medita\u00e7\u00e3o desses piedosos exerc\u00edcios.<\/p>\n<h5 style=\"text-align: justify;\"><strong><img loading=\"lazy\" decoding=\"async\" class=\" wp-image-956825 alignleft\" src=\"https:\/\/www.cnbb.org.br\/wp-content\/uploads\/2024\/01\/Retiro-popular-292x300.png\" sizes=\"auto, (max-width: 137px) 100vw, 137px\" srcset=\"https:\/\/www.cnbb.org.br\/wp-content\/uploads\/2024\/01\/Retiro-popular-292x300.png 292w, https:\/\/www.cnbb.org.br\/wp-content\/uploads\/2024\/01\/Retiro-popular.png 402w\" alt=\"\" width=\"137\" height=\"141\" \/>Retiro Popular Quaresmal<\/strong><\/h5>\n<p style=\"text-align: justify;\">O Retiro Popular Quaresmal auxilia os crist\u00e3os a transformarem toda a sua Quaresma em um grande retiro, com sugest\u00f5es de ora\u00e7\u00f5es e a\u00e7\u00f5es pessoais di\u00e1rias, bem como encontros comunit\u00e1rios semanais de ora\u00e7\u00e3o e reflex\u00e3o. Todas as medita\u00e7\u00f5es s\u00e3o guiadas pelo tema e pelo lema da CF: \u201cFraternidade e Amizade Social\u201d e \u201cV\u00f3s sois todos irm\u00e3os e irm\u00e3s\u201d (cf. Mt 23,8).<\/p>\n<h5 style=\"text-align: justify;\"><strong><img loading=\"lazy\" decoding=\"async\" class=\"wp-image-956829 alignleft\" src=\"https:\/\/www.cnbb.org.br\/wp-content\/uploads\/2024\/01\/Jovens-na-CF-283x300.png\" sizes=\"auto, (max-width: 137px) 100vw, 137px\" srcset=\"https:\/\/www.cnbb.org.br\/wp-content\/uploads\/2024\/01\/Jovens-na-CF-283x300.png 283w, https:\/\/www.cnbb.org.br\/wp-content\/uploads\/2024\/01\/Jovens-na-CF.png 387w\" alt=\"\" width=\"137\" height=\"145\" \/>Jovens na CF<\/strong><\/h5>\n<p style=\"text-align: justify;\">O subs\u00eddio \u201cJovens na CF\u201d apresenta um roteiro destinado aos diversos Grupos de Jovens de nossas comunidades, a fim de caminharem em sintonia com a CF 2024 e seu tema: \u201cFraternidade e Amizade Social\u201d. Ele oferece roteiros para a Leitura Orante da Palavra, roda de conversa e encontros de jovens.<\/p>\n<h5 style=\"text-align: justify;\"><\/h5>\n<h5 style=\"text-align: justify;\"><strong><img loading=\"lazy\" decoding=\"async\" class=\" wp-image-956833 alignleft\" src=\"https:\/\/www.cnbb.org.br\/wp-content\/uploads\/2024\/01\/CF-Universidade-300x293.png\" sizes=\"auto, (max-width: 146px) 100vw, 146px\" srcset=\"https:\/\/www.cnbb.org.br\/wp-content\/uploads\/2024\/01\/CF-Universidade-300x293.png 300w, https:\/\/www.cnbb.org.br\/wp-content\/uploads\/2024\/01\/CF-Universidade.png 410w\" alt=\"\" width=\"146\" height=\"143\" \/>CF na Universidade<\/strong><\/h5>\n<p style=\"text-align: justify;\">Este subs\u00eddio oferece um roteiro para professores e alunos das universidades se encontrarem e refletirem sobre o tema da CF no ambiente universit\u00e1rio. Tem o objetivo de ser um facilitador para as reuni\u00f5es propostas aos jovens e adultos de todas as idades, com sugest\u00f5es de planejamento para atividades a serem realizadas com foco no tema da CF 2024: \u201cFraternidade e Amizade Social\u201d.<\/p>\n<h5 style=\"text-align: justify;\"><strong><img loading=\"lazy\" decoding=\"async\" class=\" wp-image-956834 alignleft\" src=\"https:\/\/www.cnbb.org.br\/wp-content\/uploads\/2024\/01\/CF-Familia-293x300.png\" sizes=\"auto, (max-width: 160px) 100vw, 160px\" srcset=\"https:\/\/www.cnbb.org.br\/wp-content\/uploads\/2024\/01\/CF-Familia-293x300.png 293w, https:\/\/www.cnbb.org.br\/wp-content\/uploads\/2024\/01\/CF-Familia.png 399w\" alt=\"\" width=\"160\" height=\"164\" \/>CF em Fam\u00edlia<\/strong><\/h5>\n<p style=\"text-align: justify;\">CF em Fam\u00edlia \u00e9 um subs\u00eddio que cont\u00e9m roteiros de encontros a serem realizados pelas fam\u00edlias ou em grupos, visando \u00e0 reflex\u00e3o sobre o tema e o lema da Campanha da Fraternidade 2024. Os 6 encontros s\u00e3o elaborados de forma orante, com cantos, leitura da Palavra de Deus e perguntas que orientam um debate contemplativo sobre a rela\u00e7\u00e3o entre \u201cFraternidade e Amizade Social\u201d.<\/p>\n<h5 style=\"text-align: justify;\"><strong>Fraternidade e Amizade Social na Economia de Francisco e Clara<\/strong><\/h5>\n<p style=\"text-align: justify;\">Novidade na CF 2024! Este subs\u00eddio vir\u00e1 em forma de 6 epis\u00f3dios de podcasts durante a Quaresma, oferecendo reflex\u00f5es comuns entre a CF e a Economia de Francisco e Clara.<\/p>\n<h5 style=\"text-align: justify;\"><strong><img loading=\"lazy\" decoding=\"async\" class=\" wp-image-956837 alignleft\" src=\"https:\/\/www.cnbb.org.br\/wp-content\/uploads\/2024\/01\/CF-Amazonia-1-296x300.png\" sizes=\"auto, (max-width: 165px) 100vw, 165px\" srcset=\"https:\/\/www.cnbb.org.br\/wp-content\/uploads\/2024\/01\/CF-Amazonia-1-296x300.png 296w, https:\/\/www.cnbb.org.br\/wp-content\/uploads\/2024\/01\/CF-Amazonia-1.png 402w\" alt=\"\" width=\"165\" height=\"167\" \/>Fraternidade e Amizade Social na Amaz\u00f4nia<\/strong><\/h5>\n<p style=\"text-align: justify;\">Neste subs\u00eddio s\u00e3o oferecidas reflex\u00f5es comuns entre a CF e a Amaz\u00f4nia, este bioma t\u00e3o importante para o Brasil e o mundo. Nele encontramos formas pr\u00f3prias e enriquecedoras de se tratar e aprofundar o tema da CF. Pode ser utilizado para enriquecimento pessoal ou em grupos, que leem cada um dos textos e partilham suas respostas \u00e0s quest\u00f5es propostas.<\/p>\n<h5 style=\"text-align: justify;\"><strong>Manual<\/strong><\/h5>\n<p style=\"text-align: justify;\">Essa publica\u00e7\u00e3o \u00e9 o conjunto de todos os subs\u00eddios em um \u00fanico volume para facilitar o acesso ao material completo produzido para a CF 2024.<\/p>\n<p style=\"text-align: justify;\"><strong>Para adquirir o material:\u00a0<\/strong><a href=\"https:\/\/www.edicoescnbb.com.br\/cnbb-e-pastoral\/campanha-da-fraternidade\" target=\"_blank\" rel=\"noopener\"><em><strong>Visite o site da Edi\u00e7\u00f5es CNBB<\/strong><\/em><\/a><a href=\"https:\/\/www.edicoescnbb.com.br\/cnbb-e-pastoral\/campanha-da-fraternidade\" target=\"_blank\" rel=\"noopener\"><img loading=\"lazy\" decoding=\"async\" class=\"aligncenter\" title=\"materiais CF 2024\" src=\"https:\/\/campanhadafraternidade.com.br\/wp-content\/uploads\/2023\/09\/banner-CF2024-2.png\" alt=\"\" width=\"1600\" height=\"975\" \/><\/a><\/p>\n<p>&nbsp;<\/p>\n","protected":false},"excerpt":{"rendered":"<p>Encontram-se dispon\u00edveis para aquisi\u00e7\u00e3o os materiais da Campanha da Fraternidade (CF) 2024, sobre a Amizade Social. Al\u00e9m do texto-base, s\u00e3o oferecidos diversos subs\u00eddios para aprofundamento e medita\u00e7\u00e3o do tema proposto para a Quaresma do pr\u00f3ximo ano. O ano de 2024 marca os 60 anos de mobiliza\u00e7\u00e3o da Campanha da Fraternidade em todo o Brasil. O [&hellip;]<\/p>\n","protected":false},"author":1,"featured_media":86435,"comment_status":"open","ping_status":"closed","sticky":false,"template":"","format":"standard","meta":{"footnotes":""},"categories":[7],"tags":[],"class_list":["post-86434","post","type-post","status-publish","format-standard","has-post-thumbnail","hentry","category-cnbb"],"_links":{"self":[{"href":"https:\/\/catolicanet.net\/wp-cnet\/wp-json\/wp\/v2\/posts\/86434","targetHints":{"allow":["GET"]}}],"collection":[{"href":"https:\/\/catolicanet.net\/wp-cnet\/wp-json\/wp\/v2\/posts"}],"about":[{"href":"https:\/\/catolicanet.net\/wp-cnet\/wp-json\/wp\/v2\/types\/post"}],"author":[{"embeddable":true,"href":"https:\/\/catolicanet.net\/wp-cnet\/wp-json\/wp\/v2\/users\/1"}],"replies":[{"embeddable":true,"href":"https:\/\/catolicanet.net\/wp-cnet\/wp-json\/wp\/v2\/comments?post=86434"}],"version-history":[{"count":1,"href":"https:\/\/catolicanet.net\/wp-cnet\/wp-json\/wp\/v2\/posts\/86434\/revisions"}],"predecessor-version":[{"id":86437,"href":"https:\/\/catolicanet.net\/wp-cnet\/wp-json\/wp\/v2\/posts\/86434\/revisions\/86437"}],"wp:featuredmedia":[{"embeddable":true,"href":"https:\/\/catolicanet.net\/wp-cnet\/wp-json\/wp\/v2\/media\/86435"}],"wp:attachment":[{"href":"https:\/\/catolicanet.net\/wp-cnet\/wp-json\/wp\/v2\/media?parent=86434"}],"wp:term":[{"taxonomy":"category","embeddable":true,"href":"https:\/\/catolicanet.net\/wp-cnet\/wp-json\/wp\/v2\/categories?post=86434"},{"taxonomy":"post_tag","embeddable":true,"href":"https:\/\/catolicanet.net\/wp-cnet\/wp-json\/wp\/v2\/tags?post=86434"}],"curies":[{"name":"wp","href":"https:\/\/api.w.org\/{rel}","templated":true}]}}